{"id":4306,"date":"2025-02-12T16:16:37","date_gmt":"2025-02-12T19:16:37","guid":{"rendered":"https:\/\/13.com.ar\/index.php\/una-deuda-y-una-indemnizacion-por-19-millones\/"},"modified":"2025-02-12T16:16:37","modified_gmt":"2025-02-12T19:16:37","slug":"una-deuda-y-una-indemnizacion-por-19-millones","status":"publish","type":"post","link":"https:\/\/13.com.ar\/index.php\/una-deuda-y-una-indemnizacion-por-19-millones\/","title":{"rendered":"una deuda y una indemnizaci\u00f3n por $ 19 millones"},"content":{"rendered":"<p> <br \/>\n<\/p>\n<div id=\"cuerpo\">\n<div class=\"sc-80531b6b-0 chRIGJ container-text text-embed\">\n<p>Sebasti\u00e1n Bil\u00f3 fue detenido en su casa de San Pedro. Estaba descalzo y apenas con un short rojo cuando se lo llevaron detenido el martes. Ahora la fiscal Mar\u00eda del Valle Viviani lo indaga por el delito de <strong>homicidio en ocasi\u00f3n de robo<\/strong>.<\/p>\n<\/div>\n<div class=\"sc-80531b6b-0 chRIGJ container-text text-embed\">\n<p>Bil\u00f3 est\u00e1 acusado de matar al licenciado en relaciones laborales, Aquiles Casta\u00f1arez Mateos (33), un joven dedicado reclutar personal en el \u00e1rea de Recursos Humanos de una empresa sampedrina.<\/p>\n<\/div>\n<div class=\"sc-80531b6b-0 chRIGJ container-text text-embed\">\n<p>En redes sociales describen a Aquiles como <strong>&#8220;alegre&#8221; y &#8220;bueno&#8221;<\/strong>. Tambi\u00e9n destacan su talento para la actuaci\u00f3n y el canto.<\/p>\n<\/div>\n<div class=\"sc-80531b6b-0 chRIGJ container-text text-embed\">\n<p>&#8220;<em>Dios m\u00edo primo, un ser tan alegre y tan bueno como vos que le hayan arrebatado la vida porque s\u00ed. Es algo muy doloroso voy a extra\u00f1ar las charlas que ten\u00edamos por Facebook pregunt\u00e1ndonos alguna que otra cosa o salud\u00e1ndonos. Los bocinazos que nos d\u00e1bamos en la calle cuando nos cruz\u00e1bamos, los abrazos que nos d\u00e1bamos cuando nos cruz\u00e1bamos en alg\u00fan lugar. Te voy a extra\u00f1ar tanto primo<\/em>&#8220;, escribi\u00f3 una familiar en sus redes.<\/p>\n<\/div>\n<div class=\"sc-80531b6b-0 chRIGJ container-text text-embed\">\n<p>Aquiles viv\u00eda en una casa sobre Frers 320, en San Pedro. El lunes por la ma\u00f1ana un vecino llam\u00f3 a su padre por <strong>una p\u00e9rdida de agua<\/strong>: el garaje estaba inundado y una canilla rota no dejaba de perder agua.<\/p>\n<\/div>\n<div class=\"sc-198be8ec-0 cynXbu image-embed  image-embed \"><picture class=\"sc-198be8ec-1 kOjRiQ\"><source media=\"(min-width: 975px)\" width=\"720\" height=\"480\" \/><img alt=\"Aquiles Casta\u00f1arez Mateos, el hombre de 33 a\u00f1os que apareci\u00f3 muerto en su casa de San Pedro.\" loading=\"lazy\" width=\"720\" height=\"480\" decoding=\"async\" data-nimg=\"1\" style=\"color:transparent\" src=\"https:\/\/13.com.ar\/wp-content\/uploads\/2025\/02\/Aparecio-muerto-dentro-de-su-casa-incendiada-en-San-Pedro.jpg\"\/><span class=\"epigraphe\">Aquiles Casta\u00f1arez Mateos, el hombre de 33 a\u00f1os que apareci\u00f3 muerto en su casa de San Pedro.<\/span><span class=\"bkg\"\/><span class=\"picture-open\"><button class=\"open-image\" aria-label=\"Open Image\"\/><\/span><\/picture><\/div>\n<div class=\"sc-80531b6b-0 chRIGJ container-text text-embed\">\n<p>Pero cuando su pap\u00e1 subi\u00f3 a buscarlo se encontr\u00f3 con una escena brutal: Aquiles estaba <strong>muerto en el living <\/strong>de su casa y un colch\u00f3n desintegrado humeaba en el suelo.<\/p>\n<\/div>\n<div class=\"sc-80531b6b-0 chRIGJ container-text text-embed\">\n<p>El auto de Aquiles no estaba y quien se lo llev\u00f3 dej\u00f3 el port\u00f3n abierto y <strong>arranc\u00f3 de cuajo una canilla <\/strong>que alert\u00f3 a los vecinos.<\/p>\n<\/div>\n<div class=\"sc-80531b6b-0 chRIGJ container-text text-embed\">\n<p>Nadie not\u00f3 el fuego ni el humo dentro del departamento que fue lo que, de acuerdo al informe preliminar de la autopsia, le quit\u00f3 la vida.<\/p>\n<\/div>\n<div class=\"sc-80531b6b-0 chRIGJ container-text text-embed\">\n<p>Los Bomberos de la zona acudieron a un llamado por un <strong>Toyota Etios blanco<\/strong> que se incendiaba a las 6.24 del lunes. Regresaron al cuartel y a las 7.09 se comunicaron por el incendio en Frers al 300.<\/p>\n<\/div>\n<div class=\"sc-80531b6b-0 chRIGJ container-text text-embed\">\n<p>Cuando llegaron el fuego ya se hab\u00eda apagado pero Aquiles hab\u00eda muerto. Los forenses detectaron en su cuerpo algunos <strong>golpes y lesiones <\/strong>de las consideradas defensivas en los <strong>brazos y en las piernas<\/strong>, pero no ten\u00eda heridas de bala o de arma blanca, de acuerdo al informe preliminar.<\/p>\n<\/div>\n<div class=\"sc-198be8ec-0 cynXbu image-embed  image-embed \"><picture class=\"sc-198be8ec-1 kOjRiQ\"><source media=\"(min-width: 975px)\" width=\"720\" height=\"480\" \/><img alt=\"El auto de Aquiles fue encontrado incendiado en el barrio Fonavi, cerca del lugar del crimen. Cr\u00e9dito La Voz de San Pedro.\" loading=\"lazy\" width=\"720\" height=\"480\" decoding=\"async\" data-nimg=\"1\" style=\"color:transparent\" src=\"https:\/\/13.com.ar\/wp-content\/uploads\/2025\/02\/una-deuda-y-una-indemnizacion-por-19-millones.jpg\"\/><span class=\"epigraphe\">El auto de Aquiles fue encontrado incendiado en el barrio Fonavi, cerca del lugar del crimen. Cr\u00e9dito La Voz de San Pedro.<\/span><span class=\"bkg\"\/><span class=\"picture-open\"><button class=\"open-image\" aria-label=\"Open Image\"\/><\/span><\/picture><\/div>\n<div class=\"sc-80531b6b-0 chRIGJ container-text text-embed\">\n<p>Los investigadores empezaron a analizar las distintas hip\u00f3tesis alrededor del hecho. \u00c9l o los agresores <strong>revolvieron toda la casa y se llevaron el celular<\/strong> de la v\u00edctima.<\/p>\n<\/div>\n<div class=\"sc-80531b6b-0 chRIGJ container-text text-embed\">\n<p>Aunque hay elementos que puedan hacer pensar en un robo, detr\u00e1s del hecho podr\u00eda haber <strong>una deuda de 100 mil pesos y una indemnizaci\u00f3n por $ 19.000.000<\/strong>.<\/p>\n<\/div>\n<div class=\"sc-80531b6b-0 chRIGJ container-text text-embed\">\n<p>Bil\u00f3 fue identificado en una c\u00e1mara de seguridad por la pareja de Aquiles, que reconoci\u00f3 al joven como <strong>la persona que le vend\u00eda drogas<\/strong>. Cuando allanaron su casa secuestraron la ropa que ten\u00eda la persona registrada en los videos.<\/p>\n<\/div>\n<p><h2>Los antecedentes del detenido por el crimen de Aquiles<\/h2>\n<\/p>\n<div class=\"sc-80531b6b-0 chRIGJ container-text text-embed\">\n<p>Seg\u00fan public\u00f3 el <em>Semanario La Opini\u00f3n de San Pedro<\/em>, Bil\u00f3 ten\u00eda antecedentes por <strong>abuso de armas <\/strong>en una causa de 2023 y otra por <strong>amenazas y lesiones agravadas<\/strong> en 2024 luego de que su pareja lo denunciara por comercializaci\u00f3n y distribuci\u00f3n de drogas.<\/p>\n<\/div>\n<div class=\"sc-80531b6b-0 chRIGJ container-text text-embed\">\n<p>Para los investigadores, Bil\u00f3 podr\u00eda haber entrado a la casa de Casta\u00f1arez Mateos para robarle por una deuda vinculada a las drogas y buscando dinero de una indemnizaci\u00f3n que hab\u00eda cobrado. Ese dinero, seg\u00fan confiaron fuentes de la investigaci\u00f3n consultadas por <strong>Clar\u00edn<\/strong>, hab\u00eda sido invertido en bonos.<\/p>\n<\/div>\n<div class=\"sc-80531b6b-0 chRIGJ container-text text-embed\">\n<p>Todav\u00eda \u2013confiaron\u2013 no est\u00e1 claro si la plata fue robada o si se trataba de un mal dato. Tampoco descartan la participaci\u00f3n de otras personas en el hecho.<\/p>\n<\/div>\n<div class=\"sc-80531b6b-0 chRIGJ container-text text-embed\">\n<p>Este mi\u00e9rcoles, bajo el lema &#8220;San Pedro dice basta&#8221;, vecinos y familiares de Casta\u00f1arez se movilizar\u00e1n este mi\u00e9rcoles a las 20.30 en Mitre y Obligado para pedir m\u00e1s seguridad en la ciudad. <\/p>\n<\/div>\n<div class=\"sc-80531b6b-0 chRIGJ container-text text-embed\">\n<p>Aquiles es el hijo de Luis Casta\u00f1arez, un <strong>subcomisario de la Bonaerense condenado a 18 a\u00f1os de prisi\u00f3n <\/strong>en 2012 por el crimen de Gonzalo Rojas, un adolescente de 18 a\u00f1os al que asesin\u00f3 en 2005.<\/p>\n<\/div>\n<div class=\"sc-80531b6b-0 chRIGJ container-text text-embed\">\n<p>El Tribunal Oral en lo Criminal N\u00ba 1 de San Pedro decidi\u00f3 condenar por unanimidad a Luis Casta\u00f1ares como autor penalmente responsable del delito de Homicidio en un caso de gatillo f\u00e1cil.<\/p>\n<\/div>\n<\/div>\n<p><br \/>\n<br \/><a href=\"https:\/\/www.clarin.com\/policiales\/pistas-detras-crimen-aquiles-san-pedro-deuda-indemnizacion-19-millones_0_12BWQJvXmN.html\">Fuente Clarin.com <\/a><\/p>\n","protected":false},"excerpt":{"rendered":"<p>Sebasti\u00e1n Bil\u00f3 fue detenido en su casa de San Pedro. Estaba descalzo y apenas con un short rojo cuando se lo llevaron detenido el martes. Ahora la fiscal Mar\u00eda del Valle Viviani lo indaga por el delito de homicidio en ocasi\u00f3n de robo. Bil\u00f3 est\u00e1 acusado de matar al licenciado en relaciones laborales, Aquiles Casta\u00f1arez [&hellip;]<\/p>\n","protected":false},"author":1,"featured_media":4025,"comment_status":"open","ping_status":"open","sticky":false,"template":"","format":"standard","meta":{"footnotes":""},"categories":[2],"tags":[3259,6364,1065,142,73],"class_list":["post-4306","post","type-post","status-publish","format-standard","has-post-thumbnail","hentry","category-ultimas-noticias","tag-deuda","tag-indemnizacion","tag-millones","tag-por","tag-una"],"_links":{"self":[{"href":"https:\/\/13.com.ar\/index.php\/wp-json\/wp\/v2\/posts\/4306","targetHints":{"allow":["GET"]}}],"collection":[{"href":"https:\/\/13.com.ar\/index.php\/wp-json\/wp\/v2\/posts"}],"about":[{"href":"https:\/\/13.com.ar\/index.php\/wp-json\/wp\/v2\/types\/post"}],"author":[{"embeddable":true,"href":"https:\/\/13.com.ar\/index.php\/wp-json\/wp\/v2\/users\/1"}],"replies":[{"embeddable":true,"href":"https:\/\/13.com.ar\/index.php\/wp-json\/wp\/v2\/comments?post=4306"}],"version-history":[{"count":0,"href":"https:\/\/13.com.ar\/index.php\/wp-json\/wp\/v2\/posts\/4306\/revisions"}],"wp:featuredmedia":[{"embeddable":true,"href":"https:\/\/13.com.ar\/index.php\/wp-json\/wp\/v2\/media\/4025"}],"wp:attachment":[{"href":"https:\/\/13.com.ar\/index.php\/wp-json\/wp\/v2\/media?parent=4306"}],"wp:term":[{"taxonomy":"category","embeddable":true,"href":"https:\/\/13.com.ar\/index.php\/wp-json\/wp\/v2\/categories?post=4306"},{"taxonomy":"post_tag","embeddable":true,"href":"https:\/\/13.com.ar\/index.php\/wp-json\/wp\/v2\/tags?post=4306"}],"curies":[{"name":"wp","href":"https:\/\/api.w.org\/{rel}","templated":true}]}}