{"id":4304,"date":"2025-02-12T16:12:39","date_gmt":"2025-02-12T19:12:39","guid":{"rendered":"https:\/\/13.com.ar\/index.php\/el-video-viral-del-fuck-you-de-los-famosos-contra-kanye-west-fue-creado-con-ia\/"},"modified":"2025-02-12T16:12:39","modified_gmt":"2025-02-12T19:12:39","slug":"el-video-viral-del-fuck-you-de-los-famosos-contra-kanye-west-fue-creado-con-ia","status":"publish","type":"post","link":"https:\/\/13.com.ar\/index.php\/el-video-viral-del-fuck-you-de-los-famosos-contra-kanye-west-fue-creado-con-ia\/","title":{"rendered":"El video viral del &#8220;Fuck you&#8221; de los famosos contra Kanye West fue creado con IA"},"content":{"rendered":"<p> <br \/>\n<br \/><img decoding=\"async\" src=\"https:\/\/13.com.ar\/wp-content\/uploads\/2025\/02\/El-video-viral-del-Fuck-you-de-los-famosos-contra.jpg\" \/><\/p>\n<div>\n<p>Durante la ma\u00f1ana del mi\u00e9rcoles 12 de febrero se viraliz\u00f3 en las redes sociales un video donde las estrellas de Hollywood se mostraban unidas para protestar contra el antisemitismo de <strong>Kanye West<\/strong>. <\/p>\n<\/div>\n<div>\n<p>Entre otros, aparecieron celebridades jud\u00edas como <strong>David Schwimmer, Steven Spielberg, Jerry Seinfeld, Adam Sandler, Scarlett Johansson y Sacha Baron Cohen<\/strong>, todos luciendo una remera anti-Kanye con el dibujo de un dedo \u00edndice haciendo &#8220;Fuck you&#8221;.<\/p>\n<\/div>\n<div>\n<p>Lo que se supo unas horas despu\u00e9s es que <strong>el video de protesta fue generado usando IA<\/strong>. Se desconoce el creador del video y presumiblemente no obtuvo permiso de ninguna de las celebridades para usar su imagen. Fue Scarlett Johanssen la primera que sali\u00f3 a aclarar todo.<\/p>\n<\/div>\n<div>\n<p>El video apreci\u00f3 tras los comentarios antisemitas de West en las redes sociales y la venta de una remera blanca en su sitio web marcada con una esv\u00e1stica, luego de un anuncio del Super Bowl. El v\u00eddeo concluye con las palabras \u201cYa basta\u201d y \u201c\u00danase a la lucha contra el antisemitismo\u201d. <\/p>\n<\/div>\n<div>\n<p>El domingo por la noche, el rapero compr\u00f3 tiempo publicitario del Super Bowl en algunos mercados locales. El extra\u00f1o comercial mostraba a West en el sill\u00f3n de su dentista mostrando sus dientes con incrustaciones de diamantes. \u201cGast\u00e9 todo el dinero del comercial en estos dientes nuevos\u201d, dijo. \u201cUna vez m\u00e1s tuve que filmarla con el iPhone. Mmm, vayan a Yeezy.com\u201d.<\/p>\n<\/div>\n<div>\n<p>Los que iban al sitio web descubr\u00edan que s\u00f3lo ofrec\u00eda un art\u00edculo: una remera blanca de 20 d\u00f3lares con una esv\u00e1stica negra. Durante la posterior serie de tweets de West, el rapero tambi\u00e9n declar\u00f3 que amaba a Hitler y se llam\u00f3 a s\u00ed mismo nazi.<\/p>\n<\/div>\n<div>\n<p>Johansson hizo la siguiente aclaraci\u00f3n: \u201cMis familiares y amigos me han informado que un video generado por IA que presenta mi imagen, en respuesta a una visi\u00f3n antisemita, ha estado circulando online y ganando terreno. Soy una mujer jud\u00eda que no tolera el antisemitismo ni el discurso de odio de ning\u00fan tipo. Pero tambi\u00e9n creo firmemente que el potencial de discurso de odio multiplicado por la IA es una amenaza mucho mayor que cualquier persona que asuma la responsabilidad por ello. Debemos denunciar el mal uso de la IA, sin importar su mensaje, o corremos el riesgo de perder el control de la realidad\u201d.<\/p>\n<\/div>\n<div>\n<p>Esto no quiere decir que ninguno de los actores del v\u00eddeo haya protestado por las acciones de West en la vida real.<\/p>\n<\/div>\n<div>\n<p>La actriz <strong>Isla Fisher<\/strong> aparece en el video y anteriormente escribi\u00f3 en Instagram sobre las ventas de remeras: \u201cHola amigos, \u00bfpodr\u00edan dejar de seguir a Kanye? \u00bfSab\u00edas que esto es lo \u00fanico a la venta en su sitio web despu\u00e9s de colocar un comercial del Super Bowl? Que se joda este monstruo para siempre. No hay tolerancia para esta m**rda\u201d.<\/p>\n<\/div>\n<div>\n<p>El actor de <em>Friends <\/em>David Schwimmer recurri\u00f3 a Instagram para pedirle al jefe de X, Elon Musk, que eliminara la cuenta del rapero: \u201cNo podemos evitar que un fan\u00e1tico trastornado vomite bilis ignorante y llena de odio\u2026 pero PODEMOS dejar de darle un meg\u00e1fono, Sr. Musk. Kanye West tiene 32,7 millones de seguidores en su plataforma, X. Eso es el doble de personas que la cantidad de jud\u00edos que existen. Su enfermizo discurso de odio resulta en violencia REAL contra los jud\u00edos\u201d.<\/p>\n<\/div>\n<p><br \/>\n<br \/><a href=\"https:\/\/www.clarin.com\/espectaculos\/video-viral-fuck-you-famosos-kanye-west-creado-ia_0_mB1D7KcQkK.html\">Fuente Clarin.com <\/a><\/p>\n","protected":false},"excerpt":{"rendered":"<p>Durante la ma\u00f1ana del mi\u00e9rcoles 12 de febrero se viraliz\u00f3 en las redes sociales un video donde las estrellas de Hollywood se mostraban unidas para protestar contra el antisemitismo de Kanye West. Entre otros, aparecieron celebridades jud\u00edas como David Schwimmer, Steven Spielberg, Jerry Seinfeld, Adam Sandler, Scarlett Johansson y Sacha Baron Cohen, todos luciendo una [&hellip;]<\/p>\n","protected":false},"author":1,"featured_media":4305,"comment_status":"open","ping_status":"open","sticky":false,"template":"","format":"standard","meta":{"footnotes":""},"categories":[2],"tags":[18,835,6363,100,2390,6362,105,3280,28,200,2406,3281],"class_list":["post-4304","post","type-post","status-publish","format-standard","has-post-thumbnail","hentry","category-ultimas-noticias","tag-con","tag-contra","tag-creado","tag-del","tag-famosos","tag-fuck","tag-fue","tag-kanye","tag-los","tag-video","tag-viral","tag-west"],"_links":{"self":[{"href":"https:\/\/13.com.ar\/index.php\/wp-json\/wp\/v2\/posts\/4304","targetHints":{"allow":["GET"]}}],"collection":[{"href":"https:\/\/13.com.ar\/index.php\/wp-json\/wp\/v2\/posts"}],"about":[{"href":"https:\/\/13.com.ar\/index.php\/wp-json\/wp\/v2\/types\/post"}],"author":[{"embeddable":true,"href":"https:\/\/13.com.ar\/index.php\/wp-json\/wp\/v2\/users\/1"}],"replies":[{"embeddable":true,"href":"https:\/\/13.com.ar\/index.php\/wp-json\/wp\/v2\/comments?post=4304"}],"version-history":[{"count":0,"href":"https:\/\/13.com.ar\/index.php\/wp-json\/wp\/v2\/posts\/4304\/revisions"}],"wp:featuredmedia":[{"embeddable":true,"href":"https:\/\/13.com.ar\/index.php\/wp-json\/wp\/v2\/media\/4305"}],"wp:attachment":[{"href":"https:\/\/13.com.ar\/index.php\/wp-json\/wp\/v2\/media?parent=4304"}],"wp:term":[{"taxonomy":"category","embeddable":true,"href":"https:\/\/13.com.ar\/index.php\/wp-json\/wp\/v2\/categories?post=4304"},{"taxonomy":"post_tag","embeddable":true,"href":"https:\/\/13.com.ar\/index.php\/wp-json\/wp\/v2\/tags?post=4304"}],"curies":[{"name":"wp","href":"https:\/\/api.w.org\/{rel}","templated":true}]}}