{"id":4294,"date":"2025-02-12T15:42:00","date_gmt":"2025-02-12T18:42:00","guid":{"rendered":"https:\/\/13.com.ar\/index.php\/como-esta-hoy-el-protagonista-de-macgyver\/"},"modified":"2025-02-12T15:42:00","modified_gmt":"2025-02-12T18:42:00","slug":"como-esta-hoy-el-protagonista-de-macgyver","status":"publish","type":"post","link":"https:\/\/13.com.ar\/index.php\/como-esta-hoy-el-protagonista-de-macgyver\/","title":{"rendered":"c\u00f3mo est\u00e1 hoy el protagonista de MacGyver"},"content":{"rendered":"<p> <br \/>\n<\/p>\n<div id=\"cuerpo\">\n<div class=\"sc-80531b6b-0 chRIGJ container-text text-embed\">\n<p>Hay personajes que con el paso del tiempo son recordados solo por su apellido, <strong>como si nunca hubieran tenido nombre<\/strong>. Uno de ellos es <em><strong>MacGyver<\/strong><\/em>, aquel hombre que parec\u00eda poder resolver absolutamente todo, incluidos <strong>los problemas m\u00e1s complejos<\/strong>,\u00a0con tan solo una <strong>navaja suiza.<\/strong> <\/p>\n<\/div>\n<div class=\"sc-80531b6b-0 chRIGJ container-text text-embed\">\n<p>En realidad, el nombre completo del personaje era <strong>Albus MacGyver<\/strong>, y el encargado de inmortalizarlo fue el actor<strong> Richard Dean Anderson <\/strong>(75), quien lo interpret\u00f3 a lo largo de <strong>7 a\u00f1os<\/strong> (desde 1985 hasta 1992), dejando un legado de fan\u00e1ticos que lo recuerdan con el paso del tiempo. Ahora bien:<strong> \u00bfqu\u00e9 fue de su vida?<\/strong><\/p>\n<\/div>\n<div class=\"sc-80531b6b-0 chRIGJ container-text text-embed\">\n<p>Curiosidad de esta serie (o un gui\u00f1o de los guionistas), a lo largo de los cap\u00edtulos se cuenta que <em><strong>MacGyver <\/strong><\/em>naci\u00f3 el 23 de enero de 1951, mientras que la fecha de <strong>nacimiento de Anderson<\/strong> es<strong> precisamente este mismo d\u00eda<\/strong>, pero de 1950.<\/p>\n<\/div>\n<div class=\"sc-ad4aedf2-0 dPPgNJ border-video video-embed horizontal border-video video-embed horizontal\">\n<div class=\"sc-ad4aedf2-1 hnFuni videoText videoText\">\n<h2>Video<\/h2>\n<div>\n<p>La serie fue protagonizada por Richard Dean Anderson<\/p>\n<\/div>\n<\/div>\n<\/div>\n<p><h2>Un detalle en un\u00a0casting que le cambi\u00f3 la vida<\/h2>\n<\/p>\n<div class=\"sc-80531b6b-0 chRIGJ container-text text-embed\">\n<p>Oriundo de Minnesota (Estados Unidos) y el mayor de cuatro hermanos, el sue\u00f1o de Anderson era en realidad <strong>ser un jugador profesional de hockey<\/strong>, pero <strong>dos fracturas<\/strong>, una en cada brazo (la segunda de ellas lo dej\u00f3 internado en un hospital por tres meses), lo hicieron buscar otros rumbos. <\/p>\n<\/div>\n<div class=\"sc-80531b6b-0 chRIGJ container-text text-embed\">\n<p>As\u00ed encontr\u00f3 la <strong>actuaci\u00f3n<\/strong>, profesi\u00f3n en la que comenz\u00f3 realizando algunos<strong> peque\u00f1os papeles <\/strong>en otras series y en pel\u00edculas para televisi\u00f3n y en la cual comenz\u00f3 a ser conocido por su rol del Doctor Jeff Webber en <strong><em>Hospital General <\/em><\/strong>(1963)<\/p>\n<\/div>\n<div class=\"sc-198be8ec-0 cynXbu image-embed  image-embed \"><picture class=\"sc-198be8ec-1 kOjRiQ\"><source media=\"(min-width: 975px)\" width=\"720\" height=\"480\" \/><img alt=\"&quot;MacGyver&quot;, una serie ic\u00f3nica.\" loading=\"lazy\" width=\"720\" height=\"480\" decoding=\"async\" data-nimg=\"1\" style=\"color:transparent\" src=\"https:\/\/13.com.ar\/wp-content\/uploads\/2025\/02\/como-esta-hoy-el-protagonista-de-MacGyver.jpg\"\/><span class=\"epigraphe\">&#8220;MacGyver&#8221;, una serie ic\u00f3nica.<\/span><span class=\"bkg\"\/><span class=\"picture-open\"><button class=\"open-image\" aria-label=\"Open Image\"\/><\/span><\/picture><\/div>\n<div class=\"sc-80531b6b-0 chRIGJ container-text text-embed\">\n<p>Sin embargo, su <strong>gran quiebre <\/strong>lleg\u00f3 en\u00a01985 de la mano de\u00a0<em>MacGyver<\/em>, personaje que consigui\u00f3 tras acudir al casting y tener una actitud bastante particular: <strong>realiz\u00f3 la audici\u00f3n sin sacarse sus anteojos<\/strong>, algo que no pas\u00f3 por alto por los productores de la serie, quienes <strong>valoraron su falta de pretensiones.<\/strong> <\/p>\n<\/div>\n<div class=\"sc-80531b6b-0 chRIGJ container-text text-embed\">\n<p>Lo cierto es que r\u00e1pidamente <em><strong>MacGyver<\/strong> <\/em>se convirti\u00f3 en una <strong>serie de culto<\/strong> (lleg\u00f3 a tener 139 cap\u00edtulos)<strong>\u00a0<\/strong>y llev\u00f3 a Anderson al <strong>estrellato<\/strong>. La pregunta, como generalmente sucede en estos casos, era inevitable en ese entonces: <strong>\u00bfc\u00f3mo har\u00e1 el actor para evitar verse <em>condenado <\/em>por un \u00fanico personaje hasta la eternidad?<\/strong><\/p>\n<\/div>\n<p><h2>El desaf\u00edo de reinventarse<\/h2>\n<\/p>\n<div class=\"sc-198be8ec-0 cynXbu image-embed  image-embed \"><picture class=\"sc-198be8ec-1 kOjRiQ\"><source media=\"(min-width: 975px)\" width=\"720\" height=\"480\" \/><img alt=\"Richard Dean Anderson debi\u00f3 reinventarse tras &quot;MacGyver&quot;.\" loading=\"lazy\" width=\"720\" height=\"480\" decoding=\"async\" data-nimg=\"1\" style=\"color:transparent\" src=\"https:\/\/13.com.ar\/wp-content\/uploads\/2025\/02\/1739385720_74_como-esta-hoy-el-protagonista-de-MacGyver.jpg\"\/><span class=\"epigraphe\">Richard Dean Anderson debi\u00f3 reinventarse tras &#8220;MacGyver&#8221;.<\/span><span class=\"bkg\"\/><span class=\"picture-open\"><button class=\"open-image\" aria-label=\"Open Image\"\/><\/span><\/picture><\/div>\n<div class=\"sc-80531b6b-0 chRIGJ container-text text-embed\">\n<p>Desde los 35 hasta los 42 a\u00f1os, Anderson fue la cara de <strong><em>MacGyver<\/em><\/strong>, hasta que la serie tuvo su <strong>punto final<\/strong>. Estaba claro: su carrera estaba lejos de haber terminado, por lo que el desaf\u00edo era <strong>reinventarse <\/strong>para no perder el lugar que se hab\u00eda ganado en el ambiente. <\/p>\n<\/div>\n<div class=\"sc-198be8ec-0 cynXbu image-embed  image-embed \"><picture class=\"sc-198be8ec-1 kOjRiQ\"><source media=\"(min-width: 975px)\" width=\"720\" height=\"480\" \/><img alt=\"Richard Dean Anderson como el General Jack O'Neill, en &quot;Stargate SG-1&quot;. (Foto: Metro Goldwyn Mayer)\" loading=\"lazy\" width=\"720\" height=\"480\" decoding=\"async\" data-nimg=\"1\" style=\"color:transparent\" src=\"https:\/\/13.com.ar\/wp-content\/uploads\/2025\/02\/1739385720_747_como-esta-hoy-el-protagonista-de-MacGyver.jpg\"\/><span class=\"epigraphe\">Richard Dean Anderson como el General Jack O&#8217;Neill, en &#8220;Stargate SG-1&#8221;. (Foto: Metro Goldwyn Mayer)<\/span><span class=\"bkg\"\/><span class=\"picture-open\"><button class=\"open-image\" aria-label=\"Open Image\"\/><\/span><\/picture><\/div>\n<div class=\"sc-80531b6b-0 chRIGJ container-text text-embed\">\n<p>En un principio la misi\u00f3n<strong> no fue sencilla<\/strong> para Anderson, que realiz\u00f3 dos pel\u00edculas para TV sobre <em>MacGyver<\/em>, aunque <strong>sin demasiado \u00e9xito<\/strong>. Pero cuando parec\u00eda que estaba <strong>condenado <\/strong>a ser un actor de un solo personaje, comenz\u00f3 la producci\u00f3n de <strong>otra serie<\/strong> que causar\u00eda sensaci\u00f3n: <strong>Stargate SG-1<\/strong>, una especie de <strong>continuaci\u00f3n <\/strong>de la exitosa pel\u00edcula de 1994 que hab\u00eda sido protagonizada por Kurt Russell y James Spader.<\/p>\n<\/div>\n<div class=\"sc-198be8ec-0 cynXbu image-embed  image-embed \"><picture class=\"sc-198be8ec-1 kOjRiQ\"><source media=\"(min-width: 975px)\" width=\"720\" height=\"480\" \/><img alt=\"Richard Dean Anderson en su juventud.\" loading=\"lazy\" width=\"720\" height=\"480\" decoding=\"async\" data-nimg=\"1\" style=\"color:transparent\" src=\"https:\/\/13.com.ar\/wp-content\/uploads\/2025\/02\/1739385720_72_como-esta-hoy-el-protagonista-de-MacGyver.jpg\"\/><span class=\"epigraphe\">Richard Dean Anderson en su juventud.<\/span><span class=\"bkg\"\/><span class=\"picture-open\"><button class=\"open-image\" aria-label=\"Open Image\"\/><\/span><\/picture><\/div>\n<div class=\"sc-80531b6b-0 chRIGJ container-text text-embed\">\n<p>Con una trama muy diferente a <em>MacGyver<\/em>, esta vez Anderson se puso en la piel del\u00a0<strong>General Jack O&#8217;Neill<\/strong>, el l\u00edder de un comando militar que operaba a <strong>Stargate<\/strong>, un\u00a0portal intergal\u00e1ctico que conectaba a la Tierra con el planeta Ra. <strong>La serie fue un \u00e9xito<\/strong>, a tal punto que se convirti\u00f3 en una de las tiras de ciencia ficci\u00f3n <strong>con m\u00e1s temporadas en la historia <\/strong>(desde 1997 hasta 2007).<\/p>\n<\/div>\n<div class=\"sc-198be8ec-0 cynXbu image-embed  image-embed \"><picture class=\"sc-198be8ec-1 kOjRiQ\"><source media=\"(min-width: 975px)\" width=\"720\" height=\"480\" \/><img alt=\"Richard Dean Anderson.\" loading=\"lazy\" width=\"720\" height=\"480\" decoding=\"async\" data-nimg=\"1\" style=\"color:transparent\" src=\"https:\/\/13.com.ar\/wp-content\/uploads\/2025\/02\/1739385720_813_como-esta-hoy-el-protagonista-de-MacGyver.jpg\"\/><span class=\"epigraphe\">Richard Dean Anderson.<\/span><span class=\"bkg\"\/><span class=\"picture-open\"><button class=\"open-image\" aria-label=\"Open Image\"\/><\/span><\/picture><\/div>\n<p><h2>Los a\u00f1os posteriores a MacGyver y Stargate SG-1<br \/><\/h2>\n<\/p>\n<div class=\"sc-80531b6b-0 chRIGJ container-text text-embed\">\n<p>Protagonista de dos series ic\u00f3nicas, se podr\u00eda afirmar que a partir de 2010 Anderson <strong>comenz\u00f3 a disfrutar de todo el \u00e9xito que consigui\u00f3<\/strong> a lo largo de su vida. <\/p>\n<\/div>\n<div class=\"sc-198be8ec-0 cynXbu image-embed  image-embed \"><picture class=\"sc-198be8ec-1 kOjRiQ\"><source media=\"(min-width: 975px)\" width=\"720\" height=\"480\" \/><img alt=\"Richard Dean Anderson en la actualidad.\" loading=\"lazy\" width=\"720\" height=\"480\" decoding=\"async\" data-nimg=\"1\" style=\"color:transparent\" src=\"https:\/\/13.com.ar\/wp-content\/uploads\/2025\/02\/1739385720_799_como-esta-hoy-el-protagonista-de-MacGyver.jpg\"\/><span class=\"epigraphe\">Richard Dean Anderson en la actualidad.<\/span><span class=\"bkg\"\/><span class=\"picture-open\"><button class=\"open-image\" aria-label=\"Open Image\"\/><\/span><\/picture><\/div>\n<div class=\"sc-80531b6b-0 chRIGJ container-text text-embed\">\n<p>El portal especializado Internet Movie Data Base es claro: desde ese a\u00f1o, <strong>el actor apenas particip\u00f3 en cinco proyectos<\/strong>. \u00bfQu\u00e9 hizo? Cuatro series para la TV y adem\u00e1s le puso la voz para un videojuego, precisamente sobre <em><strong>Stargate<\/strong><\/em>. Y un detalle: <strong>su registro termina en 2013<\/strong>. A partir de all\u00ed, nada relacionado con la pantalla grande o chica.\u00a0<\/p>\n<\/div>\n<div class=\"sc-198be8ec-0 cynXbu image-embed  image-embed \"><picture class=\"sc-198be8ec-1 kOjRiQ\"><source media=\"(min-width: 975px)\" width=\"720\" height=\"480\" \/><img alt=\"Richard Dean Anderson disfruta de su vida alejado de los medios. (Foto: web oficial Richard Dean Anderson)\" loading=\"lazy\" width=\"720\" height=\"480\" decoding=\"async\" data-nimg=\"1\" style=\"color:transparent\" src=\"https:\/\/13.com.ar\/wp-content\/uploads\/2025\/02\/1739385720_175_como-esta-hoy-el-protagonista-de-MacGyver.jpg\"\/><span class=\"epigraphe\">Richard Dean Anderson disfruta de su vida alejado de los medios. (Foto: web oficial Richard Dean Anderson)<\/span><span class=\"bkg\"\/><span class=\"picture-open\"><button class=\"open-image\" aria-label=\"Open Image\"\/><\/span><\/picture><\/div>\n<p><h2>Alejado de las redes sociales y dado por muerto<\/h2>\n<\/p>\n<div class=\"sc-80531b6b-0 chRIGJ container-text text-embed\">\n<p>Todo este tiempo recluido lo llev\u00f3 a pasar por algunas situaciones <strong>ins\u00f3litas<\/strong>, como cuando a\u00f1os atr\u00e1s <strong>circul\u00f3 en las redes sociales que hab\u00eda fallecido repentinamente<\/strong>.<\/p>\n<\/div>\n<div class=\"sc-198be8ec-0 cynXbu image-embed  image-embed \"><picture class=\"sc-198be8ec-1 kOjRiQ\"><source media=\"(min-width: 975px)\" width=\"720\" height=\"480\" \/><img alt=\"MacGyver (2016), con Lucas Hill como protagonista.\" loading=\"lazy\" width=\"720\" height=\"480\" decoding=\"async\" data-nimg=\"1\" style=\"color:transparent\" src=\"https:\/\/13.com.ar\/wp-content\/uploads\/2025\/02\/1739385720_992_como-esta-hoy-el-protagonista-de-MacGyver.jpg\"\/><span class=\"epigraphe\">MacGyver (2016), con Lucas Hill como protagonista.<\/span><span class=\"bkg\"\/><span class=\"picture-open\"><button class=\"open-image\" aria-label=\"Open Image\"\/><\/span><\/picture><\/div>\n<div class=\"sc-80531b6b-0 chRIGJ container-text text-embed\">\n<p>&#8220;Acabo de tener una breve pelea con 24 horas de muerte. <strong>Ahora estoy mejor<\/strong>&#8220;, le comunic\u00f3 a todos sus seguidores desde su p\u00e1gina web oficial, su \u00fanica manera de ponerse en contacto con sus fan\u00e1ticos en el mundo, ya que <strong>no maneja Twitter ni otra red social.<\/strong><\/p>\n<\/div>\n<div class=\"sc-198be8ec-0 cynXbu image-embed  image-embed \"><picture class=\"sc-198be8ec-1 kOjRiQ\"><source media=\"(min-width: 975px)\" width=\"720\" height=\"480\" \/><img alt=\"Richard Dean Anderson tiene actualmente 75 a\u00f1os. (Foto: web oficial Richard Dean Anderson)\" loading=\"lazy\" width=\"720\" height=\"480\" decoding=\"async\" data-nimg=\"1\" style=\"color:transparent\" src=\"https:\/\/13.com.ar\/wp-content\/uploads\/2025\/02\/1739385720_36_como-esta-hoy-el-protagonista-de-MacGyver.jpg\"\/><span class=\"epigraphe\">Richard Dean Anderson tiene actualmente 75 a\u00f1os. (Foto: web oficial Richard Dean Anderson)<\/span><span class=\"bkg\"\/><span class=\"picture-open\"><button class=\"open-image\" aria-label=\"Open Image\"\/><\/span><\/picture><\/div>\n<div class=\"sc-80531b6b-0 chRIGJ container-text text-embed\">\n<p>Por lo pronto, a los 75 a\u00f1os disfruta de la tranquilidad del retiro. <\/p>\n<\/div>\n<div class=\"sc-198be8ec-0 cynXbu image-embed  image-embed \"><picture class=\"sc-198be8ec-1 kOjRiQ\"><source media=\"(min-width: 975px)\" width=\"720\" height=\"480\" \/><img alt=\"Richard Dean Anderson tiene hoy 75 a\u00f1os y disfruta del retiro.\" loading=\"lazy\" width=\"720\" height=\"480\" decoding=\"async\" data-nimg=\"1\" style=\"color:transparent\" src=\"https:\/\/13.com.ar\/wp-content\/uploads\/2025\/02\/1739385720_689_como-esta-hoy-el-protagonista-de-MacGyver.jpg\"\/><span class=\"epigraphe\">Richard Dean Anderson tiene hoy 75 a\u00f1os y disfruta del retiro.<\/span><span class=\"bkg\"\/><span class=\"picture-open\"><button class=\"open-image\" aria-label=\"Open Image\"\/><\/span><\/picture><\/div>\n<div class=\"sc-198be8ec-0 cynXbu image-embed  image-embed \"><picture class=\"sc-198be8ec-1 kOjRiQ\"><source media=\"(min-width: 975px)\" width=\"720\" height=\"480\" \/><img alt=\"Richard Dean Anderson, el ic\u00f3nico MacGyver.\" loading=\"lazy\" width=\"720\" height=\"480\" decoding=\"async\" data-nimg=\"1\" style=\"color:transparent\" src=\"https:\/\/13.com.ar\/wp-content\/uploads\/2025\/02\/1739385720_996_como-esta-hoy-el-protagonista-de-MacGyver.jpg\"\/><span class=\"epigraphe\">Richard Dean Anderson, el ic\u00f3nico MacGyver.<\/span><span class=\"bkg\"\/><span class=\"picture-open\"><button class=\"open-image\" aria-label=\"Open Image\"\/><\/span><\/picture><\/div>\n<\/div>\n<p><br \/>\n<br \/><a href=\"https:\/\/www.clarin.com\/internacional\/richard-dean-anderson-irreconocible-hoy-protagonista-macgyver_0_5BuSmxZGG9.html\">Fuente Clarin.com <\/a><\/p>\n","protected":false},"excerpt":{"rendered":"<p>Hay personajes que con el paso del tiempo son recordados solo por su apellido, como si nunca hubieran tenido nombre. Uno de ellos es MacGyver, aquel hombre que parec\u00eda poder resolver absolutamente todo, incluidos los problemas m\u00e1s complejos,\u00a0con tan solo una navaja suiza. En realidad, el nombre completo del personaje era Albus MacGyver, y el [&hellip;]<\/p>\n","protected":false},"author":1,"featured_media":4295,"comment_status":"open","ping_status":"open","sticky":false,"template":"","format":"standard","meta":{"footnotes":""},"categories":[2],"tags":[66,300,147,6354,277],"class_list":["post-4294","post","type-post","status-publish","format-standard","has-post-thumbnail","hentry","category-ultimas-noticias","tag-como","tag-esta","tag-hoy","tag-macgyver","tag-protagonista"],"_links":{"self":[{"href":"https:\/\/13.com.ar\/index.php\/wp-json\/wp\/v2\/posts\/4294","targetHints":{"allow":["GET"]}}],"collection":[{"href":"https:\/\/13.com.ar\/index.php\/wp-json\/wp\/v2\/posts"}],"about":[{"href":"https:\/\/13.com.ar\/index.php\/wp-json\/wp\/v2\/types\/post"}],"author":[{"embeddable":true,"href":"https:\/\/13.com.ar\/index.php\/wp-json\/wp\/v2\/users\/1"}],"replies":[{"embeddable":true,"href":"https:\/\/13.com.ar\/index.php\/wp-json\/wp\/v2\/comments?post=4294"}],"version-history":[{"count":0,"href":"https:\/\/13.com.ar\/index.php\/wp-json\/wp\/v2\/posts\/4294\/revisions"}],"wp:featuredmedia":[{"embeddable":true,"href":"https:\/\/13.com.ar\/index.php\/wp-json\/wp\/v2\/media\/4295"}],"wp:attachment":[{"href":"https:\/\/13.com.ar\/index.php\/wp-json\/wp\/v2\/media?parent=4294"}],"wp:term":[{"taxonomy":"category","embeddable":true,"href":"https:\/\/13.com.ar\/index.php\/wp-json\/wp\/v2\/categories?post=4294"},{"taxonomy":"post_tag","embeddable":true,"href":"https:\/\/13.com.ar\/index.php\/wp-json\/wp\/v2\/tags?post=4294"}],"curies":[{"name":"wp","href":"https:\/\/api.w.org\/{rel}","templated":true}]}}