{"id":42691,"date":"2025-07-16T11:04:01","date_gmt":"2025-07-16T14:04:01","guid":{"rendered":"https:\/\/13.com.ar\/index.php\/los-precios-estan-entre-los-mas-caros-de-la-region-y-hay-destinos-sin-reservas-para-las-vacaciones\/"},"modified":"2025-07-16T11:04:01","modified_gmt":"2025-07-16T14:04:01","slug":"los-precios-estan-entre-los-mas-caros-de-la-region-y-hay-destinos-sin-reservas-para-las-vacaciones","status":"publish","type":"post","link":"https:\/\/13.com.ar\/index.php\/los-precios-estan-entre-los-mas-caros-de-la-region-y-hay-destinos-sin-reservas-para-las-vacaciones\/","title":{"rendered":"los precios est\u00e1n entre los m\u00e1s caros de la regi\u00f3n y hay destinos sin reservas para las vacaciones"},"content":{"rendered":"<p> <br \/>\n<\/p>\n<div id=\"cuerpo\">\n<div class=\"sc-45461e9c-0 eqiBeF container-text text-embed \" id=\"element-body-0\">\n<p><strong>La hoteler\u00eda argentina atraviesa una situaci\u00f3n cr\u00edtica<\/strong>. Los precios est\u00e1n entre los m\u00e1s caros de Am\u00e9rica Latina y hay preocupaci\u00f3n por <strong>destinos sin reservas<\/strong> para las <strong>vacaciones de invierno.<\/strong><\/p>\n<\/div>\n<div class=\"sc-45461e9c-0 eqiBeF container-text text-embed \" id=\"element-body-1\">\n<p>Con el d\u00f3lar barato que favorece los viajes al exterior, <strong>el sector le insiste al Gobierno que baje impuestos <\/strong>para competir con la menor carga tributaria de otros pa\u00edses. <strong>Pide una repuesta urgente<\/strong> porque \u201cla crisis es tal que <strong>no se puede esperar mucho m\u00e1s<\/strong>\u201d. <\/p>\n<\/div>\n<p><h2><strong>Hoteles argentinos, entre los m\u00e1s caros<\/strong><\/h2>\n<\/p>\n<div class=\"sc-45461e9c-0 eqiBeF container-text text-embed \" id=\"element-body-3\">\n<p><strong>La Ciudad de Buenos Aires tiene la tarifa m\u00e1s alta en el segmento 5 estrellas<\/strong> de siete capitales relevadas por la <strong>Asociaci\u00f3n de Hoteles de Turismo de la Rep\u00fablica Argentina (AHT)<\/strong>.<\/p>\n<\/div>\n<div class=\"sc-45461e9c-0 eqiBeF container-text text-embed \" id=\"element-body-4\">\n<p><strong>La noche cuesta<\/strong> <strong>US$ 234<\/strong> en promedio en una habitaci\u00f3n base doble; mientras que en <strong>San Pablo<\/strong> sale <strong>US$ 230<\/strong>; en <strong>Santiago de Chile<\/strong>, <strong>US$ 200<\/strong>; en <strong>Bogot\u00e1<\/strong> y <strong>Lima<\/strong>, <strong>US$ 180<\/strong>; y en <strong>Asunci\u00f3n <\/strong>y <strong>Montevideo<\/strong>, <strong>US$ 175<\/strong>.<\/p>\n<\/div>\n<div class=\"sc-45461e9c-0 eqiBeF container-text text-embed \" id=\"element-body-5\">\n<p>Datos de la <strong>Federaci\u00f3n Empresaria Hotelera Gastron\u00f3mica de la Argentina (Fehgra)<\/strong> coinciden en que la estad\u00eda en los 5 estrellas de la Ciudad es la m\u00e1s cara de la regi\u00f3n: <strong>supera en 11% a San Pablo<\/strong>. <\/p>\n<\/div>\n<div class=\"sc-45461e9c-0 eqiBeF container-text text-embed \" id=\"element-body-6\">\n<p>Encontr\u00f3 tambi\u00e9n que el precio <strong>en los 4 estrellas resulta 4% m\u00e1s alto <\/strong>que en Santiago de Chile. <strong>La situaci\u00f3n se repite en los de 3<\/strong>, con diferencias de <strong>16%<\/strong>.<\/p>\n<\/div>\n<div class=\"sc-106e49c0-0 dcVumd freeHtml-embed undefined\" id=\"element-body-7\">\n<ul>\n<li>Ciudad Aut\u00f3noma de Buenos Aires: US$ 234<\/li>\n<\/ul>\n<ul>\n<li>Santiago de Chile: US$ 20<\/li>\n<\/ul>\n<\/div>\n<div class=\"sc-45461e9c-0 eqiBeF container-text text-embed \" id=\"element-body-8\">\n<p>\u201cMientras que otros pa\u00edses apuestan al turismo como multiplicador del empleo, las pol\u00edticas locales est\u00e1n generando la destrucci\u00f3n de una de las ocho industrias m\u00e1s representativas<strong> <\/strong>de la Argentina, con <strong>10 puestos de trabajo que se pierden por d\u00eda<\/strong>. <strong>Solicitamos un IVA diferencial<\/strong> para recuperar competitividad y mitigar el progresivo cierre de establecimientos\u201d, apunt\u00f3 <strong>Gabriela Ferrucci<\/strong>, presidenta de AHT.<\/p>\n<\/div>\n<div class=\"sc-45461e9c-0 eqiBeF container-text text-embed \" id=\"element-body-9\">\n<p>Si bien no se registran cierres, <strong>ya bajaron las persianas restaurantes<\/strong>, varios de ellos reconocidos por la Gu\u00eda Michelin, con <strong>76% de clientes que redujeron la frecuencia de salidas<\/strong>, seg\u00fan <strong>Kantar<\/strong>, situaci\u00f3n que sigue de cerca la hoteler\u00eda.<\/p>\n<\/div>\n<div class=\"sc-98b114a2-0 bkqiHH image-embed  image-embed \" id=\"element-body-10\"><picture class=\"sc-98b114a2-1 jRUlDm\"><source media=\"(min-width: 975px)\" width=\"720\" height=\"480\" \/><img alt=\"Los impuestos explican 60% del precio que paga el hu\u00e9sped. Foto: archivo\" loading=\"lazy\" width=\"720\" height=\"480\" decoding=\"async\" data-nimg=\"1\" style=\"color:transparent\" src=\"https:\/\/13.com.ar\/wp-content\/uploads\/2025\/07\/los-precios-estan-entre-los-mas-caros-de-la-region.jpg\"\/><span class=\"epigraphe\">Los impuestos explican 60% del precio que paga el hu\u00e9sped. Foto: archivo<\/span><span class=\"picture-open\"><button class=\"open-image\" aria-label=\"Open Image\"\/><\/span><\/picture><\/div>\n<p><h2><strong>El peso de los impuestos<\/strong><\/h2>\n<\/p>\n<div class=\"sc-45461e9c-0 eqiBeF container-text text-embed \" id=\"element-body-12\">\n<p><strong>Los impuestos explican 60% del precio <\/strong>que paga el hu\u00e9sped. IVA, Impuesto Inmobiliario, Impuesto al Cheque, Ingresos Brutos y tasas municipales \u2212que var\u00edan seg\u00fan jurisdicci\u00f3n\u2212 son los de m\u00e1s incidencia.<\/p>\n<\/div>\n<div class=\"sc-45461e9c-0 eqiBeF container-text text-embed \" id=\"element-body-13\">\n<p>\u201cCompetir con otros mercados por precio, con costos entre cinco y nueve veces m\u00e1s altos y el doble o triple de presi\u00f3n fiscal, es imposible. <strong>Cuando el Presidente en campa\u00f1a dec\u00eda que con esta presi\u00f3n impositiva era inviable trabajar ten\u00eda raz\u00f3n<\/strong>. Y eso que a\u00fan no se hab\u00edan dado las subas de impuestos inmobiliarios de <strong>350% <\/strong>a <strong>500%<\/strong> ni de tarifas el\u00e9ctricas de <strong>300% <\/strong>a <strong>400%<\/strong>\u201d, grafic\u00f3 Ferrucci.<\/p>\n<\/div>\n<div class=\"sc-45461e9c-0 eqiBeF container-text text-embed \" id=\"element-body-14\">\n<p>Y agreg\u00f3 que, por la propia Ley de IVA, <strong>el Gobierno est\u00e1 facultado a reducir hasta 25% el impuesto <\/strong>v\u00eda decreto, lo que llevar\u00eda la al\u00edcuota del <strong>21%<\/strong> actual a <strong>15,75%<\/strong>.<\/p>\n<\/div>\n<div class=\"sc-45461e9c-0 eqiBeF container-text text-embed \" id=\"element-body-15\">\n<p>En ese sentido, para Fehgra, <strong>los destinos nacionales se encarecen, al menos, 20%<\/strong> <strong>comparado a los del exterior<\/strong> por grav\u00e1menes con impacto indirecto, por ejemplo, en insumos que usan, como alimentos, art\u00edculos de higiene y energ\u00eda, instancias de la cadena donde, como en otros sectores, se repite la carga tributaria. <\/p>\n<\/div>\n<div class=\"sc-98b114a2-0 bkqiHH image-embed  image-embed \" id=\"element-body-16\"><picture class=\"sc-98b114a2-1 jRUlDm\"><source media=\"(min-width: 975px)\" width=\"720\" height=\"480\" \/><img alt=\"Destinos nacionales se encarecen hasta 20% versus los del exterior. Foto: archivo\" loading=\"lazy\" width=\"720\" height=\"480\" decoding=\"async\" data-nimg=\"1\" style=\"color:transparent\" src=\"https:\/\/13.com.ar\/wp-content\/uploads\/2025\/07\/1752674641_279_los-precios-estan-entre-los-mas-caros-de-la-region.jpg\"\/><span class=\"epigraphe\">Destinos nacionales se encarecen hasta 20% versus los del exterior. Foto: archivo<\/span><span class=\"picture-open\"><button class=\"open-image\" aria-label=\"Open Image\"\/><\/span><\/picture><\/div>\n<div class=\"sc-45461e9c-0 eqiBeF container-text text-embed \" id=\"element-body-17\">\n<p>Con una tasa de formalidad laboral de <strong>92%<\/strong>, el rubro busca <strong>promover medidas para mantenerla<\/strong>. En el \u00faltimo a\u00f1o, se redujo <strong>4%<\/strong>. \u201cLa hoteler\u00eda<strong> genera cuatro veces m\u00e1s empleo que industrias pesadas<\/strong>. Es una oportunidad para que, con reducci\u00f3n de cargas laborales, se equipare el marco impositivo con el de otros pa\u00edses\u201d, se\u00f1al\u00f3 Ferrucci.<\/p>\n<\/div>\n<div class=\"sc-45461e9c-0 eqiBeF container-text text-embed \" id=\"element-body-18\">\n<p>Otra medida planteada es <strong>incorporar el gasto tur\u00edstico dom\u00e9stico como deducci\u00f3n especial en el Impuesto a las Ganancias<\/strong>. \u201cLograr\u00eda un doble objetivo: estimular la demanda interna\u00a0con beneficios fiscales a contribuyentes y premiar la formalidad, ya que solo <strong>ser\u00edan deducibles consumos facturados en establecimientos registrados<\/strong>\u201d, resalt\u00f3.<\/p>\n<\/div>\n<p><h2><strong>Pocas reservas para vacaciones de invierno<\/strong><\/h2>\n<\/p>\n<div class=\"sc-45461e9c-0 eqiBeF container-text text-embed \" id=\"element-body-20\">\n<p>A d\u00edas del inicio de las vacaciones de invierno en la mayor\u00eda de las provincias, <strong>preocupa el bajo nivel de ocupaci\u00f3n<\/strong>. Hay localidades donde no supera el <strong>10%<\/strong>. Sin turistas extranjeros, <strong>en los establecimientos porte\u00f1os no alcanza el 30%<\/strong>, la mitad que en 2024, seg\u00fan la <strong>Asociaci\u00f3n de Hoteles, Restaurantes, Confiter\u00edas y Caf\u00e9s (Ahrcc)<\/strong>.<\/p>\n<\/div>\n<div class=\"sc-45461e9c-0 eqiBeF container-text text-embed \" id=\"element-body-21\">\n<p><strong>Eduardo Palena<\/strong>, vicepresidente de la <strong>Asociaci\u00f3n Empresaria Hotelera Gastron\u00f3mica (AEHG) de Mar del Plata<\/strong>, coment\u00f3 que <strong>hay hoteles que sin una reserva <\/strong>y que los de m\u00e1s categor\u00eda llegan a <strong>40%<\/strong>. <\/p>\n<\/div>\n<div class=\"sc-45461e9c-0 eqiBeF container-text text-embed \" id=\"element-body-22\">\n<p>\u201c<strong>Es un n\u00famero malo<\/strong> comparado con los que estamos acostumbrados en esta fecha. <strong>En otros a\u00f1os, el m\u00ednimo era<\/strong> <strong>60%<\/strong>. Estamos desfavorables con el d\u00f3lar versus Chile, Brasil e incluso Uruguay, que siempre fue caro\u201d, estim\u00f3.<\/p>\n<\/div>\n<div class=\"sc-45461e9c-0 eqiBeF container-text text-embed \" id=\"element-body-23\">\n<p>El problema no se limita a \u201cLa Feliz\u201d. La presidenta de la<strong> Federaci\u00f3n Hotelera y Gastron\u00f3mica<\/strong> <strong>de La Pampa<\/strong>, <strong>Victoria Altube<\/strong>, asegur\u00f3 que <strong>hay hoteles vac\u00edos<\/strong> y advirti\u00f3 que \u201cel camino que viene es el de recorte de personal\u201d. <\/p>\n<\/div>\n<\/div>\n<p><br \/>\n<br \/><a href=\"https:\/\/www.clarin.com\/economia\/hoteles-crisis-precios-caros-region-destinos-reservas-vacaciones_0_umyEvC0cok.html\">Fuente Clarin.com <\/a><\/p>\n","protected":false},"excerpt":{"rendered":"<p>La hoteler\u00eda argentina atraviesa una situaci\u00f3n cr\u00edtica. Los precios est\u00e1n entre los m\u00e1s caros de Am\u00e9rica Latina y hay preocupaci\u00f3n por destinos sin reservas para las vacaciones de invierno. Con el d\u00f3lar barato que favorece los viajes al exterior, el sector le insiste al Gobierno que baje impuestos para competir con la menor carga tributaria [&hellip;]<\/p>\n","protected":false},"author":1,"featured_media":42692,"comment_status":"open","ping_status":"open","sticky":false,"template":"","format":"standard","meta":{"footnotes":""},"categories":[2],"tags":[6130,1510,351,2376,942,48,28,155,16,1064,2171,1525,882,1281],"class_list":["post-42691","post","type-post","status-publish","format-standard","has-post-thumbnail","hentry","category-ultimas-noticias","tag-caros","tag-destinos","tag-entre","tag-estan","tag-hay","tag-las","tag-los","tag-mas","tag-para","tag-precios","tag-region","tag-reservas","tag-sin","tag-vacaciones"],"_links":{"self":[{"href":"https:\/\/13.com.ar\/index.php\/wp-json\/wp\/v2\/posts\/42691","targetHints":{"allow":["GET"]}}],"collection":[{"href":"https:\/\/13.com.ar\/index.php\/wp-json\/wp\/v2\/posts"}],"about":[{"href":"https:\/\/13.com.ar\/index.php\/wp-json\/wp\/v2\/types\/post"}],"author":[{"embeddable":true,"href":"https:\/\/13.com.ar\/index.php\/wp-json\/wp\/v2\/users\/1"}],"replies":[{"embeddable":true,"href":"https:\/\/13.com.ar\/index.php\/wp-json\/wp\/v2\/comments?post=42691"}],"version-history":[{"count":0,"href":"https:\/\/13.com.ar\/index.php\/wp-json\/wp\/v2\/posts\/42691\/revisions"}],"wp:featuredmedia":[{"embeddable":true,"href":"https:\/\/13.com.ar\/index.php\/wp-json\/wp\/v2\/media\/42692"}],"wp:attachment":[{"href":"https:\/\/13.com.ar\/index.php\/wp-json\/wp\/v2\/media?parent=42691"}],"wp:term":[{"taxonomy":"category","embeddable":true,"href":"https:\/\/13.com.ar\/index.php\/wp-json\/wp\/v2\/categories?post=42691"},{"taxonomy":"post_tag","embeddable":true,"href":"https:\/\/13.com.ar\/index.php\/wp-json\/wp\/v2\/tags?post=42691"}],"curies":[{"name":"wp","href":"https:\/\/api.w.org\/{rel}","templated":true}]}}