{"id":42683,"date":"2025-07-16T10:51:58","date_gmt":"2025-07-16T13:51:58","guid":{"rendered":"https:\/\/13.com.ar\/index.php\/vuelve-del-retiro-la-camiseta-de-maradona\/"},"modified":"2025-07-16T10:51:58","modified_gmt":"2025-07-16T13:51:58","slug":"vuelve-del-retiro-la-camiseta-de-maradona","status":"publish","type":"post","link":"https:\/\/13.com.ar\/index.php\/vuelve-del-retiro-la-camiseta-de-maradona\/","title":{"rendered":"\u00bfvuelve del retiro la camiseta de Maradona?"},"content":{"rendered":"<p> <br \/>\n<br \/><img decoding=\"async\" src=\"https:\/\/13.com.ar\/wp-content\/uploads\/2025\/07\/\u00bfvuelve-del-retiro-la-camiseta-de-Maradona.jpg\" \/><\/p>\n<div id=\"element-body-0\">\n<p>La camiseta n\u00famero 10 que us\u00f3 <strong>Diego Armando Maradona<\/strong> es un manto sagrado en el Napoli. El club del Sur de Italia decidi\u00f3 retirar la casaca en el a\u00f1o 2000, por eso, este mi\u00e9rcoles se arm\u00f3 un gran revuelo cuando apareci\u00f3 <strong>Kevin De Bruyne<\/strong> con el n\u00famero del m\u00e1ximo \u00eddolo del club estampado en su ropa, en el arranque de la pretemporada.<\/p>\n<\/div>\n<div id=\"element-body-1\">\n<p>Pelusa es el \u00edcono de la ciudad. Tanto, que el Napoli decidi\u00f3 que su estadio dejara el nombre de San Paolo, uno de los santos venerados en la zona, y pasara a llamarse Diego Armando Maradona. El 10 es parte de la religi\u00f3n de los napolitanos. A nivel clubes, su mito se volvi\u00f3 gigante y logr\u00f3 lo imposible: con Diego, <em>Gli Azzurri<\/em> consiguieron cinco t\u00edtulos: dos Serie A, una Copa UEFA, una Copa Italia y una Supercopa de Italia.<\/p>\n<\/div>\n<div id=\"element-body-2\">\n<p>Por eso, este mi\u00e9rcoles, hasta el propio Kevin De Bruyne se sorprendi\u00f3 cuando le dieron la ropa de entrenamiento. &#8220;\u00bfSeguro?&#8221;, pregunt\u00f3 el flamante refuerzo que lleg\u00f3 del Manchester City cuando vio que su indumentaria ten\u00eda estampado el n\u00famero 10.<\/p>\n<\/div>\n<div id=\"element-body-4\">\n<p>El belga recibi\u00f3 la confirmaci\u00f3n de que sal\u00eda a entrenar con la 10 de Maradona, la cuenta oficial del club comparti\u00f3 las im\u00e1genes promocionando a su nueva figura y surgi\u00f3 la pregunta: &#8220;<strong>\u00bfDe Bruyne usar\u00e1 la 10?<\/strong>&#8220;. &#8220;<strong>\u00bfSe vuelve a usar el n\u00famero de Maradona en Napoli?<\/strong>&#8220;.<\/p>\n<\/div>\n<div id=\"element-body-5\">\n<p>&#8220;Mamma, sto sognando&#8221;, reaccion\u00f3 un usuario. Y la pol\u00e9mica no tard\u00f3 en llegar: las redes se llenaron de criticas, y los m\u00e1s picantes hicieron tiro al blanco con el pobre de Kevin, que la lig\u00f3 de rebote por usar la camiseta del \u00eddolo de la ciudad.<\/p>\n<\/div>\n<div id=\"element-body-6\">\n<p><strong>Si bien el club decidi\u00f3 retirar la 10 del Diez  en el a\u00f1o 2000<\/strong>, la camiseta volvi\u00f3 a usarse entre los a\u00f1os 2004 y 2006 cuando el Napoli descendi\u00f3 a la Serie C donde se eleg\u00edan los n\u00fameros de la manera tradicional, del 1 al 11.<\/p>\n<\/div>\n<div id=\"element-body-8\">\n<p>El Pampa Sosa fue uno de los que us\u00f3 el m\u00edtico dorsal. Y un tiempo despu\u00e9s se la puso el uruguayo Mariano Bogliacino.<\/p>\n<\/div>\n<div id=\"element-body-9\">\n<p>Finalmente, en medio de la cr\u00edtica, De Bruyne debi\u00f3 salir a aclarar que todo se trat\u00f3 de un mimo del club y que s\u00f3lo us\u00f3 la 10 de Maradona en la ropa de entrenamiento. Sus palabras trajeron tranquilidad en los hinchas: el manto sagrado sigue bien guardado. Fue una buena muestra para el belga de lo que ocurre cuando un futbolista se convierte en \u00eddolo del Napoli.<\/p>\n<\/div>\n<p><br \/>\n<br \/><a href=\"https:\/\/www.clarin.com\/deportes\/kevin-bruyne-uso-10-napoli-hinchas-estallaron-vuelve-retiro-camiseta-maradona_0_yLtBCrpfqK.html\">Fuente Clarin.com <\/a><\/p>\n","protected":false},"excerpt":{"rendered":"<p>La camiseta n\u00famero 10 que us\u00f3 Diego Armando Maradona es un manto sagrado en el Napoli. El club del Sur de Italia decidi\u00f3 retirar la casaca en el a\u00f1o 2000, por eso, este mi\u00e9rcoles se arm\u00f3 un gran revuelo cuando apareci\u00f3 Kevin De Bruyne con el n\u00famero del m\u00e1ximo \u00eddolo del club estampado en su [&hellip;]<\/p>\n","protected":false},"author":1,"featured_media":42684,"comment_status":"open","ping_status":"open","sticky":false,"template":"","format":"standard","meta":{"footnotes":""},"categories":[2],"tags":[4078,100,6269,3939,46],"class_list":["post-42683","post","type-post","status-publish","format-standard","has-post-thumbnail","hentry","category-ultimas-noticias","tag-camiseta","tag-del","tag-maradona","tag-retiro","tag-vuelve"],"_links":{"self":[{"href":"https:\/\/13.com.ar\/index.php\/wp-json\/wp\/v2\/posts\/42683","targetHints":{"allow":["GET"]}}],"collection":[{"href":"https:\/\/13.com.ar\/index.php\/wp-json\/wp\/v2\/posts"}],"about":[{"href":"https:\/\/13.com.ar\/index.php\/wp-json\/wp\/v2\/types\/post"}],"author":[{"embeddable":true,"href":"https:\/\/13.com.ar\/index.php\/wp-json\/wp\/v2\/users\/1"}],"replies":[{"embeddable":true,"href":"https:\/\/13.com.ar\/index.php\/wp-json\/wp\/v2\/comments?post=42683"}],"version-history":[{"count":0,"href":"https:\/\/13.com.ar\/index.php\/wp-json\/wp\/v2\/posts\/42683\/revisions"}],"wp:featuredmedia":[{"embeddable":true,"href":"https:\/\/13.com.ar\/index.php\/wp-json\/wp\/v2\/media\/42684"}],"wp:attachment":[{"href":"https:\/\/13.com.ar\/index.php\/wp-json\/wp\/v2\/media?parent=42683"}],"wp:term":[{"taxonomy":"category","embeddable":true,"href":"https:\/\/13.com.ar\/index.php\/wp-json\/wp\/v2\/categories?post=42683"},{"taxonomy":"post_tag","embeddable":true,"href":"https:\/\/13.com.ar\/index.php\/wp-json\/wp\/v2\/tags?post=42683"}],"curies":[{"name":"wp","href":"https:\/\/api.w.org\/{rel}","templated":true}]}}