{"id":42679,"date":"2025-07-16T10:46:00","date_gmt":"2025-07-16T13:46:00","guid":{"rendered":"https:\/\/13.com.ar\/index.php\/brown-de-adrogue-aparto-a-un-tecnico-de-las-inferiores-tras-una-denuncia-por-mensajes-inapropiados-a-un-menor-e-intervino-la-justicia\/"},"modified":"2025-07-16T10:46:00","modified_gmt":"2025-07-16T13:46:00","slug":"brown-de-adrogue-aparto-a-un-tecnico-de-las-inferiores-tras-una-denuncia-por-mensajes-inapropiados-a-un-menor-e-intervino-la-justicia","status":"publish","type":"post","link":"https:\/\/13.com.ar\/index.php\/brown-de-adrogue-aparto-a-un-tecnico-de-las-inferiores-tras-una-denuncia-por-mensajes-inapropiados-a-un-menor-e-intervino-la-justicia\/","title":{"rendered":"Brown de Adrogu\u00e9 apart\u00f3 a un t\u00e9cnico de las inferiores tras una denuncia por mensajes inapropiados a un menor e intervino la Justicia"},"content":{"rendered":"<p> <br \/>\n<br \/><img decoding=\"async\" src=\"https:\/\/13.com.ar\/wp-content\/uploads\/2025\/07\/Brown-de-Adrogue-aparto-a-un-tecnico-de-las-inferiores.jpg\" \/><\/p>\n<div id=\"element-body-0\">\n<p>El <strong>Club Atl\u00e9tico Brown de Adrogu\u00e9<\/strong> activ\u00f3 su protocolo de seguridad institucional y resolvi\u00f3 separar de manera preventiva a un director t\u00e9cnico recientemente incorporado en sus divisiones juveniles, luego de que un jugador del club denunciara la existencia de mensajes de texto &#8220;que podr\u00edan lesionar su honorabilidad&#8221;, seg\u00fan un comunicado que hizo p\u00fablico la instituci\u00f3n del sur del conurbano bonaerense.<\/p>\n<\/div>\n<div id=\"element-body-1\">\n<p>La denuncia fue realizada por intermedio del propio futbolista, y de acuerdo a lo que inform\u00f3 Brown, los presuntos hechos ocurrieron fuera del \u00e1mbito del club, aunque de todos modos se decidi\u00f3 dar intervenci\u00f3n a la Polic\u00eda y a la Justicia. La causa qued\u00f3 radicada en la <strong>Unidad Funcional de Instrucci\u00f3n<\/strong> (UFI) N\u00b0 12 de <strong>Lomas de Zamora<\/strong>, que ya inici\u00f3 las actuaciones correspondientes.<\/p>\n<\/div>\n<div id=\"element-body-2\">\n<p>Brown aclar\u00f3 que se puso &#8220;a disposici\u00f3n de la familia del menor y del resto de los juveniles&#8221;, y que tambi\u00e9n se activaron los dispositivos de asistencia y acompa\u00f1amiento a cargo del Sistema de Protecci\u00f3n de Ni\u00f1ez de la Secretar\u00eda de Desarrollo, Seguridad Social y Derechos Humanos.<\/p>\n<\/div>\n<div id=\"element-body-3\">\n<p>&#8220;Aclaramos que el presunto hecho habr\u00eda sucedido fuera del \u00e1mbito del club, sin perjuicio de lo cual tomamos cartas en el asunto y nos pusimos a disposici\u00f3n de la familia del menor y del resto de los juveniles&#8221;, dice el comunicado.<\/p>\n<\/div>\n<div id=\"element-body-4\">\n<p>El t\u00e9cnico denunciado fue apartado de manera inmediata, mientras se espera el avance de la investigaci\u00f3n judicial. Desde el club remarcaron que actuaron &#8220;con la mayor celeridad y responsabilidad ante una situaci\u00f3n tan delicada&#8221;.<\/p>\n<\/div>\n<div id=\"element-body-6\">\n<p>El Club Atl\u00e9tico Brown, conocido popularmente como Brown de Adrogu\u00e9, fue fundado en marzo de 1945 en esa ciudad, cabecera del partido de Almirante Brown. Si bien nunca jug\u00f3 en la Primera Divisi\u00f3n de la AFA, en el a\u00f1o 2013 logr\u00f3 el ascenso a la Primera B Nacional, su posici\u00f3n m\u00e1s alta en el escalaf\u00f3n del f\u00fatbol argentino. En su debut en la categor\u00eda venci\u00f3 nada menos que a Independiente de Avellaneda, que ese a\u00f1o hab\u00eda descendido, y lo hizo en condici\u00f3n de visitante. Hoy milita en la Primera B Metropolitana, donde acumula cuatro puntos en las primeras tres fechas del certamen.<\/p>\n<\/div>\n<p><br \/>\n<br \/><a href=\"https:\/\/www.clarin.com\/deportes\/brown-adrogue-aparto-tecnico-inferiores-denuncia-mensajes-inapropiados-menor-intervino-justicia_0_uh0KpIntnc.html\">Fuente Clarin.com <\/a><\/p>\n","protected":false},"excerpt":{"rendered":"<p>El Club Atl\u00e9tico Brown de Adrogu\u00e9 activ\u00f3 su protocolo de seguridad institucional y resolvi\u00f3 separar de manera preventiva a un director t\u00e9cnico recientemente incorporado en sus divisiones juveniles, luego de que un jugador del club denunciara la existencia de mensajes de texto &#8220;que podr\u00edan lesionar su honorabilidad&#8221;, seg\u00fan un comunicado que hizo p\u00fablico la instituci\u00f3n [&hellip;]<\/p>\n","protected":false},"author":1,"featured_media":42680,"comment_status":"open","ping_status":"open","sticky":false,"template":"","format":"standard","meta":{"footnotes":""},"categories":[2],"tags":[14422,23892,1428,4036,23893,2460,14737,964,48,2250,2957,142,12732,312,73],"class_list":["post-42679","post","type-post","status-publish","format-standard","has-post-thumbnail","hentry","category-ultimas-noticias","tag-adrogue","tag-aparto","tag-brown","tag-denuncia","tag-inapropiados","tag-inferiores","tag-intervino","tag-justicia","tag-las","tag-menor","tag-mensajes","tag-por","tag-tecnico","tag-tras","tag-una"],"_links":{"self":[{"href":"https:\/\/13.com.ar\/index.php\/wp-json\/wp\/v2\/posts\/42679","targetHints":{"allow":["GET"]}}],"collection":[{"href":"https:\/\/13.com.ar\/index.php\/wp-json\/wp\/v2\/posts"}],"about":[{"href":"https:\/\/13.com.ar\/index.php\/wp-json\/wp\/v2\/types\/post"}],"author":[{"embeddable":true,"href":"https:\/\/13.com.ar\/index.php\/wp-json\/wp\/v2\/users\/1"}],"replies":[{"embeddable":true,"href":"https:\/\/13.com.ar\/index.php\/wp-json\/wp\/v2\/comments?post=42679"}],"version-history":[{"count":0,"href":"https:\/\/13.com.ar\/index.php\/wp-json\/wp\/v2\/posts\/42679\/revisions"}],"wp:featuredmedia":[{"embeddable":true,"href":"https:\/\/13.com.ar\/index.php\/wp-json\/wp\/v2\/media\/42680"}],"wp:attachment":[{"href":"https:\/\/13.com.ar\/index.php\/wp-json\/wp\/v2\/media?parent=42679"}],"wp:term":[{"taxonomy":"category","embeddable":true,"href":"https:\/\/13.com.ar\/index.php\/wp-json\/wp\/v2\/categories?post=42679"},{"taxonomy":"post_tag","embeddable":true,"href":"https:\/\/13.com.ar\/index.php\/wp-json\/wp\/v2\/tags?post=42679"}],"curies":[{"name":"wp","href":"https:\/\/api.w.org\/{rel}","templated":true}]}}