{"id":42641,"date":"2025-07-16T09:15:56","date_gmt":"2025-07-16T12:15:56","guid":{"rendered":"https:\/\/13.com.ar\/index.php\/se-derrumbo-el-techo-evacuan-a-los-vecinos-y-se-escuchan-explosiones\/"},"modified":"2025-07-16T09:15:56","modified_gmt":"2025-07-16T12:15:56","slug":"se-derrumbo-el-techo-evacuan-a-los-vecinos-y-se-escuchan-explosiones","status":"publish","type":"post","link":"https:\/\/13.com.ar\/index.php\/se-derrumbo-el-techo-evacuan-a-los-vecinos-y-se-escuchan-explosiones\/","title":{"rendered":"se derrumb\u00f3 el techo, evac\u00faan a los vecinos y se escuchan explosiones"},"content":{"rendered":"<p> <br \/>\n<br \/><img decoding=\"async\" src=\"https:\/\/13.com.ar\/wp-content\/uploads\/2025\/07\/se-derrumbo-el-techo-evacuan-a-los-vecinos-y-se.jpg\" \/><\/p>\n<div id=\"element-body-0\">\n<p>Un dep\u00f3sito ubicado en el centro de <strong>La Plata<\/strong> comenz\u00f3 a <strong>incendiarse<\/strong> en la madrugada del jueves, en un fuego tan fuerte que consumi\u00f3 gran parte de la estructura, provocando el colapso de una parte del techo poco ante de las 9 de la ma\u00f1ana.<\/p>\n<\/div>\n<div id=\"element-body-1\">\n<p>Se trata de un edificio ubicado en la esquina de diagonal 77 y 48, en la zona c\u00e9ntrica de la ciudad. Cerca de las 6 de la ma\u00f1ana, por motivos que a\u00fan son desconocidos, las llamas comenzaron a propagarse por el inmueble.<\/p>\n<\/div>\n<div id=\"element-body-2\">\n<p>Los vecinos de la zona, que comenzaron a escuchar explosiones, llamaron al 911 para alertar a los bomberos mientras las fuertes columnas de humo se elevan por la ciudad. Las autoridades luego evacuaron a los edificios linderos por peligro de derrumbe.  <\/p>\n<\/div>\n<div id=\"element-body-4\">\n<p>Tres dotaciones de bomberos trabajan en el lugar para controlar el fuego, que se mantiene a pesar de las fuertes lluvias que ca\u00edan durante el momento m\u00e1s \u00e1lgido.<\/p>\n<\/div>\n<div id=\"element-body-5\">\n<p>Seg\u00fan el sitio 0221, en el edificio funcion\u00f3 hace m\u00e1s de 13 a\u00f1os una estaci\u00f3n de servicio, pero actualmente estaba reconvertido en dep\u00f3sito de una casa de electrodom\u00e9sticos. Por ese motivo, seg\u00fan el relato de los vecinos, se sinti\u00f3 un fuerte olor a pl\u00e1stico quemado.<\/p>\n<\/div>\n<div id=\"element-body-6\">\n<p>Al momento del derrumbe de una de las paredes, varias heladeras y lavarropas cayeron desde el primero piso a la calle. Una de ellas incluso aplast\u00f3 una camioneta que se encontraba estacionada sobre el frente del lugar. <\/p>\n<\/div>\n<p><br \/>\n<br \/><a href=\"https:\/\/www.clarin.com\/sociedad\/incendio-deposito-centro-plata-derrumbo-techo-evacuan-vecinos-escuchan-explosiones_0_FGYWvY1R9z.html\">Fuente Clarin.com <\/a><\/p>\n","protected":false},"excerpt":{"rendered":"<p>Un dep\u00f3sito ubicado en el centro de La Plata comenz\u00f3 a incendiarse en la madrugada del jueves, en un fuego tan fuerte que consumi\u00f3 gran parte de la estructura, provocando el colapso de una parte del techo poco ante de las 9 de la ma\u00f1ana. Se trata de un edificio ubicado en la esquina de [&hellip;]<\/p>\n","protected":false},"author":1,"featured_media":42642,"comment_status":"open","ping_status":"open","sticky":false,"template":"","format":"standard","meta":{"footnotes":""},"categories":[2],"tags":[1390,16265,16546,8255,28,4570,2144],"class_list":["post-42641","post","type-post","status-publish","format-standard","has-post-thumbnail","hentry","category-ultimas-noticias","tag-derrumbo","tag-escuchan","tag-evacuan","tag-explosiones","tag-los","tag-techo","tag-vecinos"],"_links":{"self":[{"href":"https:\/\/13.com.ar\/index.php\/wp-json\/wp\/v2\/posts\/42641","targetHints":{"allow":["GET"]}}],"collection":[{"href":"https:\/\/13.com.ar\/index.php\/wp-json\/wp\/v2\/posts"}],"about":[{"href":"https:\/\/13.com.ar\/index.php\/wp-json\/wp\/v2\/types\/post"}],"author":[{"embeddable":true,"href":"https:\/\/13.com.ar\/index.php\/wp-json\/wp\/v2\/users\/1"}],"replies":[{"embeddable":true,"href":"https:\/\/13.com.ar\/index.php\/wp-json\/wp\/v2\/comments?post=42641"}],"version-history":[{"count":0,"href":"https:\/\/13.com.ar\/index.php\/wp-json\/wp\/v2\/posts\/42641\/revisions"}],"wp:featuredmedia":[{"embeddable":true,"href":"https:\/\/13.com.ar\/index.php\/wp-json\/wp\/v2\/media\/42642"}],"wp:attachment":[{"href":"https:\/\/13.com.ar\/index.php\/wp-json\/wp\/v2\/media?parent=42641"}],"wp:term":[{"taxonomy":"category","embeddable":true,"href":"https:\/\/13.com.ar\/index.php\/wp-json\/wp\/v2\/categories?post=42641"},{"taxonomy":"post_tag","embeddable":true,"href":"https:\/\/13.com.ar\/index.php\/wp-json\/wp\/v2\/tags?post=42641"}],"curies":[{"name":"wp","href":"https:\/\/api.w.org\/{rel}","templated":true}]}}