{"id":42633,"date":"2025-07-16T08:57:59","date_gmt":"2025-07-16T11:57:59","guid":{"rendered":"https:\/\/13.com.ar\/index.php\/quien-era-la-enfermera-chilena-que-murio-en-su-primer-dia-de-trabajo\/"},"modified":"2025-07-16T08:57:59","modified_gmt":"2025-07-16T11:57:59","slug":"quien-era-la-enfermera-chilena-que-murio-en-su-primer-dia-de-trabajo","status":"publish","type":"post","link":"https:\/\/13.com.ar\/index.php\/quien-era-la-enfermera-chilena-que-murio-en-su-primer-dia-de-trabajo\/","title":{"rendered":"qui\u00e9n era la enfermera chilena que muri\u00f3 en su primer d\u00eda de trabajo"},"content":{"rendered":"<p> <br \/>\n<br \/><img decoding=\"async\" src=\"https:\/\/13.com.ar\/wp-content\/uploads\/2025\/07\/quien-era-la-enfermera-chilena-que-murio-en-su-primer.jpg\" \/><\/p>\n<div id=\"element-body-0\">\n<p>Cuatro personas murieron el domingo 13 de julio al estrellarse una avioneta en el <strong>aeropuerto Southend de Londres<\/strong>, poco despu\u00e9s del despegue rumbo a los Pa\u00edses Bajos. Entre las v\u00edctimas, las autoridades confirmaron la identidad de una enfermera chilena que viv\u00eda su primer d\u00eda de trabajo.<\/p>\n<\/div>\n<div id=\"element-body-1\">\n<p>La Polic\u00eda de Essex confirm\u00f3 que las cuatro personas que viajaban a bordo del Beechcraft B200 Super King Air, operado por la empresa holandesa Zeusch Aviation, <strong>murieron en el accidente<\/strong>. M\u00e1s tarde, la Canciller\u00eda chilena comunic\u00f3 que una de las v\u00edctimas era una ciudadana chilena: Mar\u00eda Fernanda Rojas Ortiz.<\/p>\n<\/div>\n<div id=\"element-body-2\">\n<p>Un amigo de Ortiz cont\u00f3 a un medio local que la fecha del accidente era<strong> su primer d\u00eda como<\/strong> <strong>parte de la tripulaci\u00f3n m\u00e9dica del avi\u00f3n ambulancia<\/strong>. &#8220;Era enfermera de hospital, pero luego acept\u00f3 un empleo en una empresa m\u00e9dica privada. No lo sab\u00eda mucha gente&#8221;, mencion\u00f3.<\/p>\n<\/div>\n<div id=\"element-body-3\">\n<p>Adem\u00e1s, Ana Smith, tambi\u00e9n amiga, relat\u00f3 a la BBC que Mar\u00eda Fernanda estaba &#8220;muy entusiasmada con este nuevo trabajo&#8221;. Por su parte, la familia a\u00fan no realiz\u00f3 declaraciones oficiales a la prensa.<\/p>\n<\/div>\n<div id=\"element-body-4\">\n<p>Sus seres queridos impulsaron una campa\u00f1a en GoFundMe para colaborar con los gastos f\u00fanebres. \u201cEn este momento tan doloroso, queremos unirnos para brindar apoyo a su familia. Este proceso conlleva numerosos gastos imprevistos, como traslados, tr\u00e1mites, posibles viajes y todo lo necesario para darle la despedida que merece\u201d, explicaron. <\/p>\n<\/div>\n<div id=\"element-body-6\">\n<p><strong>Mar\u00eda Fernanda Rojas Ortiz<\/strong>, una <strong>enfermera de 32 a\u00f1os<\/strong> oriunda del pueblo Chuquicamata en Antofagasta, resid\u00eda actualmente en los Pa\u00edses Bajos. Antes de mudarse, &#8220;Fe\u00f1a&#8221;, como le dec\u00edan sus seres queridos, hab\u00eda residido durante varios a\u00f1os en Alemania, donde obtuvo la ciudadan\u00eda.<\/p>\n<\/div>\n<div id=\"element-body-7\">\n<p>Se hab\u00eda formado profesionalmente como<strong> enfermera de aviaci\u00f3n<\/strong> en la Universidad San Sebasti\u00e1n en Santiago, en Chile. En el \u00e1mbito personal, Mar\u00eda Fernanda estaba casada y hab\u00eda contra\u00eddo matrimonio en febrero de 2024.<\/p>\n<\/div>\n<div id=\"element-body-9\">\n<p>En 2019 viaj\u00f3 a Alemania para trabajar como enfermera cualificada en cirug\u00eda traumatol\u00f3gica, seg\u00fan lo publicado en su perfil de LinkedIn. Desde abril de dicho a\u00f1o, fue empleada del <strong>Hospital Helios Siegburg<\/strong>, ubicado en Siegburg, Renania del Norte-Westfalia, Alemania.<\/p>\n<\/div>\n<div id=\"element-body-10\">\n<p>En entrevista con TalentOrange, Maria Fernanda detall\u00f3:  &#8220;Siempre he querido trabajar en el extranjero como enfermera, siempre fue mi objetivo principal&#8221;. El \u00faltimo a\u00f1o de universidad empezamos a recibir informaci\u00f3n de que a Alemania le faltaba personal de enfermer\u00eda y que daban muchas facilidades para trabajar y ah\u00ed dije &#8216;intent\u00e9moslo'&#8221;, relat\u00f3.<\/p>\n<\/div>\n<div id=\"element-body-11\">\n<p>Ortiz tambi\u00e9n fue alumna del <strong>Colegio de Enfermeras de Chile<\/strong>, cuya instituci\u00f3n la record\u00f3 como una profesional &#8220;<strong>con calidad humana y compromiso con el cuidado de las personas<\/strong>&#8220;, a trav\u00e9s de X.<\/p>\n<\/div>\n<div id=\"element-body-12\">\n<p>Durante su infancia, Mar\u00eda Fernanda hab\u00eda completado sus estudios en el <strong>Colegio Chuquicamata<\/strong>, donde era muy querida. La instituci\u00f3n manifest\u00f3 sus condolencias y calific\u00f3 este momento como &#8220;doloroso&#8221;. <\/p>\n<\/div>\n<div id=\"element-body-14\">\n<p>Con respecto a su vida personal, Mar\u00eda Fernanda era reci\u00e9n casada. Hab\u00eda contra\u00eddo matrimonio en febrero de 2024.<\/p>\n<\/div>\n<p><br \/>\n<br \/><a href=\"https:\/\/www.clarin.com\/internacional\/accidente-aereo-londres-enfermera-chilena-murio-primer-dia-trabajo_0_gFcjp2zzYI.html\">Fuente Clarin.com <\/a><\/p>\n","protected":false},"excerpt":{"rendered":"<p>Cuatro personas murieron el domingo 13 de julio al estrellarse una avioneta en el aeropuerto Southend de Londres, poco despu\u00e9s del despegue rumbo a los Pa\u00edses Bajos. Entre las v\u00edctimas, las autoridades confirmaron la identidad de una enfermera chilena que viv\u00eda su primer d\u00eda de trabajo. La Polic\u00eda de Essex confirm\u00f3 que las cuatro personas [&hellip;]<\/p>\n","protected":false},"author":1,"featured_media":42634,"comment_status":"open","ping_status":"open","sticky":false,"template":"","format":"standard","meta":{"footnotes":""},"categories":[2],"tags":[15294,1154,16548,762,611,195,3,592],"class_list":["post-42633","post","type-post","status-publish","format-standard","has-post-thumbnail","hentry","category-ultimas-noticias","tag-chilena","tag-dia","tag-enfermera","tag-era","tag-murio","tag-primer","tag-quien","tag-trabajo"],"_links":{"self":[{"href":"https:\/\/13.com.ar\/index.php\/wp-json\/wp\/v2\/posts\/42633","targetHints":{"allow":["GET"]}}],"collection":[{"href":"https:\/\/13.com.ar\/index.php\/wp-json\/wp\/v2\/posts"}],"about":[{"href":"https:\/\/13.com.ar\/index.php\/wp-json\/wp\/v2\/types\/post"}],"author":[{"embeddable":true,"href":"https:\/\/13.com.ar\/index.php\/wp-json\/wp\/v2\/users\/1"}],"replies":[{"embeddable":true,"href":"https:\/\/13.com.ar\/index.php\/wp-json\/wp\/v2\/comments?post=42633"}],"version-history":[{"count":0,"href":"https:\/\/13.com.ar\/index.php\/wp-json\/wp\/v2\/posts\/42633\/revisions"}],"wp:featuredmedia":[{"embeddable":true,"href":"https:\/\/13.com.ar\/index.php\/wp-json\/wp\/v2\/media\/42634"}],"wp:attachment":[{"href":"https:\/\/13.com.ar\/index.php\/wp-json\/wp\/v2\/media?parent=42633"}],"wp:term":[{"taxonomy":"category","embeddable":true,"href":"https:\/\/13.com.ar\/index.php\/wp-json\/wp\/v2\/categories?post=42633"},{"taxonomy":"post_tag","embeddable":true,"href":"https:\/\/13.com.ar\/index.php\/wp-json\/wp\/v2\/tags?post=42633"}],"curies":[{"name":"wp","href":"https:\/\/api.w.org\/{rel}","templated":true}]}}