{"id":42629,"date":"2025-07-16T08:24:55","date_gmt":"2025-07-16T11:24:55","guid":{"rendered":"https:\/\/13.com.ar\/index.php\/cuando-cobro-la-asignacion-de-julio-si-mi-dni-termina-en-6\/"},"modified":"2025-07-16T08:24:55","modified_gmt":"2025-07-16T11:24:55","slug":"cuando-cobro-la-asignacion-de-julio-si-mi-dni-termina-en-6","status":"publish","type":"post","link":"https:\/\/13.com.ar\/index.php\/cuando-cobro-la-asignacion-de-julio-si-mi-dni-termina-en-6\/","title":{"rendered":"cu\u00e1ndo cobro la asignaci\u00f3n de julio si mi DNI termina en 6"},"content":{"rendered":"<p> <br \/>\n<br \/><img decoding=\"async\" src=\"https:\/\/13.com.ar\/wp-content\/uploads\/2025\/07\/que-requisitos-fueron-actualizados-por-el-ANSES-para-recibirla-gratis.jpg\" \/><\/p>\n<div id=\"element-body-0\">\n<p>La <strong>Asignaci\u00f3n Universal por Hijo (AUH)<\/strong> es uno de los pilares de la protecci\u00f3n social en la Argentina y, para <strong>julio 2025<\/strong>, llega con novedades decisivas: un aumento del <strong>1,5 %<\/strong> por la f\u00f3rmula de movilidad y un calendario de pagos que empiez\u00f3 el 8 de julio y se extiende hasta el 22, seg\u00fan la terminaci\u00f3n del DNI.<\/p>\n<\/div>\n<div id=\"element-body-1\">\n<p>Si bien la suba parece modesta frente a la inflaci\u00f3n interanual, representa una actualizaci\u00f3n indispensable que eleva el haber general a <strong>$111.141<\/strong>, cifra de referencia que <strong>Administraci\u00f3n Nacional de la Seguridad Social (ANSeS)<\/strong> publica en su calendario oficial y que contempla, adem\u00e1s, un 20% retenido que solo se cobra al presentar la Libreta AUH.<\/p>\n<\/div>\n<div id=\"element-body-2\">\n<p>El impacto no se limita a las asignaciones: tambi\u00e9n alcanza a <strong>jubilaciones y pensiones<\/strong>. Quienes perciben la m\u00ednima este mes embolsar\u00e1n <strong>$379.294,79 (haber + bono), <\/strong>mientras que los topes para el grupo familiar y para el haber m\u00e1ximo se mantienen actualizados por resoluci\u00f3n 252\/25.<\/p>\n<\/div>\n<div id=\"element-body-4\">\n<p>Por \u00faltimo, <strong>ANSeS<\/strong> recuerda que la carga de la <strong>Libreta AUH 2025 <\/strong>vence el 31 de diciembre y que los titulares deben verificar su domicilio y tel\u00e9fonos en <strong>Mi ANSES <\/strong>para recibir notificaciones sobre cobros y bonos extraordinarios.<\/p>\n<\/div>\n<div id=\"element-body-6\">\n<p>El cronograma oficial fija el <strong>jueves<\/strong> <strong>17 de julio de 2025 <\/strong>como fecha de pago para los <strong>titulares de AUH cuyo DNI termina en 6<\/strong>. Esto aplica tanto a la AUH cl\u00e1sica como a la Asignaci\u00f3n Familiar por Hijo, porque ambas prestaciones comparten calendario.<\/p>\n<\/div>\n<div id=\"element-body-7\">\n<p>Ese d\u00eda se acreditar\u00e1 el 80 % del haber ($88.912,80); el 20 % restante se cobra una vez al a\u00f1o contra la presentaci\u00f3n de la Libreta, que certifica escolaridad y controles de salud de los menores.<\/p>\n<\/div>\n<div id=\"element-body-8\">\n<p>Cabe recordar que <strong>ANSeS<\/strong> deposita autom\u00e1ticamente en la cuenta bancaria o la billetera virtual elegida por el beneficiario; quienes necesiten cambiarla pueden hacerlo en la secci\u00f3n \u201cCobros\u201d de <strong>Mi ANSeS<\/strong> sin turno previo.<\/p>\n<\/div>\n<div id=\"element-body-10\">\n<p>Si el pago no aparece en la fecha prevista, el organismo recomienda utilizar la Atenci\u00f3n Virtual para registrar el reclamo y verificar que no existan observaciones en la Libreta AUH o en los datos personales.<\/p>\n<\/div>\n<p><h2>Asignaci\u00f3n Universal por Hijo (AUH) y Asignaci\u00f3n Familiar por Hijo: cu\u00e1ndo cobro en julio de 2025<\/h2>\n<\/p>\n<p><br \/>\n<br \/><a href=\"https:\/\/www.clarin.com\/informacion-general\/auh-cobro-asignacion-julio-dni-termina-6_0_kM9HCCwJtR.html\">Fuente Clarin.com <\/a><\/p>\n","protected":false},"excerpt":{"rendered":"<p>La Asignaci\u00f3n Universal por Hijo (AUH) es uno de los pilares de la protecci\u00f3n social en la Argentina y, para julio 2025, llega con novedades decisivas: un aumento del 1,5 % por la f\u00f3rmula de movilidad y un calendario de pagos que empiez\u00f3 el 8 de julio y se extiende hasta el 22, seg\u00fan la [&hellip;]<\/p>\n","protected":false},"author":1,"featured_media":40146,"comment_status":"open","ping_status":"open","sticky":false,"template":"","format":"standard","meta":{"footnotes":""},"categories":[2],"tags":[3955,1554,677,3956,2704,3957],"class_list":["post-42629","post","type-post","status-publish","format-standard","has-post-thumbnail","hentry","category-ultimas-noticias","tag-asignacion","tag-cobro","tag-cuando","tag-dni","tag-julio","tag-termina"],"_links":{"self":[{"href":"https:\/\/13.com.ar\/index.php\/wp-json\/wp\/v2\/posts\/42629","targetHints":{"allow":["GET"]}}],"collection":[{"href":"https:\/\/13.com.ar\/index.php\/wp-json\/wp\/v2\/posts"}],"about":[{"href":"https:\/\/13.com.ar\/index.php\/wp-json\/wp\/v2\/types\/post"}],"author":[{"embeddable":true,"href":"https:\/\/13.com.ar\/index.php\/wp-json\/wp\/v2\/users\/1"}],"replies":[{"embeddable":true,"href":"https:\/\/13.com.ar\/index.php\/wp-json\/wp\/v2\/comments?post=42629"}],"version-history":[{"count":0,"href":"https:\/\/13.com.ar\/index.php\/wp-json\/wp\/v2\/posts\/42629\/revisions"}],"wp:featuredmedia":[{"embeddable":true,"href":"https:\/\/13.com.ar\/index.php\/wp-json\/wp\/v2\/media\/40146"}],"wp:attachment":[{"href":"https:\/\/13.com.ar\/index.php\/wp-json\/wp\/v2\/media?parent=42629"}],"wp:term":[{"taxonomy":"category","embeddable":true,"href":"https:\/\/13.com.ar\/index.php\/wp-json\/wp\/v2\/categories?post=42629"},{"taxonomy":"post_tag","embeddable":true,"href":"https:\/\/13.com.ar\/index.php\/wp-json\/wp\/v2\/tags?post=42629"}],"curies":[{"name":"wp","href":"https:\/\/api.w.org\/{rel}","templated":true}]}}