{"id":42627,"date":"2025-07-16T08:21:56","date_gmt":"2025-07-16T11:21:56","guid":{"rendered":"https:\/\/13.com.ar\/index.php\/el-desafio-que-le-impone-su-diagnostico-y-el-dia-que-perdio-todo\/"},"modified":"2025-07-16T08:21:56","modified_gmt":"2025-07-16T11:21:56","slug":"el-desafio-que-le-impone-su-diagnostico-y-el-dia-que-perdio-todo","status":"publish","type":"post","link":"https:\/\/13.com.ar\/index.php\/el-desafio-que-le-impone-su-diagnostico-y-el-dia-que-perdio-todo\/","title":{"rendered":"el desaf\u00edo que le impone su diagn\u00f3stico y el d\u00eda que perdi\u00f3 todo"},"content":{"rendered":"<p> <br \/>\n<br \/><img decoding=\"async\" src=\"https:\/\/13.com.ar\/wp-content\/uploads\/2025\/07\/el-desafio-que-le-impone-su-diagnostico-y-el-dia.jpg\" \/><\/p>\n<div id=\"element-body-0\">\n<p>La versi\u00f3n de Los locos Addams de los a\u00f1os 90 dej\u00f3 el recuerdo imborrable del personaje de Largo. El es el bonach\u00f3n y callado empleado de la familia que se lleva muy bien con los m\u00e1s peque\u00f1os, <strong>Merlina<\/strong> y <strong>Pericles<\/strong>.<\/p>\n<\/div>\n<div id=\"element-body-1\">\n<p>En esta versi\u00f3n, dirigida por<strong> Barry Sonnenfeld<\/strong>, este papel lo llev\u00f3 el actor neerland\u00e9s<strong> Carel Struycken<\/strong>, quien tiene una vida que vale conocer.<\/p>\n<\/div>\n<div id=\"element-body-2\">\n<p><strong>Struycken <\/strong>presenta una condici\u00f3n f\u00edsica llamada <strong>acromegalia<\/strong>. Como explica la p\u00e1gina de divulgaci\u00f3n de la <strong>Cl\u00ednica Mayo<\/strong>, se trata de una afecci\u00f3n poco frecuente que resulta del exceso de hormonas de crecimiento y genera que algunos huesos, \u00f3rganos y otros tejidos aumenten de tama\u00f1o en forma desproporcionada.<\/p>\n<\/div>\n<div id=\"element-body-3\">\n<p>Su diagnostic\u00f3 lleg\u00f3 a los 20 a\u00f1os y esta es la respuesta a su<strong> altura de 2,13 metros<\/strong> y su fisonom\u00eda de rasgos h\u00edper marcados.<\/p>\n<\/div>\n<div id=\"element-body-5\">\n<p>El, m\u00e1s all\u00e1 de las adaptaciones f\u00edsicas constantes que implica, pudo transformarlo en un sello personal a su favor  como actor.<\/p>\n<\/div>\n<div id=\"element-body-6\">\n<p>Es m\u00e1s, sus comienzos en la actuaci\u00f3n tienen que ver con esto. El sitio Fandom recopila que un d\u00eda de 1978 estaba en una equina de Hollywood. Una mujer al verlo fren\u00f3 su auto y le grit\u00f3 que lo necesitaba como actor para una pel\u00edcula.<\/p>\n<\/div>\n<div id=\"element-body-7\">\n<p>La pel\u00edcula en cuesti\u00f3n es<strong> Sgt. Pepper&#8217;s Lonely Hearts Club Band<\/strong>, donde interpret\u00f3 el papel de<strong> El Bruto<\/strong>.<\/p>\n<\/div>\n<div id=\"element-body-8\">\n<p>Desde entonces, tal como detalla el sitio Cineman\u00eda, <strong>Struycken <\/strong>compatibiliz\u00f3 las clases como profesor de fotograf\u00eda con papeles en pel\u00edculas y series. \u00bfAlgunas de sus incursiones destacadas? Adem\u00e1s del gran<strong> Largo<\/strong> en 1991 y en la secuela de 1993 <strong>-TV Addams Family Reunion<\/strong>-, Clar\u00edn detalla que tuvo un peque\u00f1o rol de <strong>Hombres de negro<\/strong>. Tambi\u00e9n particip\u00f3 en <strong>Las brujas de Eastwick<\/strong>,<strong> Star Trek <\/strong>y fue el villano del film de horror<strong> El juego de Gerald<\/strong>, basado en una novela de Stephen King.<\/p>\n<\/div>\n<div id=\"element-body-9\">\n<p>De todas maneras, el rol de <strong>El Gigante<\/strong> en la m\u00edtica <strong>Twin Peaks<\/strong>, creada por<strong> David Lynch<\/strong> y<strong> Mark Frost<\/strong>, es hasta el momento su participaci\u00f3n con m\u00e1s repercusi\u00f3n.<\/p>\n<\/div>\n<div id=\"element-body-10\">\n<p>Tambi\u00e9n particip\u00f3 en el desarrollo de hardware y software de sistemas de\u00a0realidad virtual<\/p>\n<\/div>\n<div id=\"element-body-12\">\n<p>En cuanto a su vida personal, est\u00e1 casado con <strong>Tracey<\/strong>, una m\u00e9dica de familia muy dedicada a su trabajo, y tiene dos hijos.<\/p>\n<\/div>\n<div id=\"element-body-15\">\n<p>Siempre alejado del foco medi\u00e1tico, a principios de este a\u00f1o acapar\u00f3 la atenci\u00f3n por una dram\u00e1tica situaci\u00f3n. El y su mujer, siguiendo una nota de Variety, vivieron m\u00e1s de doce a\u00f1os en su casa de Altadena, California.<\/p>\n<\/div>\n<div id=\"element-body-16\">\n<p>Esta zona es conocida por los incendios en las colinas cubiertas de malezas. Ellos no hab\u00edan corrido peligro hasta ahora. Aunque en enero a\u00f1o la situaci\u00f3n fue distinta. \u201cSopl\u00f3 un viento tan fuerte y err\u00e1tico que ocurri\u00f3 todo al mismo tiempo. Tuvimos que salir tan r\u00e1pido. Ten\u00edamos preparadas algunas pertenencias -entre ellas, recuerdos- pero no pude llevarlas\u201d, cont\u00f3 en abril para Variety.<\/p>\n<\/div>\n<div id=\"element-body-18\">\n<p>La casa qued\u00f3 totalmente devastada. Para que puedan salir del paso, sus hijos y su yerno organizaron una colecta virtual que tuvo gran repercusi\u00f3n. Adem\u00e1s, compa\u00f1eros de <strong>Twin Peaks<\/strong> buscaron ropa para su talle, algo que suele ser bastante dificultoso para \u00e9l.<\/p>\n<\/div>\n<div id=\"element-body-21\">\n<p><strong>Struycken<\/strong> tiene actualmente 76 a\u00f1os. En la \u00faltima nota que brind\u00f3, que fue para Variety en abril, cont\u00f3 que se encontraba alquilando temporalmente una casa en Long Beach y que manten\u00eda esperanzas en la reconstrucci\u00f3n de su vivienda. Al mismo tiempo, espera con ilusi\u00f3n la boda de uno de sus hijos, que se realizar\u00e1 en marzo.<\/p>\n<\/div>\n<p><br \/>\n<br \/><a href=\"https:\/\/www.clarin.com\/internacional\/largo-locos-addams-90-76-anos-desafio-impone-diagnostico-dia-perdio_0_qfxBCkm7HT.html\">Fuente Clarin.com <\/a><\/p>\n","protected":false},"excerpt":{"rendered":"<p>La versi\u00f3n de Los locos Addams de los a\u00f1os 90 dej\u00f3 el recuerdo imborrable del personaje de Largo. El es el bonach\u00f3n y callado empleado de la familia que se lleva muy bien con los m\u00e1s peque\u00f1os, Merlina y Pericles. En esta versi\u00f3n, dirigida por Barry Sonnenfeld, este papel lo llev\u00f3 el actor neerland\u00e9s Carel [&hellip;]<\/p>\n","protected":false},"author":1,"featured_media":42628,"comment_status":"open","ping_status":"open","sticky":false,"template":"","format":"standard","meta":{"footnotes":""},"categories":[2],"tags":[559,1154,12657,10589,88,24],"class_list":["post-42627","post","type-post","status-publish","format-standard","has-post-thumbnail","hentry","category-ultimas-noticias","tag-desafio","tag-dia","tag-diagnostico","tag-impone","tag-perdio","tag-todo"],"_links":{"self":[{"href":"https:\/\/13.com.ar\/index.php\/wp-json\/wp\/v2\/posts\/42627","targetHints":{"allow":["GET"]}}],"collection":[{"href":"https:\/\/13.com.ar\/index.php\/wp-json\/wp\/v2\/posts"}],"about":[{"href":"https:\/\/13.com.ar\/index.php\/wp-json\/wp\/v2\/types\/post"}],"author":[{"embeddable":true,"href":"https:\/\/13.com.ar\/index.php\/wp-json\/wp\/v2\/users\/1"}],"replies":[{"embeddable":true,"href":"https:\/\/13.com.ar\/index.php\/wp-json\/wp\/v2\/comments?post=42627"}],"version-history":[{"count":0,"href":"https:\/\/13.com.ar\/index.php\/wp-json\/wp\/v2\/posts\/42627\/revisions"}],"wp:featuredmedia":[{"embeddable":true,"href":"https:\/\/13.com.ar\/index.php\/wp-json\/wp\/v2\/media\/42628"}],"wp:attachment":[{"href":"https:\/\/13.com.ar\/index.php\/wp-json\/wp\/v2\/media?parent=42627"}],"wp:term":[{"taxonomy":"category","embeddable":true,"href":"https:\/\/13.com.ar\/index.php\/wp-json\/wp\/v2\/categories?post=42627"},{"taxonomy":"post_tag","embeddable":true,"href":"https:\/\/13.com.ar\/index.php\/wp-json\/wp\/v2\/tags?post=42627"}],"curies":[{"name":"wp","href":"https:\/\/api.w.org\/{rel}","templated":true}]}}