{"id":42626,"date":"2025-07-16T08:18:55","date_gmt":"2025-07-16T11:18:55","guid":{"rendered":"https:\/\/13.com.ar\/index.php\/cuando-cobro-la-jubilacion-de-julio-si-mi-dni-termina-en-6\/"},"modified":"2025-07-16T08:18:55","modified_gmt":"2025-07-16T11:18:55","slug":"cuando-cobro-la-jubilacion-de-julio-si-mi-dni-termina-en-6","status":"publish","type":"post","link":"https:\/\/13.com.ar\/index.php\/cuando-cobro-la-jubilacion-de-julio-si-mi-dni-termina-en-6\/","title":{"rendered":"cu\u00e1ndo cobro la jubilaci\u00f3n de julio si mi DNI termina en 6"},"content":{"rendered":"<p> <br \/>\n<br \/><img decoding=\"async\" src=\"https:\/\/13.com.ar\/wp-content\/uploads\/2025\/07\/estas-son-las-fechas-de-cobro-para-julio-2025.jpg\" \/><\/p>\n<div id=\"element-body-0\">\n<p>La <strong>jubilaci\u00f3n m\u00ednima<\/strong> <strong>de julio<\/strong> se fija en $309.294,79 y, al sumarle el <strong>bono de $70.000<\/strong>, ning\u00fan beneficiario cobrar\u00e1 menos de <strong>$379.294,79<\/strong> en mano. A la par, la jubilaci\u00f3n m\u00e1xima trepa a $2.081.261,16, reflejando el ajuste mensual por la nueva f\u00f3rmula que sigue el \u00edndice de precios al consumidor (IPC) de dos meses atr\u00e1s.<\/p>\n<\/div>\n<div id=\"element-body-1\">\n<p>El <strong>refuerzo extraordinario<\/strong> \u2014creado por el Decreto 444\/2025\u2014 se paga completo a quienes perciben hasta un haber m\u00ednimo y de manera proporcional a los que lo superan, garantizando que el ingreso total no baje del piso fijado.<\/p>\n<\/div>\n<div id=\"element-body-2\">\n<p>Por \u00faltimo, <strong>Administraci\u00f3n Nacional de la Seguridad Social (ANSeS)<\/strong> dispuso un calendario escalonado: los haberes que no superan la m\u00ednima comienzan el 8\/7 y los haberes mayores arrancan el 23\/7.<\/p>\n<\/div>\n<div id=\"element-body-5\">\n<p>Este cronograma rige tanto para jubilados del Sistema Integrado Previsional Argentino (SIPA) como para beneficiarios de pensiones contributivas y no contributivas que se encuadren en cada rango.<\/p>\n<\/div>\n<div id=\"element-body-6\">\n<p>El pago se acredita de manera autom\u00e1tica en la cuenta bancaria declarada; quienes todav\u00eda cobran por ventanilla deben concurrir con DNI y tarjeta de d\u00e9bito habilitada. <\/p>\n<\/div>\n<div id=\"element-body-8\">\n<p>Para evitar demoras, <strong>ANSeS<\/strong> recomienda consultar la fecha exacta y el lugar de cobro en <strong>Mi ANSeS <\/strong>o llamando al 130 (gratuito desde l\u00edneas fijas).<\/p>\n<\/div>\n<p><br \/>\n<br \/><a href=\"https:\/\/www.clarin.com\/informacion-general\/anses-cobro-jubilacion-julio-dni-termina-6_0_UOIjRdbz22.html\">Fuente Clarin.com <\/a><\/p>\n","protected":false},"excerpt":{"rendered":"<p>La jubilaci\u00f3n m\u00ednima de julio se fija en $309.294,79 y, al sumarle el bono de $70.000, ning\u00fan beneficiario cobrar\u00e1 menos de $379.294,79 en mano. A la par, la jubilaci\u00f3n m\u00e1xima trepa a $2.081.261,16, reflejando el ajuste mensual por la nueva f\u00f3rmula que sigue el \u00edndice de precios al consumidor (IPC) de dos meses atr\u00e1s. El [&hellip;]<\/p>\n","protected":false},"author":1,"featured_media":42018,"comment_status":"open","ping_status":"open","sticky":false,"template":"","format":"standard","meta":{"footnotes":""},"categories":[2],"tags":[1554,677,3956,1515,2704,3957],"class_list":["post-42626","post","type-post","status-publish","format-standard","has-post-thumbnail","hentry","category-ultimas-noticias","tag-cobro","tag-cuando","tag-dni","tag-jubilacion","tag-julio","tag-termina"],"_links":{"self":[{"href":"https:\/\/13.com.ar\/index.php\/wp-json\/wp\/v2\/posts\/42626","targetHints":{"allow":["GET"]}}],"collection":[{"href":"https:\/\/13.com.ar\/index.php\/wp-json\/wp\/v2\/posts"}],"about":[{"href":"https:\/\/13.com.ar\/index.php\/wp-json\/wp\/v2\/types\/post"}],"author":[{"embeddable":true,"href":"https:\/\/13.com.ar\/index.php\/wp-json\/wp\/v2\/users\/1"}],"replies":[{"embeddable":true,"href":"https:\/\/13.com.ar\/index.php\/wp-json\/wp\/v2\/comments?post=42626"}],"version-history":[{"count":0,"href":"https:\/\/13.com.ar\/index.php\/wp-json\/wp\/v2\/posts\/42626\/revisions"}],"wp:featuredmedia":[{"embeddable":true,"href":"https:\/\/13.com.ar\/index.php\/wp-json\/wp\/v2\/media\/42018"}],"wp:attachment":[{"href":"https:\/\/13.com.ar\/index.php\/wp-json\/wp\/v2\/media?parent=42626"}],"wp:term":[{"taxonomy":"category","embeddable":true,"href":"https:\/\/13.com.ar\/index.php\/wp-json\/wp\/v2\/categories?post=42626"},{"taxonomy":"post_tag","embeddable":true,"href":"https:\/\/13.com.ar\/index.php\/wp-json\/wp\/v2\/tags?post=42626"}],"curies":[{"name":"wp","href":"https:\/\/api.w.org\/{rel}","templated":true}]}}