{"id":42622,"date":"2025-07-16T08:12:57","date_gmt":"2025-07-16T11:12:57","guid":{"rendered":"https:\/\/13.com.ar\/index.php\/llegaron-las-lluvias-se-viene-el-frio-una-minima-de-5-grados-y-que-pasara-con-la-ciclogenesis\/"},"modified":"2025-07-16T08:12:57","modified_gmt":"2025-07-16T11:12:57","slug":"llegaron-las-lluvias-se-viene-el-frio-una-minima-de-5-grados-y-que-pasara-con-la-ciclogenesis","status":"publish","type":"post","link":"https:\/\/13.com.ar\/index.php\/llegaron-las-lluvias-se-viene-el-frio-una-minima-de-5-grados-y-que-pasara-con-la-ciclogenesis\/","title":{"rendered":"llegaron las lluvias, se viene el fr\u00edo una m\u00ednima de 5 grados y qu\u00e9 pasar\u00e1 con la ciclog\u00e9nesis"},"content":{"rendered":"<p> <br \/>\n<br \/><img decoding=\"async\" src=\"https:\/\/13.com.ar\/wp-content\/uploads\/2025\/07\/llegaron-las-lluvias-se-viene-el-frio-una-minima-de.jpg\" \/><\/p>\n<div id=\"element-body-0\">\n<p>La primaverita que tuvo tardes de m\u00e1s de 20 grados en pleno julio en la Ciudad de Buenos Aires termin\u00f3 y lo hizo de la peor manera: l<strong>luvias, alerta meteorol\u00f3gica<\/strong> y la previsi\u00f3n de que la temperatura se derrumbar\u00e1 hasta<strong> una m\u00ednima de 5 grados<\/strong>. Todo eso prev\u00e9 el pron\u00f3stico del tiempo del <strong>Servicio Meteorol\u00f3gico Nacional (SMN)<\/strong> para este mi\u00e9rcoles 16 de julio y d\u00edas sucesivos, en un contexto en el que se espera un fen\u00f3meno conocido como ciclog\u00e9nesis.<\/p>\n<\/div>\n<div id=\"element-body-1\">\n<p>Vamos por partes. Hoy el d\u00eda arranc\u00f3 literalmente horrible en el AMBA, con precipitaciones por momentos muy fuertes (que coincidieron con el horario de salida de los chicos a la escuela) y un cielo gris plomizo. Una postal nada auspiciosa, que hizo olvidar que hace apenas unas horas el solcito nos hab\u00eda hecho olvidar que estamos en invierno.<\/p>\n<\/div>\n<div id=\"element-body-2\">\n<p>Toda esa escena de invierno sin atenuantes vino acompa\u00f1ada por u<strong>na alerta meteorol\u00f3gica de nivel amarillo <\/strong>del SMN por lluvias, que abarca la Ciudad de Buenos Aires y el Conurbano, pero tambi\u00e9n se extiende hasta la Costa Atl\u00e1ntica y el sur de la provincia de Santa Fe. &#8220;Posibles fen\u00f3menos meteorol\u00f3gicos con capacidad de da\u00f1o y riesgo de interrupci\u00f3n moment\u00e1nea de actividades cotidianas&#8221;, advierte el organismo en su sitio oficial.<\/p>\n<\/div>\n<p><br \/>\n<br \/><a href=\"https:\/\/www.clarin.com\/ciudades\/alerta-meteorologica-buenos-aires-llegaron-lluvias-viene-frio-minima-5-grados-pasara-ciclogenesis_0_ITTvtXKMIF.html\">Fuente Clarin.com <\/a><\/p>\n","protected":false},"excerpt":{"rendered":"<p>La primaverita que tuvo tardes de m\u00e1s de 20 grados en pleno julio en la Ciudad de Buenos Aires termin\u00f3 y lo hizo de la peor manera: lluvias, alerta meteorol\u00f3gica y la previsi\u00f3n de que la temperatura se derrumbar\u00e1 hasta una m\u00ednima de 5 grados. Todo eso prev\u00e9 el pron\u00f3stico del tiempo del Servicio Meteorol\u00f3gico [&hellip;]<\/p>\n","protected":false},"author":1,"featured_media":42623,"comment_status":"open","ping_status":"open","sticky":false,"template":"","format":"standard","meta":{"footnotes":""},"categories":[2],"tags":[23813,18,1438,2927,48,3168,1206,2062,287,286,73,436],"class_list":["post-42622","post","type-post","status-publish","format-standard","has-post-thumbnail","hentry","category-ultimas-noticias","tag-ciclogenesis","tag-con","tag-frio","tag-grados","tag-las","tag-llegaron","tag-lluvias","tag-minima","tag-pasara","tag-que","tag-una","tag-viene"],"_links":{"self":[{"href":"https:\/\/13.com.ar\/index.php\/wp-json\/wp\/v2\/posts\/42622","targetHints":{"allow":["GET"]}}],"collection":[{"href":"https:\/\/13.com.ar\/index.php\/wp-json\/wp\/v2\/posts"}],"about":[{"href":"https:\/\/13.com.ar\/index.php\/wp-json\/wp\/v2\/types\/post"}],"author":[{"embeddable":true,"href":"https:\/\/13.com.ar\/index.php\/wp-json\/wp\/v2\/users\/1"}],"replies":[{"embeddable":true,"href":"https:\/\/13.com.ar\/index.php\/wp-json\/wp\/v2\/comments?post=42622"}],"version-history":[{"count":0,"href":"https:\/\/13.com.ar\/index.php\/wp-json\/wp\/v2\/posts\/42622\/revisions"}],"wp:featuredmedia":[{"embeddable":true,"href":"https:\/\/13.com.ar\/index.php\/wp-json\/wp\/v2\/media\/42623"}],"wp:attachment":[{"href":"https:\/\/13.com.ar\/index.php\/wp-json\/wp\/v2\/media?parent=42622"}],"wp:term":[{"taxonomy":"category","embeddable":true,"href":"https:\/\/13.com.ar\/index.php\/wp-json\/wp\/v2\/categories?post=42622"},{"taxonomy":"post_tag","embeddable":true,"href":"https:\/\/13.com.ar\/index.php\/wp-json\/wp\/v2\/tags?post=42622"}],"curies":[{"name":"wp","href":"https:\/\/api.w.org\/{rel}","templated":true}]}}