{"id":42612,"date":"2025-07-16T07:28:04","date_gmt":"2025-07-16T10:28:04","guid":{"rendered":"https:\/\/13.com.ar\/index.php\/dandadan-temporada-2-capitulo-3-cuando-y-a-que-hora-se-estrena-en-crunchyroll-y-netflix\/"},"modified":"2025-07-16T07:28:04","modified_gmt":"2025-07-16T10:28:04","slug":"dandadan-temporada-2-capitulo-3-cuando-y-a-que-hora-se-estrena-en-crunchyroll-y-netflix","status":"publish","type":"post","link":"https:\/\/13.com.ar\/index.php\/dandadan-temporada-2-capitulo-3-cuando-y-a-que-hora-se-estrena-en-crunchyroll-y-netflix\/","title":{"rendered":"DanDaDan, temporada 2 &#8211; cap\u00edtulo 3: cu\u00e1ndo y a qu\u00e9 hora se estrena en Crunchyroll y Netflix"},"content":{"rendered":"<p> <br \/>\n<br \/><img decoding=\"async\" src=\"https:\/\/13.com.ar\/wp-content\/uploads\/2025\/07\/DanDaDan-temporada-2-capitulo-3-cuando-y-a-que.jpg\" \/><\/p>\n<div id=\"element-body-0\">\n<p><strong>Los <\/strong>cap\u00edtulos<strong> de la segunda temporada de DanDaDan ya se est\u00e1n transmitiendo semanalmente.<\/strong> Tras el final de su primera entrega a finales de 2024, los espectadores del anime siguen mirando con entusiasmo esta nueva temporada que capta la atenci\u00f3n.<\/p>\n<\/div>\n<div id=\"element-body-1\">\n<p>Basada en la obra de Yukinobu Tatsu, la segunda temporada de DanDaDan sigue combinando lo sobrenatural con la ciencia ficci\u00f3n, y <strong>adapta los arcos del manga titulados &#8220;Casa Maldita&#8221; y &#8220;Ojo Diab\u00f3lico&#8221;.<\/strong> Adem\u00e1s, continua desarrollando las aventuras paranormales y la relaci\u00f3n entre Momo Ayase y Okarun.<\/p>\n<\/div>\n<div id=\"element-body-2\">\n<p>Para su producci\u00f3n, <strong>Abel G\u00f3ngora se uni\u00f3 a Yamashiro en la direcci\u00f3n<\/strong>, mientras que el estudio responsable de la animaci\u00f3n es Science Saru. <\/p>\n<\/div>\n<div id=\"element-body-5\">\n<p>Las cuentas oficiales de la serie anunciaron que <strong>el cap\u00edtulo 3 de la segunda temporada de DanDaDan se estrenar\u00e1 el jueves 17 de julio de 2025<\/strong> a nivel mundial.<\/p>\n<\/div>\n<div id=\"element-body-6\">\n<blockquote class=\"twitter-tweet\">\n<p lang=\"en\" dir=\"ltr\">Preview for &#8216;DAN DA DAN&#8217; Season 2 Episode 3! <a rel=\"nofollow\" target=\"_blank\" href=\"https:\/\/t.co\/5jYsI4xqFW\">pic.twitter.com\/5jYsI4xqFW<\/a><\/p>\n<p>\u2014 Dandadan (@DandadanTV) <a rel=\"nofollow\" target=\"_blank\" href=\"https:\/\/twitter.com\/DandadanTV\/status\/1943965160915222618?ref_src=twsrc%5Etfw\">July 12, 2025<\/a><\/p><\/blockquote>\n<\/div>\n<div id=\"element-body-7\">\n<p>El tercer episodio de esta nueva temporada estar\u00e1 disponible en <strong>Netflix<\/strong>, as\u00ed como en plataformas como <strong>Crunchyroll y Funimation<\/strong>, permitiendo a los fan\u00e1ticos disfrutar de cada entrega desde la comodidad de sus hogares. Adem\u00e1s, <strong>se espera que la temporada tenga 12 episodios<\/strong>, lo que significa que el anime continuar\u00e1 hasta principios de septiembre.<\/p>\n<\/div>\n<div id=\"element-body-8\">\n<blockquote class=\"twitter-tweet\">\n<p lang=\"en\" dir=\"ltr\">WHAT DID DANDADAN JUST DO TO ME!!? Episode 2 was so many things\u2026 it was PERFECTION. How are they going to top this. \ud83e\udd75 dang okay season 2! <a rel=\"nofollow\" target=\"_blank\" href=\"https:\/\/t.co\/3kPapoYlNy\">pic.twitter.com\/3kPapoYlNy<\/a><\/p>\n<p>\u2014 Flexiejay (@FLEXIEJAYANIME) <a rel=\"nofollow\" target=\"_blank\" href=\"https:\/\/twitter.com\/FLEXIEJAYANIME\/status\/1943370541458690526?ref_src=twsrc%5Etfw\">July 10, 2025<\/a><\/p><\/blockquote>\n<\/div>\n<div id=\"element-body-10\">\n<p>Como mencionamos anteriormente, <strong>el cap\u00edtulo 3 de la segunda temporada de DanDaDan se estrenar\u00e1 a nivel mundial este jueves 17 de julio<\/strong>. Sin embargo, por la transmisi\u00f3n de un evento deportivo, <strong>el lanzamiento del segundo episodio tendr\u00e1 un horario distinto al habitual.<\/strong> A continuaci\u00f3n, los horarios de estreno para distintas regiones:<\/p>\n<\/div>\n<div id=\"element-body-11\">\n<blockquote class=\"twitter-tweet\">\n<p lang=\"en\" dir=\"ltr\">The Evil Eye is here! \ud83d\udc41\ufe0f<\/p>\n<p>\u2014 Watch DAN DA DAN Season 2 on Crunchyroll, Netflix, Hulu, Muse &amp; ADN ! <a rel=\"nofollow\" target=\"_blank\" href=\"https:\/\/t.co\/siTM65zkz4\">pic.twitter.com\/siTM65zkz4<\/a><\/p>\n<p>\u2014 AnimeTV \u30c1\u30a7\u30fc\u30f3 (@animetv_jp) <a rel=\"nofollow\" target=\"_blank\" href=\"https:\/\/twitter.com\/animetv_jp\/status\/1943390482182111294?ref_src=twsrc%5Etfw\">July 10, 2025<\/a><\/p><\/blockquote>\n<\/div>\n<div id=\"element-body-14\">\n<p>Durante la primera temporada, el anime serie abord\u00f3 los primeros tres arcos del manga (Turbo Granny, Acrobatic Silky y el regreso de los Serpo), tras la introducci\u00f3n de Okarun y Momo. Sin embargo, el final de temporada nos dej\u00f3 con la presentaci\u00f3n del nuevo arco y punto de partido de la segunda parte de DanDaDan: <strong>la Casa Maldita (Cursed House Arc)<\/strong>, que abarca los cap\u00edtulos 34 al 50 del manga. A continuaci\u00f3n, una breve descripci\u00f3n:<\/p>\n<\/div>\n<div id=\"element-body-15\">\n<blockquote class=\"twitter-tweet\">\n<p lang=\"en\" dir=\"ltr\">Preview for &#8216;DAN DA DAN&#8217; Season 2 Episode 3! <a rel=\"nofollow\" target=\"_blank\" href=\"https:\/\/t.co\/5jYsI4xqFW\">pic.twitter.com\/5jYsI4xqFW<\/a><\/p>\n<p>\u2014 Dandadan (@DandadanTV) <a rel=\"nofollow\" target=\"_blank\" href=\"https:\/\/twitter.com\/DandadanTV\/status\/1943965160915222618?ref_src=twsrc%5Etfw\">July 12, 2025<\/a><\/p><\/blockquote>\n<\/div>\n<div id=\"element-body-16\">\n<p><em>Momo y Okarun ayudan a Jiji, el amigo de la infancia de Momo, a deshacerse de un esp\u00edritu maligno que acecha en su casa. Sin embargo, pronto descubren que esta misi\u00f3n implica mucho m\u00e1s que un simple exorcismo.<\/em><\/p>\n<\/div>\n<div id=\"element-body-17\">\n<p>Adem\u00e1s del arco de la Casa Maldita servir\u00e1 de entrada para <strong>el arco del Ojo Diab\u00f3lico (Evil Eye)<\/strong>. Este arco se centra en una maldici\u00f3n espec\u00edfica que afecta a Jiji, y Okarun juega un papel importante en ayudar a Momo a lidiar con ella. <\/p>\n<\/div>\n<div id=\"element-body-18\">\n<p>Tambi\u00e9n <strong>es probable que se pueda ver al menos una parte del arco del Kaiju<\/strong>, que abarca desde los cap\u00edtulos 63 al 73.<\/p>\n<\/div>\n<p><script async src=\"\/\/platform.twitter.com\/widgets.js\" charset=\"utf-8\"><\/script><br \/>\n<br \/><br \/>\n<br \/><a href=\"https:\/\/www.clarin.com\/internacional\/dandadan-temporada-2-capitulo-3-hora-estrena-crunchyroll-netflix_0_8BviqUiMRf.html\">Fuente Clarin.com <\/a><\/p>\n","protected":false},"excerpt":{"rendered":"<p>Los cap\u00edtulos de la segunda temporada de DanDaDan ya se est\u00e1n transmitiendo semanalmente. Tras el final de su primera entrega a finales de 2024, los espectadores del anime siguen mirando con entusiasmo esta nueva temporada que capta la atenci\u00f3n. Basada en la obra de Yukinobu Tatsu, la segunda temporada de DanDaDan sigue combinando lo sobrenatural [&hellip;]<\/p>\n","protected":false},"author":1,"featured_media":42613,"comment_status":"open","ping_status":"open","sticky":false,"template":"","format":"standard","meta":{"footnotes":""},"categories":[2],"tags":[2497,2499,677,23322,2455,713,1830,286,2204],"class_list":["post-42612","post","type-post","status-publish","format-standard","has-post-thumbnail","hentry","category-ultimas-noticias","tag-capitulo","tag-crunchyroll","tag-cuando","tag-dandadan","tag-estrena","tag-hora","tag-netflix","tag-que","tag-temporada"],"_links":{"self":[{"href":"https:\/\/13.com.ar\/index.php\/wp-json\/wp\/v2\/posts\/42612","targetHints":{"allow":["GET"]}}],"collection":[{"href":"https:\/\/13.com.ar\/index.php\/wp-json\/wp\/v2\/posts"}],"about":[{"href":"https:\/\/13.com.ar\/index.php\/wp-json\/wp\/v2\/types\/post"}],"author":[{"embeddable":true,"href":"https:\/\/13.com.ar\/index.php\/wp-json\/wp\/v2\/users\/1"}],"replies":[{"embeddable":true,"href":"https:\/\/13.com.ar\/index.php\/wp-json\/wp\/v2\/comments?post=42612"}],"version-history":[{"count":0,"href":"https:\/\/13.com.ar\/index.php\/wp-json\/wp\/v2\/posts\/42612\/revisions"}],"wp:featuredmedia":[{"embeddable":true,"href":"https:\/\/13.com.ar\/index.php\/wp-json\/wp\/v2\/media\/42613"}],"wp:attachment":[{"href":"https:\/\/13.com.ar\/index.php\/wp-json\/wp\/v2\/media?parent=42612"}],"wp:term":[{"taxonomy":"category","embeddable":true,"href":"https:\/\/13.com.ar\/index.php\/wp-json\/wp\/v2\/categories?post=42612"},{"taxonomy":"post_tag","embeddable":true,"href":"https:\/\/13.com.ar\/index.php\/wp-json\/wp\/v2\/tags?post=42612"}],"curies":[{"name":"wp","href":"https:\/\/api.w.org\/{rel}","templated":true}]}}