{"id":42609,"date":"2025-07-16T06:51:56","date_gmt":"2025-07-16T09:51:56","guid":{"rendered":"https:\/\/13.com.ar\/index.php\/en-que-punto-esta-trabada-la-negociacion-de-las-listas-en-el-peronismo-este-miercoles-reunion-clave\/"},"modified":"2025-07-16T06:51:56","modified_gmt":"2025-07-16T09:51:56","slug":"en-que-punto-esta-trabada-la-negociacion-de-las-listas-en-el-peronismo-este-miercoles-reunion-clave","status":"publish","type":"post","link":"https:\/\/13.com.ar\/index.php\/en-que-punto-esta-trabada-la-negociacion-de-las-listas-en-el-peronismo-este-miercoles-reunion-clave\/","title":{"rendered":"En qu\u00e9 punto est\u00e1 trabada la negociaci\u00f3n de las listas en el peronismo: este mi\u00e9rcoles, reuni\u00f3n clave"},"content":{"rendered":"<p> <br \/>\n<br \/><img decoding=\"async\" src=\"https:\/\/13.com.ar\/wp-content\/uploads\/2025\/04\/El-peronismo-acelera-para-habilitar-las-reelecciones-indefinidas-para-los.jpg\" \/><\/p>\n<div id=\"element-body-0\">\n<p>En el rompecabezas de las negociaciones por las listas en la provincia de Buenos Aires, los referentes del peronismo decidieron ir de abajo hacia arriba. Priorizar en estos d\u00edas el<strong> intento de ordenar el reparto de las candidaturas en los 135 municipios<\/strong> y dejar para viernes o s\u00e1bado, m\u00e1s cerca del cierre, la definici\u00f3n de los postulantes a legisladores por las ocho secciones electorales.<\/p>\n<\/div>\n<div id=\"element-body-1\">\n<p><strong>\u201cEs lo m\u00e1s complicado\u201d<\/strong>, coincidieron los dirigentes designados para  iniciar las conversaciones. \u201c<strong>Estamos acordando criterios generales pero despu\u00e9s ten\u00e9s realidades muy distintas. Lo termin\u00e1s midiendo en cada territorio y no es f\u00e1cil<\/strong>\u201d, graficaron. De acuerdo con lo resuelto la semana pasada, en la presentaci\u00f3n del frente Fuerza Patria, el armado en cada distrito deber\u00e1 ser validado por los tres sectores liderados por Axel Kicillof, M\u00e1ximo Kirchner y Sergio Massa.<\/p>\n<\/div>\n<div id=\"element-body-2\">\n<p>Una de las reglas ser\u00e1 que en los municipios en los que gobierna el peronismo las listas de concejales las definan los intendentes, con la obligaci\u00f3n de abrir lugares para el resto de los espacios. <strong>\u201cSe les respeta la jefatura del distrito, lo que pierden es la exclusividad para armar\u201d<\/strong>, aclar\u00f3 uno de los negociadores. Caciques del conurbano adelantaron que se reservar\u00e1n como m\u00ednimo los primeros dos candidatos.<\/p>\n<\/div>\n<div id=\"element-body-3\">\n<p>Uno de los m\u00e1s conflictivos ser\u00e1 Mor\u00f3n, gobernado por Lucas Ghi -alineado con Kicillof- y enfrentado a Mart\u00edn Sabbatella, del lado de Cristina Kirchner. \u201c<strong>No reconocemos como jefe al intendente. <\/strong>Hace 30 a\u00f1os que Nuevo Encuentro conduce el distrito, eso no va a cambiar en una mesa, sin una elecci\u00f3n o una interna\u201d, advirtieron cerca de Sabbatella, que pujar\u00e1 por encabezar la lista. Del bando de Ghi replicaron que como jefe comunal le corresponde definir las candidaturas principales.<\/p>\n<\/div>\n<div id=\"element-body-4\">\n<p>En otros municipios hay reticencia a ceder lugares, por caso a partir del enfrentamiento entre Jorge Ferraresi (de Avellaneda, del lado del gobernador) con los camporistas Mayra Mendoza (Quilmes) y Juli\u00e1n Alvarez (Lan\u00fas). <strong>\u201cFerraresi rompi\u00f3 el bloque oficialista, \u00bfahora le tenemos que dar un concejal m\u00e1s?\u201d<\/strong>, argumentaron en el kirchnerismo. M\u00e1s all\u00e1 de los resquemores, tratar\u00e1n de llegar a un acuerdo en paquete, con compensaciones cruzadas.<\/p>\n<\/div>\n<div id=\"element-body-5\">\n<p>En los distritos \u201csin techo\u201d, en los que no gobierna el peronismo, las dificultades se potencian por la eliminaci\u00f3n de las PASO. No prosper\u00f3 la restituci\u00f3n de las colectoras, reclamadas como alternativa para superar los conflictos. <strong>Un criterio ser\u00e1 tomar las primarias de 2023, aunque en muchos distritos no hubo internas.<\/strong><\/p>\n<\/div>\n<div id=\"element-body-6\">\n<p><strong>\u201cY en los que hubo, puede que la composici\u00f3n de los espacios enfrentados ahora sea diferente<\/strong>\u201d, remarc\u00f3 un dirigente que participa de la mesa de negociaciones. El quiebre entre Kicillof y Cristina Kirchner reconfigur\u00f3 el mapa, lo que incidir\u00e1 en la discusi\u00f3n del mismo modo que en la negociaci\u00f3n por los legisladores provinciales.<\/p>\n<\/div>\n<div id=\"element-body-7\">\n<p>\u201cHay diputados y senadores que entraron por el kirchnerismo, ahora est\u00e1n en el MDF (el sector liderado por Kicillof) y se les termina el mandato. <strong>\u00bfEn ese caso qui\u00e9n pone el candidato?<\/strong>\u201d, se abri\u00f3 otra pulseada. Desde el Frente Renovador se plantaron para no salir perjudicados por el nuevo escenario. <strong>\u201cYa dejamos en claro que el divorcio no lo vamos a pagar nosotros<\/strong>\u201d, avisaron los massistas.<\/p>\n<\/div>\n<div id=\"element-body-8\">\n<p>A su vez, varios intendentes suenan como candidatos a diputados o senadores bonaerenses. Mariano Cascallares (Almirante Brown), Mendoza (Quilmes), Federico Oterm\u00edn (Lomas) y Nicol\u00e1s Mantegazza (San Vicente) por la Tercera, Leonardo Nardini (Malvinas Argentinas) y Federico Achaval (Pilar) por la Primera, entre otros. <strong>Tambi\u00e9n habr\u00e1 jefes comunales que encabezar\u00e1n las listas de concejales, de manera testimonial.<\/strong><\/p>\n<\/div>\n<div id=\"element-body-9\">\n<p>Antes del cierre del s\u00e1bado, Fuerza Patria tambi\u00e9n procurar\u00e1 acordar con dos intendentes del conurbano para debilitar el espacio &#8220;del centro&#8221; integrado por peronistas no kirchneristas, radicales y de otros partidos: <strong>Julio Zamora (Tigre) y Fernando Gray (Esteban Echeverr\u00eda)<\/strong>, posibles postulantes de Somos Buenos Aires en la Primera y la Tercera secci\u00f3n, respectivamente.<\/p>\n<\/div>\n<div id=\"element-body-10\">\n<p>Los representantes de los tres sectores de Fuerza Patria volver\u00e1n a encontrarse este mi\u00e9rcoles en la sede de la gobernaci\u00f3n bonaerense, en La Plata: Carlos Bianco y Gabriel Katopodis por el MDF, Facundo Tignanelli y Emmanuel Gonz\u00e1lez Santalla por el kirchnerismo y Sebasti\u00e1n Galmarini y Rub\u00e9n Eslaiman por el Frente Renovador.<\/p>\n<\/div>\n<p><br \/>\n<br \/><a href=\"https:\/\/www.clarin.com\/politica\/punto-trabada-negociacion-listas-peronismo-miercoles-reunion-clave_0_bsxCLLyovC.html\">Fuente Clarin.com <\/a><\/p>\n","protected":false},"excerpt":{"rendered":"<p>En el rompecabezas de las negociaciones por las listas en la provincia de Buenos Aires, los referentes del peronismo decidieron ir de abajo hacia arriba. Priorizar en estos d\u00edas el intento de ordenar el reparto de las candidaturas en los 135 municipios y dejar para viernes o s\u00e1bado, m\u00e1s cerca del cierre, la definici\u00f3n de [&hellip;]<\/p>\n","protected":false},"author":1,"featured_media":20514,"comment_status":"open","ping_status":"open","sticky":false,"template":"","format":"standard","meta":{"footnotes":""},"categories":[2],"tags":[272,300,139,48,5091,667,4720,1455,4362,286,349,23870],"class_list":["post-42609","post","type-post","status-publish","format-standard","has-post-thumbnail","hentry","category-ultimas-noticias","tag-clave","tag-esta","tag-este","tag-las","tag-listas","tag-miercoles","tag-negociacion","tag-peronismo","tag-punto","tag-que","tag-reunion","tag-trabada"],"_links":{"self":[{"href":"https:\/\/13.com.ar\/index.php\/wp-json\/wp\/v2\/posts\/42609","targetHints":{"allow":["GET"]}}],"collection":[{"href":"https:\/\/13.com.ar\/index.php\/wp-json\/wp\/v2\/posts"}],"about":[{"href":"https:\/\/13.com.ar\/index.php\/wp-json\/wp\/v2\/types\/post"}],"author":[{"embeddable":true,"href":"https:\/\/13.com.ar\/index.php\/wp-json\/wp\/v2\/users\/1"}],"replies":[{"embeddable":true,"href":"https:\/\/13.com.ar\/index.php\/wp-json\/wp\/v2\/comments?post=42609"}],"version-history":[{"count":0,"href":"https:\/\/13.com.ar\/index.php\/wp-json\/wp\/v2\/posts\/42609\/revisions"}],"wp:featuredmedia":[{"embeddable":true,"href":"https:\/\/13.com.ar\/index.php\/wp-json\/wp\/v2\/media\/20514"}],"wp:attachment":[{"href":"https:\/\/13.com.ar\/index.php\/wp-json\/wp\/v2\/media?parent=42609"}],"wp:term":[{"taxonomy":"category","embeddable":true,"href":"https:\/\/13.com.ar\/index.php\/wp-json\/wp\/v2\/categories?post=42609"},{"taxonomy":"post_tag","embeddable":true,"href":"https:\/\/13.com.ar\/index.php\/wp-json\/wp\/v2\/tags?post=42609"}],"curies":[{"name":"wp","href":"https:\/\/api.w.org\/{rel}","templated":true}]}}