{"id":42607,"date":"2025-07-16T06:48:58","date_gmt":"2025-07-16T09:48:58","guid":{"rendered":"https:\/\/13.com.ar\/index.php\/110-millones-de-euros-mas-caro-que-dybala-y-por-encima-de-casi-todos-los-campeones-de-la-scaloneta\/"},"modified":"2025-07-16T06:48:58","modified_gmt":"2025-07-16T09:48:58","slug":"110-millones-de-euros-mas-caro-que-dybala-y-por-encima-de-casi-todos-los-campeones-de-la-scaloneta","status":"publish","type":"post","link":"https:\/\/13.com.ar\/index.php\/110-millones-de-euros-mas-caro-que-dybala-y-por-encima-de-casi-todos-los-campeones-de-la-scaloneta\/","title":{"rendered":"110 millones de euros m\u00e1s caro que Dybala y por encima de casi todos los campeones de la Scaloneta"},"content":{"rendered":"<p> <br \/>\n<br \/><img decoding=\"async\" src=\"https:\/\/13.com.ar\/wp-content\/uploads\/2025\/07\/110-millones-de-euros-mas-caro-que-Dybala-y-por.jpg\" \/><\/p>\n<div id=\"element-body-0\">\n<p>La noticia impacta por la cifra y un poco tambi\u00e9n por lo inesperado: Racing blind\u00f3 al goleador serial que es Adri\u00e1n Maravilla Mart\u00ednez con una cl\u00e1usula de salida de 122 millones de euros, adem\u00e1s de extenderle y mejorarle el contrato hasta diciembre de 2028. As\u00ed, el delantero de 33 a\u00f1os se convierte en <strong>el n\u00famero de salida m\u00e1s alto de la historia del f\u00fatbol argentino<\/strong>. Y el monto es tan grande que hasta <strong>supera a la gran mayor\u00eda de los campeones del mundo en Qatar 2022<\/strong>.<\/p>\n<\/div>\n<div id=\"element-body-1\">\n<p>Es dif\u00edcil determinar las cl\u00e1usulas de rescisi\u00f3n de los futbolistas que se desempe\u00f1an en Europa porque en algunas ligas, como por ejemplo la Premier League, la Federaci\u00f3n de Inglaterra no las permite. As\u00ed, los arreglos son privados entre clubes y jugadores. Pero existen indicios para determinar los n\u00fameros.<\/p>\n<\/div>\n<div id=\"element-body-3\">\n<p>En Manchester United, tanto <strong>Alejandro Garnacho <\/strong>como <strong>Lisandro Mart\u00ednez <\/strong>tiene una cl\u00e1usula estipulada en <strong>100 millones de euros<\/strong>. Un poco m\u00e1s baja ser\u00eda la de <strong>Alexis Mac Allister<\/strong>: se estima que ronda los 80 millones en Liverpool. La de <strong>Cristian Romero <\/strong>en Tottenham ser\u00eda de 60 millones y la de <strong>Emiliano Mart\u00ednez <\/strong>en Aston Villa rondar\u00eda los 30 millones. Tanto Cuti como Dibu podr\u00edan emigrar en este mercado de pases.<\/p>\n<\/div>\n<div id=\"element-body-4\">\n<p>El \u00fanico campe\u00f3n del mundo en Qatar que tendr\u00eda un n\u00famero de salida bastante superior a los 100 millones de euros ser\u00eda <strong>Enzo Fern\u00e1ndez<\/strong>, por quien Chelsea pag\u00f3 121 millones de euros en 2023. El volante surgido en River el a\u00f1o pasado extendi\u00f3 su v\u00ednculo hasta julio de 2032.<\/p>\n<\/div>\n<div id=\"element-body-5\">\n<p>En Espa\u00f1a s\u00ed se publican los montos y quien quiera quedarse con <strong>Juli\u00e1n \u00c1lvarez<\/strong> le deber\u00e1 depositar 500 millones de euros a Atl\u00e9tico de Madrid. Se presume que <strong>Thiago Almada<\/strong> firmar\u00e1 por una cifra similar. Otro integrante de la Scaloneta, <strong>Giuliano Simeone<\/strong>, tiene un costo de 100 millones de euros.<\/p>\n<\/div>\n<div id=\"element-body-6\">\n<p>Se sabe que <strong>Rodrigo De Paul<\/strong> no seguir\u00e1 en el Colchonero y <strong>Exequiel Palacios <\/strong>es uno de los apuntados para reemplazarlo por Diego Pablo Simeone. \u00bfCu\u00e1nto vale el pase del tucumano seg\u00fan la cl\u00e1usula que tiene en Bayer Leverkusen? 60 millones de euros.<\/p>\n<\/div>\n<div id=\"element-body-8\">\n<p>Un caso llamativo es el de <strong>Nico Paz<\/strong>, el elegante zurdo que juega en Como de Italia a pr\u00e9stamo de Real Madrid. El conjunto de Espa\u00f1a avis\u00f3 que no har\u00e1 uso de la cl\u00e1usula de repesca de 8 millones de euros; as\u00ed, seguir\u00eda en el elenco italiano.<strong> Giovani Lo Celso<\/strong>, en tanto, firm\u00f3 con Betis una cl\u00e1usula de 60 millones de euros.<\/p>\n<\/div>\n<div id=\"element-body-9\">\n<p>Lo de <strong>Lautaro Mart\u00ednez<\/strong> en Inter de Milan es in\u00e9dito: decidi\u00f3 no poner una cl\u00e1usula de rescisi\u00f3n cuando el a\u00f1o pasado extendi\u00f3 su v\u00ednculo hasta 2029.<\/p>\n<\/div>\n<div id=\"element-body-10\">\n<p>Y una \u00faltima rareza: el n\u00famero de partida de <strong>Paulo Dybala<\/strong> en Roma es de 12 millones de euros. S\u00ed, la Joya nacida en Instituto de C\u00f3rdoba, de 31 a\u00f1os, sale 110 millones de euros menos que Adri\u00e1n Maravilla Mart\u00ednez, el goleador amado de Racing y que firm\u00f3 un contrato para la historia.<\/p>\n<\/div>\n<p><br \/>\n<br \/><a href=\"https:\/\/www.clarin.com\/deportes\/clausula-maravilla-martinez-110-millones-euros-caro-dybala-encima-campeones-scaloneta_0_sXUPFJMZqG.html\">Fuente Clarin.com <\/a><\/p>\n","protected":false},"excerpt":{"rendered":"<p>La noticia impacta por la cifra y un poco tambi\u00e9n por lo inesperado: Racing blind\u00f3 al goleador serial que es Adri\u00e1n Maravilla Mart\u00ednez con una cl\u00e1usula de salida de 122 millones de euros, adem\u00e1s de extenderle y mejorarle el contrato hasta diciembre de 2028. As\u00ed, el delantero de 33 a\u00f1os se convierte en el n\u00famero [&hellip;]<\/p>\n","protected":false},"author":1,"featured_media":42608,"comment_status":"open","ping_status":"open","sticky":false,"template":"","format":"standard","meta":{"footnotes":""},"categories":[2],"tags":[1786,3421,483,11275,5660,8533,28,155,1065,142,10353,923],"class_list":["post-42607","post","type-post","status-publish","format-standard","has-post-thumbnail","hentry","category-ultimas-noticias","tag-campeones","tag-caro","tag-casi","tag-dybala","tag-encima","tag-euros","tag-los","tag-mas","tag-millones","tag-por","tag-scaloneta","tag-todos"],"_links":{"self":[{"href":"https:\/\/13.com.ar\/index.php\/wp-json\/wp\/v2\/posts\/42607","targetHints":{"allow":["GET"]}}],"collection":[{"href":"https:\/\/13.com.ar\/index.php\/wp-json\/wp\/v2\/posts"}],"about":[{"href":"https:\/\/13.com.ar\/index.php\/wp-json\/wp\/v2\/types\/post"}],"author":[{"embeddable":true,"href":"https:\/\/13.com.ar\/index.php\/wp-json\/wp\/v2\/users\/1"}],"replies":[{"embeddable":true,"href":"https:\/\/13.com.ar\/index.php\/wp-json\/wp\/v2\/comments?post=42607"}],"version-history":[{"count":0,"href":"https:\/\/13.com.ar\/index.php\/wp-json\/wp\/v2\/posts\/42607\/revisions"}],"wp:featuredmedia":[{"embeddable":true,"href":"https:\/\/13.com.ar\/index.php\/wp-json\/wp\/v2\/media\/42608"}],"wp:attachment":[{"href":"https:\/\/13.com.ar\/index.php\/wp-json\/wp\/v2\/media?parent=42607"}],"wp:term":[{"taxonomy":"category","embeddable":true,"href":"https:\/\/13.com.ar\/index.php\/wp-json\/wp\/v2\/categories?post=42607"},{"taxonomy":"post_tag","embeddable":true,"href":"https:\/\/13.com.ar\/index.php\/wp-json\/wp\/v2\/tags?post=42607"}],"curies":[{"name":"wp","href":"https:\/\/api.w.org\/{rel}","templated":true}]}}