{"id":42605,"date":"2025-07-16T06:45:58","date_gmt":"2025-07-16T09:45:58","guid":{"rendered":"https:\/\/13.com.ar\/index.php\/procesan-por-estafa-y-asociacion-ilicita-a-los-miembros-de-una-aseguradora\/"},"modified":"2025-07-16T06:45:58","modified_gmt":"2025-07-16T09:45:58","slug":"procesan-por-estafa-y-asociacion-ilicita-a-los-miembros-de-una-aseguradora","status":"publish","type":"post","link":"https:\/\/13.com.ar\/index.php\/procesan-por-estafa-y-asociacion-ilicita-a-los-miembros-de-una-aseguradora\/","title":{"rendered":"Procesan por estafa y asociaci\u00f3n il\u00edcita a los miembros de una aseguradora"},"content":{"rendered":"<p> <br \/>\n<\/p>\n<div id=\"cuerpo\">\n<div class=\"sc-45461e9c-0 eqiBeF container-text text-embed \" id=\"element-body-0\">\n<p>Dos abogados y un empleado de la empresa<strong> Liderar<\/strong> fueron procesados por estafa y asociaci\u00f3n il\u00edcita, acusados de contactar a v\u00edctimas de siniestros de tr\u00e1nsito y acordar el pago de indemnizaciones menores a las que, en algunos casos, ya hab\u00eda dictaminado la Justicia en contra de la misma aseguradora.<\/p>\n<\/div>\n<div class=\"sc-45461e9c-0 eqiBeF container-text text-embed \" id=\"element-body-1\">\n<p>Se trata de los letrados <strong>Franco Ortolano (79) <\/strong>y<strong> Mar\u00eda Magdalena Forquera (60)<\/strong>, adem\u00e1s de <strong>Jos\u00e9 Buccioni (71)<\/strong>, quienes negaron las imputaciones. <\/p>\n<\/div>\n<div class=\"sc-45461e9c-0 eqiBeF container-text text-embed \" id=\"element-body-2\">\n<p>Para cada uno se les trab\u00f3 <strong>un embargo de $ 60.000.000<\/strong>. Ortolano era se\u00f1alado como cabeza del grupo Liderar Seguros. En 2018 se dict\u00f3 la liquidaci\u00f3n forzosa de Liderar ART por numerosas irregularidades.<\/p>\n<\/div>\n<div class=\"sc-45461e9c-0 eqiBeF container-text text-embed \" id=\"element-body-3\">\n<p>El caso es investigado por el fiscal nacional en lo Criminal y Correccional N\u00b0 28, <strong>Patricio Lugones<\/strong>, y el juez nacional en lo Criminal y Correccional N\u00b0 48, <strong>Javier S\u00e1nchez Sarmiento<\/strong>.<\/p>\n<\/div>\n<div class=\"sc-45461e9c-0 eqiBeF container-text text-embed \" id=\"element-body-4\">\n<p>El fallo, al que tuvo acceso<strong> Clar\u00edn<\/strong>, dispuso el procesamiento -sin prisi\u00f3n preventiva- de los tres imputados y el sobreseimiento de <strong>Hern\u00e1n Alberto de las Carreras (63)<\/strong>, otro empleado de la compa\u00f1\u00eda de seguros.<\/p>\n<\/div>\n<div class=\"sc-98b114a2-0 bkqiHH image-embed  image-embed \" id=\"element-body-5\"><picture class=\"sc-98b114a2-1 jRUlDm\"><source media=\"(min-width: 975px)\" width=\"720\" height=\"480\" \/><img alt=\"El procesamiento por estafa y asociaci\u00f3n il\u00edcita para los miembros de Liderar Seguros.\" loading=\"lazy\" width=\"720\" height=\"480\" decoding=\"async\" data-nimg=\"1\" style=\"color:transparent\" src=\"https:\/\/13.com.ar\/wp-content\/uploads\/2025\/07\/Procesan-por-estafa-y-asociacion-ilicita-a-los-miembros-de.jpg\"\/><span class=\"epigraphe\">El procesamiento por estafa y asociaci\u00f3n il\u00edcita para los miembros de Liderar Seguros.<\/span><span class=\"picture-open\"><button class=\"open-image\" aria-label=\"Open Image\"\/><\/span><\/picture><\/div>\n<div class=\"sc-45461e9c-0 eqiBeF container-text text-embed \" id=\"element-body-6\">\n<p>Se los consider\u00f3 coautores del delito de <em>&#8220;estafa en grado de tentativa, en concurso real con asociaci\u00f3n il\u00edcita en calidad de miembros<\/em>&#8220;.<\/p>\n<\/div>\n<div class=\"sc-45461e9c-0 eqiBeF container-text text-embed \" id=\"element-body-7\">\n<p>La investigaci\u00f3n se realiz\u00f3 por nueve hechos en los que los acusados contactaron a v\u00edctimas que hab\u00edan demandado a la empresa por lesiones en accidentes de tr\u00e1nsito.<\/p>\n<\/div>\n<div class=\"sc-45461e9c-0 eqiBeF container-text text-embed \" id=\"element-body-8\">\n<p>En uno de ellos se comprob\u00f3 que defraudaron a un hombre &#8220;<em>al haberse abusado de su estado de necesidad y urgencia econ\u00f3mica y al haberlo enga\u00f1ado dici\u00e9ndole que su abogado lo estaba perjudicando en sus intereses para que as\u00ed acceda a firmar un convenio en perjuicio de sus intereses respecto de los da\u00f1os y perjuicios reclamados<\/em>&#8220;.<\/p>\n<\/div>\n<div class=\"sc-98b114a2-0 bkqiHH image-embed  image-embed \" id=\"element-body-9\"><picture class=\"sc-98b114a2-1 jRUlDm\"><source media=\"(min-width: 975px)\" width=\"720\" height=\"480\" \/><img alt=\"Expedientes de accidentes de tr\u00e1nsito.\" loading=\"lazy\" width=\"720\" height=\"480\" decoding=\"async\" data-nimg=\"1\" style=\"color:transparent\" src=\"https:\/\/13.com.ar\/wp-content\/uploads\/2025\/07\/1752659158_341_Procesan-por-estafa-y-asociacion-ilicita-a-los-miembros-de.jpg\"\/><span class=\"epigraphe\">Expedientes de accidentes de tr\u00e1nsito.<\/span><span class=\"picture-open\"><button class=\"open-image\" aria-label=\"Open Image\"\/><\/span><\/picture><\/div>\n<div class=\"sc-45461e9c-0 eqiBeF container-text text-embed \" id=\"element-body-10\">\n<p>No solo &#8220;<em>puentearon<\/em>&#8221; al abogado del demandante, sino que acordaron pagarle una indemnizaci\u00f3n de 1.600.000 pesos, cuando la aseguradora ya hab\u00eda sido condenada en primera instancia a abonar 5.140.000 pesos m\u00e1s costas e intereses, en una sentencia que hab\u00eda sido apelada.<\/p>\n<\/div>\n<div class=\"sc-45461e9c-0 eqiBeF container-text text-embed \" id=\"element-body-11\">\n<p>A este cliente <em>&#8220;le hicieron firmar una carta documento revocando el mandato de su letrado para ser patrocinado por una abogada de la aseguradora, de modo de evitar poner en riesgo el provecho obtenido<\/em>&#8220;.<\/p>\n<\/div>\n<div class=\"sc-45461e9c-0 eqiBeF container-text text-embed \" id=\"element-body-12\">\n<p>Para la Justicia, no se concret\u00f3 la estafa en los otros ocho hechos investigados s\u00f3lo porque las personas contactadas se comunicaron con sus abogados, que accionaron legalmente contra Liderar.<\/p>\n<\/div>\n<p><h2>Por qu\u00e9 la &#8220;asociaci\u00f3n il\u00edcita&#8221;<\/h2>\n<\/p>\n<div class=\"sc-45461e9c-0 eqiBeF container-text text-embed \" id=\"element-body-14\">\n<p>Por ello, en el procesamiento, el juez S\u00e1nchez Sarmiento consider\u00f3 que Ortolano, Forquera y Buccioni conformaron <strong><em>&#8220;una asociaci\u00f3n il\u00edcita para cometer una cantidad indeterminada de defraudaciones&#8221;<\/em><\/strong>.<\/p>\n<\/div>\n<div class=\"sc-45461e9c-0 eqiBeF container-text text-embed \" id=\"element-body-15\">\n<p>En su descargo, la abogada dijo que trabaj\u00f3 en la compa\u00f1\u00eda hasta 2022 2022 &#8220;<em>porque quer\u00eda ejercer la profesi\u00f3n de manera independiente<\/em>&#8221; y neg\u00f3 conocer a los demandantes.<\/p>\n<\/div>\n<div class=\"sc-98b114a2-0 bkqiHH image-embed  image-embed \" id=\"element-body-16\"><picture class=\"sc-98b114a2-1 jRUlDm\"><source media=\"(min-width: 975px)\" width=\"720\" height=\"480\" \/><img alt=\"Choque en Barracas, en la  &#10;esquina de Caseros y Tacuar\u00ed.&#10;Foto Guillermo Rodriguez Adami.\" loading=\"lazy\" width=\"720\" height=\"480\" decoding=\"async\" data-nimg=\"1\" style=\"color:transparent\" src=\"https:\/\/13.com.ar\/wp-content\/uploads\/2025\/07\/1752659158_587_Procesan-por-estafa-y-asociacion-ilicita-a-los-miembros-de.jpg\"\/><span class=\"epigraphe\">Choque en Barracas, en la<br \/>\nesquina de Caseros y Tacuar\u00ed.<br \/>\nFoto Guillermo Rodriguez Adami.<\/span><span class=\"picture-open\"><button class=\"open-image\" aria-label=\"Open Image\"\/><\/span><\/picture><\/div>\n<div class=\"sc-45461e9c-0 eqiBeF container-text text-embed \" id=\"element-body-17\">\n<p>Ortolano, a su turno, neg\u00f3 ser el presidente de Liderar, donde dijo que se desempe\u00f1aba desde hac\u00eda 25 a\u00f1os, como abogado apoderado, como tambi\u00e9n haber estafado a alguien.<\/p>\n<\/div>\n<div class=\"sc-45461e9c-0 eqiBeF container-text text-embed \" id=\"element-body-18\">\n<p>Precis\u00f3 que la empresa &#8220;<em>tiene a su cargo 2.000 o 3.000 causas<\/em>&#8221; de este tipo que &#8220;<em>evidentemente hay cosas que se le pudieron haber escapado<\/em>&#8220;.<\/p>\n<\/div>\n<div class=\"sc-45461e9c-0 eqiBeF container-text text-embed \" id=\"element-body-19\">\n<p>Adem\u00e1s, advirti\u00f3 que Liderar &#8220;<em>paga entre 3 mil y 5 mil millones de pesos mensuales por siniestro<\/em>&#8221; y denunci\u00f3 que &#8220;<strong><em>estas causas son fabricadas para extorsionar a la compa\u00f1\u00eda<\/em><\/strong>&#8220;.<\/p>\n<\/div>\n<p><h2>La &#8220;industria del juicio&#8221;<\/h2>\n<\/p>\n<div class=\"sc-45461e9c-0 eqiBeF container-text text-embed \" id=\"element-body-21\">\n<p>En un escrito, se quej\u00f3 de la <em>&#8220;industria del juicio&#8221;<\/em> que, seg\u00fan su visi\u00f3n, &#8220;<em>realizan abogados ante accidentes de tr\u00e1nsito prometiendo a clientes indemnizaciones excesivas e indebidas<\/em>&#8220;, por lo cual &#8220;<em>era una pr\u00e1ctica frecuente el acuerdo extrajudicial durante la espera de una sentencia definitiva&#8221;.<\/em><\/p>\n<\/div>\n<div class=\"sc-45461e9c-0 eqiBeF container-text text-embed \" id=\"element-body-22\">\n<p>Por su parte, Buccioni asegur\u00f3 que cumpl\u00eda tareas administrativas y remarc\u00f3 que &#8220;<em>no hubo enga\u00f1os ni mentiras<\/em>&#8221; con uno de los clientes, sino que &#8220;<em>se le ofreci\u00f3 una cantidad conciliatoria que \u00e9l acept\u00f3<\/em>&#8220;.<\/p>\n<\/div>\n<div class=\"sc-c2c2a3c6-0 ecgiEX border-video video-embed horizontal border-video video-embed horizontal\" id=\"element-body-23\">\n<div class=\"sc-c2c2a3c6-1 kQhBlc videoText videoText\">\n<h2>Video<\/h2>\n<p>Choque de colectivos: heridos y atrapados<\/p>\n<\/div>\n<\/div>\n<div class=\"sc-45461e9c-0 eqiBeF container-text text-embed \" id=\"element-body-24\">\n<p><em>&#8220;Entre julio de 2024 y marzo de 2025, Liderar pag\u00f3 la suma de $ 17.753.171.335,71 en indemnizaciones y honorarios de abogados<\/em>&#8220;, manifest\u00f3.<\/p>\n<\/div>\n<div class=\"sc-45461e9c-0 eqiBeF container-text text-embed \" id=\"element-body-25\">\n<p>Por lo tanto, sintetiz\u00f3 que &#8220;<em>no se pod\u00eda pensar seriamente que, por dos casos o siete, Liderar se transform\u00f3 en una asociaci\u00f3n il\u00edcita<\/em>&#8220;.<\/p>\n<\/div>\n<div class=\"sc-45461e9c-0 eqiBeF container-text text-embed \" id=\"element-body-26\">\n<p>En la valoraci\u00f3n probatoria del expediente se consign\u00f3 que qued\u00f3 acreditado que Buccioni <strong>fue hasta la casa de una v\u00edctima &#8220;<em>para ofrecerle un pago por el accidente de tr\u00e1nsito<\/em><\/strong><em> del que hab\u00eda sido v\u00edctima a\u00f1os atr\u00e1s<\/em>&#8220;.<\/p>\n<\/div>\n<div class=\"sc-c2c2a3c6-0 ecgiEX border-video video-embed horizontal border-video video-embed horizontal\" id=\"element-body-27\">\n<div class=\"sc-c2c2a3c6-1 kQhBlc videoText videoText\">\n<h2>Video<\/h2>\n<p>Choque en cadena en Flores: el conductor estaba alcoholizado<\/p>\n<\/div>\n<\/div>\n<div class=\"sc-45461e9c-0 eqiBeF container-text text-embed \" id=\"element-body-28\">\n<p>&#8220;<em>Hubo un enga\u00f1o al explicarle que ten\u00eda una plata para cobrar, no se le detall\u00f3 que exist\u00eda una indemnizaci\u00f3n mayor fijada judicialmente y que la compa\u00f1\u00eda estaba haciendo un ofrecimiento menor y tampoco que la firma implicaba renunciar a posibles mejores derechos&#8221;<\/em>, consign\u00f3 el fallo.<\/p>\n<\/div>\n<div class=\"sc-45461e9c-0 eqiBeF container-text text-embed \" id=\"element-body-29\">\n<p>Como el hombre estaba en una situaci\u00f3n de necesidad, us\u00f3 el dinero para pagar deudas sin contactarse con su abogado particular.<\/p>\n<\/div>\n<div class=\"sc-45461e9c-0 eqiBeF container-text text-embed \" id=\"element-body-30\">\n<p>&#8220;<em>Existi\u00f3 una asociaci\u00f3n il\u00edcita conformada al menos por Mar\u00eda Magdalena Forquera, Franco Ortolano y Jos\u00e9 Buccioni para cometer <\/em><strong><em>una cantidad indeterminadas de estafas<\/em><\/strong>&#8220;, resumi\u00f3 la resoluci\u00f3n.<\/p>\n<\/div>\n<div class=\"sc-c2c2a3c6-0 ecgiEX border-video video-embed horizontal border-video video-embed horizontal\" id=\"element-body-31\">\n<div class=\"sc-c2c2a3c6-1 kQhBlc videoText videoText\">\n<h2>Video<\/h2>\n<p>Fuerte choque entre dos autos en Avenida del Libertador<\/p>\n<\/div>\n<\/div>\n<div class=\"sc-45461e9c-0 eqiBeF container-text text-embed \" id=\"element-body-32\">\n<p>Asimismo, consider\u00f3 que ninguno de los tres actu\u00f3 como l\u00edder, sino que &#8220;<em>hab\u00eda una clara distribuci\u00f3n de tareas bastante equitativas<\/em>&#8220;. Por eso, se aclar\u00f3 que &#8220;<em>deber\u00e1n responder simplemente en calidad de miembro<\/em>&#8220;.<\/p>\n<\/div>\n<div class=\"sc-45461e9c-0 eqiBeF container-text text-embed \" id=\"element-body-33\">\n<p>Tambi\u00e9n se trab\u00f3 <strong>un embargo de $ 60.000.000 <\/strong>por cada uno de los imputados.<\/p>\n<\/div>\n<\/div>\n<p><br \/>\n<br \/><a href=\"https:\/\/www.clarin.com\/policiales\/procesan-estafa-asociacion-ilicita-miembros-aseguradora_0_atYUqoXIus.html\">Fuente Clarin.com <\/a><\/p>\n","protected":false},"excerpt":{"rendered":"<p>Dos abogados y un empleado de la empresa Liderar fueron procesados por estafa y asociaci\u00f3n il\u00edcita, acusados de contactar a v\u00edctimas de siniestros de tr\u00e1nsito y acordar el pago de indemnizaciones menores a las que, en algunos casos, ya hab\u00eda dictaminado la Justicia en contra de la misma aseguradora. Se trata de los letrados Franco [&hellip;]<\/p>\n","protected":false},"author":1,"featured_media":42606,"comment_status":"open","ping_status":"open","sticky":false,"template":"","format":"standard","meta":{"footnotes":""},"categories":[2],"tags":[23869,115,7155,12240,28,18165,142,13972,73],"class_list":["post-42605","post","type-post","status-publish","format-standard","has-post-thumbnail","hentry","category-ultimas-noticias","tag-aseguradora","tag-asociacion","tag-estafa","tag-ilicita","tag-los","tag-miembros","tag-por","tag-procesan","tag-una"],"_links":{"self":[{"href":"https:\/\/13.com.ar\/index.php\/wp-json\/wp\/v2\/posts\/42605","targetHints":{"allow":["GET"]}}],"collection":[{"href":"https:\/\/13.com.ar\/index.php\/wp-json\/wp\/v2\/posts"}],"about":[{"href":"https:\/\/13.com.ar\/index.php\/wp-json\/wp\/v2\/types\/post"}],"author":[{"embeddable":true,"href":"https:\/\/13.com.ar\/index.php\/wp-json\/wp\/v2\/users\/1"}],"replies":[{"embeddable":true,"href":"https:\/\/13.com.ar\/index.php\/wp-json\/wp\/v2\/comments?post=42605"}],"version-history":[{"count":0,"href":"https:\/\/13.com.ar\/index.php\/wp-json\/wp\/v2\/posts\/42605\/revisions"}],"wp:featuredmedia":[{"embeddable":true,"href":"https:\/\/13.com.ar\/index.php\/wp-json\/wp\/v2\/media\/42606"}],"wp:attachment":[{"href":"https:\/\/13.com.ar\/index.php\/wp-json\/wp\/v2\/media?parent=42605"}],"wp:term":[{"taxonomy":"category","embeddable":true,"href":"https:\/\/13.com.ar\/index.php\/wp-json\/wp\/v2\/categories?post=42605"},{"taxonomy":"post_tag","embeddable":true,"href":"https:\/\/13.com.ar\/index.php\/wp-json\/wp\/v2\/tags?post=42605"}],"curies":[{"name":"wp","href":"https:\/\/api.w.org\/{rel}","templated":true}]}}