{"id":42601,"date":"2025-07-16T06:39:56","date_gmt":"2025-07-16T09:39:56","guid":{"rendered":"https:\/\/13.com.ar\/index.php\/es-la-solucion-a-los-problemas-del-equipo-de-miguel-angel-russo\/"},"modified":"2025-07-16T06:39:56","modified_gmt":"2025-07-16T09:39:56","slug":"es-la-solucion-a-los-problemas-del-equipo-de-miguel-angel-russo","status":"publish","type":"post","link":"https:\/\/13.com.ar\/index.php\/es-la-solucion-a-los-problemas-del-equipo-de-miguel-angel-russo\/","title":{"rendered":"\u00bfes la soluci\u00f3n a los problemas del equipo de Miguel \u00c1ngel Russo?"},"content":{"rendered":"<p> <br \/>\n<br \/><img decoding=\"async\" src=\"https:\/\/13.com.ar\/wp-content\/uploads\/2025\/07\/\u00bfes-la-solucion-a-los-problemas-del-equipo-de-Miguel.jpg\" \/><\/p>\n<div id=\"element-body-0\">\n<p>La muestra gratis se observ\u00f3 el jueves, cuando <strong>50 mil hinchas <\/strong>coparon la Bombonera para recibir al campe\u00f3n del mundo. <strong>Leandro Paredes genera una gran expectativa. <\/strong>Porque llega vigente desde Europa, porque gan\u00f3 tres t\u00edtulos con la Selecci\u00f3n Argentina y aunque solo jug\u00f3 31 partidos con la camiseta azul y oro, fue<strong> su embajador en el exterior<\/strong>. Como Carlos Tevez, y m\u00e1s all\u00e1 de no tener el car\u00e1cter de \u00eddolo ni el carisma del ex futbolista de Fuerte Apache, el volante central <strong>siempre le hizo un gui\u00f1o desde el otro lado del Atl\u00e1ntico<\/strong>.<\/p>\n<\/div>\n<div id=\"element-body-1\">\n<p>Y ahora mismo, justo cuando Boca necesita cambiar la cara despu\u00e9s del Mundial de Clubes y un desangelado debut en el Torneo Clausura ante Argentinos Juniors,<strong> Paredes se volvi\u00f3 una necesidad. <\/strong>No solo por el golpe de efecto que significar\u00eda su reestreno a orillas del Riachuelo; tambi\u00e9n, por el salto de calidad que le dar\u00e1 a un equipo que <strong>no gana hace ocho partidos<\/strong>. Por eso <strong>el t\u00e9cnico piensa en hacerlo jugar el viernes ante Uni\u00f3n.<\/strong> Es m\u00e1s, este martes particip\u00f3 de la pr\u00e1ctica de f\u00fatbol. En principio, ir\u00eda al banco. Despu\u00e9s, ser\u00eda titular ante <strong>Atl\u00e9tico Tucum\u00e1n<\/strong>, el mi\u00e9rcoles siguiente por la <strong>Copa Argentina<\/strong>.<\/p>\n<\/div>\n<div id=\"element-body-3\">\n<p><strong>\u00bfD\u00f3nde puede insertarse Paredes en este Boca que desespera por su falta de f\u00fatbol? <\/strong>Hasta ahora, Russo le dio orden defensivo, le aplic\u00f3 intensidad, pero no logr\u00f3 aceitar el funcionamiento ofensivo. El equipo corre m\u00e1s de lo que juega. Y la postura que tuvo en La Paternal, donde cedi\u00f3 la pelota y se protegi\u00f3 en su campo, fue un flashback del partido con Bayern Munich. Se espera otra imagen frente a sus hinchas.<\/p>\n<\/div>\n<div id=\"element-body-4\">\n<p>\u201cLo de Paredes es d\u00eda a d\u00eda. Veremos c\u00f3mo se va sintiendo \u00e9l, mejor que \u00e9l no se conoce nadie, tiene experiencia y forma\u201d, apunt\u00f3 Russo el domingo, tras el 0 a 0 ante Argentinos Juniors. El mediocampista de 31 a\u00f1os fue aumentando las cargas paulatinamente. El s\u00e1bado, se entren\u00f3 liviano. El domingo, con mayor intensidad. Lunes y martes, tambi\u00e9n.<strong> Ya est\u00e1 listo para pisar el c\u00e9sped de ese estadio en el que no juega desde el 11 de noviembre de 2013<\/strong>, cuando se despidi\u00f3 tras la derrota 2 a 0 ante All Boys. Curiosamente, reemplaz\u00f3 a Juan Rom\u00e1n Riquelme, quien en su rol como presidente lo busc\u00f3 insistentemente.<\/p>\n<\/div>\n<div id=\"element-body-6\">\n<p>En un 4-2-3-1 como el que plant\u00f3 en Juan Agust\u00edn Garc\u00eda y Boyac\u00e1, <strong>\u00bfParedes podr\u00eda compartir el medio con Rodrigo Battaglia? <\/strong>Con caracter\u00edsticas similares, da la impresi\u00f3n de que necesita un compa\u00f1ero m\u00e1s combativo, tal es el caso de Williams Alarc\u00f3n. Con Nicol\u00e1s Figal descartado por una lesi\u00f3n muscular, el ex Hurac\u00e1n y Gremio podr\u00eda retroceder a la zaga central para acompa\u00f1ar a Marco Pellegrino. Aunque otra opci\u00f3n es el ingreso de Lautaro Di Lollo atr\u00e1s.<\/p>\n<\/div>\n<div id=\"element-body-7\">\n<p>\u201c<strong>Si lo veo bien a Paredes, no tengo dudas en ponerlo<\/strong>, tiene una cabeza futbol\u00edstica distinta, nos va a ayudar much\u00edsimo en muchas cosas, podr\u00e1 ser el viernes o el mi\u00e9rcoles (por Copa Argentina), no tengo apuros\u201d, manifest\u00f3 el veterano entrenador, que no qued\u00f3 conforme con el nivel de Carlos Palacios, especialmente.<\/p>\n<\/div>\n<div id=\"element-body-8\">\n<p>El chileno est\u00e1 muy bajo y es uno de los que podr\u00eda dejar el equipo. No funcion\u00f3 la conexi\u00f3n con Alan Velasco, que al menos mostr\u00f3 algo m\u00e1s de voracidad en la recuperaci\u00f3n, pero volvi\u00f3 a ser poco gravitante en ataque. \u00bf<strong>Y si Russo cambia el esquema y utiliza un 4-3-3?<\/strong><\/p>\n<\/div>\n<div id=\"element-body-9\">\n<p>En el ensayo del lunes, jug\u00f3 en su puesto habitual con Tom\u00e1s Belmonte a su derecha y Santiago Dalmasso a la izquierda. Seg\u00fan pudo averiguar <strong>Clar\u00edn<\/strong>, termin\u00f3 \u00f3ptimo. Lo mismo, este martes. El dibujo se plant\u00f3 con tres delanteros.<\/p>\n<\/div>\n<div id=\"element-body-10\">\n<p>Russo, adem\u00e1s,<strong> est\u00e1 evaluando un t\u00e1ndem con Ander Herrera<\/strong>. Para eso, claro, quiere que el espa\u00f1ol pueda recuperarse al 100% del tercer desgarro que sufri\u00f3 en la pierna derecha en apenas seis meses. El lunes tambi\u00e9n particip\u00f3 de la pr\u00e1ctica de f\u00fatbol y este viernes podr\u00eda ocupar un lugar en el banco. <strong>Edinson Cavani<\/strong>, quien no pudo ser de la partida contra Argentinos Juniors por un golpe en la cintura que le produjo un hematoma en el coxis, es otro que se entren\u00f3 a la par. La lesi\u00f3n que parece haber quedado atr\u00e1s. Tambi\u00e9n estar\u00eda entre los suplentes.<\/p>\n<\/div>\n<p><br \/>\n<br \/><a href=\"https:\/\/www.clarin.com\/deportes\/leandro-paredes-debuta-boca-union-solucion-problemas-equipo-miguel-angel-russo_0_lsakfwFujp.html\">Fuente Clarin.com <\/a><\/p>\n","protected":false},"excerpt":{"rendered":"<p>La muestra gratis se observ\u00f3 el jueves, cuando 50 mil hinchas coparon la Bombonera para recibir al campe\u00f3n del mundo. Leandro Paredes genera una gran expectativa. Porque llega vigente desde Europa, porque gan\u00f3 tres t\u00edtulos con la Selecci\u00f3n Argentina y aunque solo jug\u00f3 31 partidos con la camiseta azul y oro, fue su embajador en [&hellip;]<\/p>\n","protected":false},"author":1,"featured_media":42602,"comment_status":"open","ping_status":"open","sticky":false,"template":"","format":"standard","meta":{"footnotes":""},"categories":[2],"tags":[460,100,1782,28,459,4330,461,6353],"class_list":["post-42601","post","type-post","status-publish","format-standard","has-post-thumbnail","hentry","category-ultimas-noticias","tag-angel","tag-del","tag-equipo","tag-los","tag-miguel","tag-problemas","tag-russo","tag-solucion"],"_links":{"self":[{"href":"https:\/\/13.com.ar\/index.php\/wp-json\/wp\/v2\/posts\/42601","targetHints":{"allow":["GET"]}}],"collection":[{"href":"https:\/\/13.com.ar\/index.php\/wp-json\/wp\/v2\/posts"}],"about":[{"href":"https:\/\/13.com.ar\/index.php\/wp-json\/wp\/v2\/types\/post"}],"author":[{"embeddable":true,"href":"https:\/\/13.com.ar\/index.php\/wp-json\/wp\/v2\/users\/1"}],"replies":[{"embeddable":true,"href":"https:\/\/13.com.ar\/index.php\/wp-json\/wp\/v2\/comments?post=42601"}],"version-history":[{"count":0,"href":"https:\/\/13.com.ar\/index.php\/wp-json\/wp\/v2\/posts\/42601\/revisions"}],"wp:featuredmedia":[{"embeddable":true,"href":"https:\/\/13.com.ar\/index.php\/wp-json\/wp\/v2\/media\/42602"}],"wp:attachment":[{"href":"https:\/\/13.com.ar\/index.php\/wp-json\/wp\/v2\/media?parent=42601"}],"wp:term":[{"taxonomy":"category","embeddable":true,"href":"https:\/\/13.com.ar\/index.php\/wp-json\/wp\/v2\/categories?post=42601"},{"taxonomy":"post_tag","embeddable":true,"href":"https:\/\/13.com.ar\/index.php\/wp-json\/wp\/v2\/tags?post=42601"}],"curies":[{"name":"wp","href":"https:\/\/api.w.org\/{rel}","templated":true}]}}