{"id":42599,"date":"2025-07-16T06:36:59","date_gmt":"2025-07-16T09:36:59","guid":{"rendered":"https:\/\/13.com.ar\/index.php\/no-se-si-todos-lo-conocen\/"},"modified":"2025-07-16T06:36:59","modified_gmt":"2025-07-16T09:36:59","slug":"no-se-si-todos-lo-conocen","status":"publish","type":"post","link":"https:\/\/13.com.ar\/index.php\/no-se-si-todos-lo-conocen\/","title":{"rendered":"No s\u00e9 si todos lo conocen"},"content":{"rendered":"<p> <br \/>\n<br \/><img decoding=\"async\" src=\"https:\/\/13.com.ar\/wp-content\/uploads\/2025\/07\/No-se-si-todos-lo-conocen.jpg\" \/><\/p>\n<div id=\"element-body-0\">\n<p><strong>Franco Colapinto<\/strong> atrap\u00f3 a nuevas generaciones y las llev\u00f3 a la <strong>F\u00f3rmula 1<\/strong>. \u00bfCu\u00e1ntos de esos nuevos fan\u00e1ticos sabr\u00e1n que en los albores de la categor\u00eda un argentino la dominaba? Oscar, Rub\u00e9n y Juan Carlos, <strong>los hijos de Juan Manuel Fangio<\/strong>, advierten que el Qu\u00edntuple <strong>es reconocido en Europa pero vive en el olvido en Argentina<\/strong>. <em>&#8220;Si vos en la actualidad les pregunt\u00e1s a j\u00f3venes qui\u00e9n fue Juan Manuel Fangio, no s\u00e9 si todos los conocen&#8221;<\/em>, coinciden.<\/p>\n<\/div>\n<div id=\"element-body-2\">\n<p>Quienes obtuvieron el apellido Fangio en el documento despu\u00e9s de la muerte del Chueco, de la que se cumplen 30 a\u00f1os este 17 de julio, tuvieron la oportunidad de recorrer el mundo como <em>hijos de<\/em>: fueron invitados de la F\u00f3rmula 1, visitaron f\u00e1bricas como las de Ferrari y Alfa Romeo -donde su padre fue campe\u00f3n en la F1- y hasta recibieron con orgullo el reconocimiento a &#8220;El Corredor del Siglo&#8221; que hizo el circuito de Pescara, el m\u00e1s largo de la F1 con 25,579 kil\u00f3metros, donde el <em>Chueco <\/em>fue escolta de Stirling Moss en 1957. Con esa experiencia, que tambi\u00e9n queda plasmada en <strong>el homenaje que hicieron el fin de semana pasado en el Museo Achille Varzi por el trig\u00e9simo aniversario de su partida y que casi no se replica en Argentina <\/strong>-donde apenas est\u00e1 convocado un acto por el club Mercedes Benz de Mar del Plata en el busto de la costanera de playa Varese-, es que dan su opini\u00f3n en una charla que compartieron con <strong>Clar\u00edn<\/strong>.<\/p>\n<\/div>\n<div id=\"element-body-4\">\n<p><em>&#8220;<\/em><strong><em>Nosotros somos conscientes de que la figura del Chueco es reconocida en toda Europa, tal vez un poco m\u00e1s de lo que se lo reconoce ac\u00e1 en Argentina<\/em><\/strong><em>. En Europa los cuidan un poco m\u00e1s a los \u00eddolos. Si vos en la actualidad le pregunt\u00e1s a j\u00f3venes qui\u00e9n fue Juan Manuel, no s\u00e9 si todos los conocen&#8221;<\/em>, remarca Rub\u00e9n (83) sobre la figura de su padre, que con su fecha de nacimiento inspir\u00f3 &#8220;el d\u00eda del piloto en Argentina&#8221;, cada 24 de junio, pero todo queda ah\u00ed. <\/p>\n<\/div>\n<div id=\"element-body-5\">\n<p>Y agrega:<em> &#8220;Hubo una falla de nuestra parte, me refiero a todo el conjunto de los argentinos. Algo debemos haber hecho mal porque no hemos cuidado tanto a los \u00eddolos, porque del automovilismo es el m\u00e1s grande, y el m\u00e1s grande del mundo. <\/em><strong><em>Tenemos que hacer algo m\u00e1s para que tambi\u00e9n ac\u00e1 se lo recuerde con el cari\u00f1o que le profesan en otros lados<\/em><\/strong><em>&#8220;<\/em>.<\/p>\n<\/div>\n<div id=\"element-body-6\">\n<p>&#8220;Como dijo Rub\u00e9n, fuera de nuestro pa\u00eds los \u00eddolos de cualquier deporte siguen siendo \u00eddolos por m\u00e1s que pase mucho tiempo, y ac\u00e1 desgraciadamente no, no solo nuestro padre, porque hemos tenido campeones del mundo de casi todas las disciplinas. Es como que en un a\u00f1o se pierde todo y es muy dif\u00edcil que se vuelvan a acordar. Entonces, por m\u00e1s que se los reconozca, no tienen que llegar al olvido, porque por algo llegaron a campeones mundiales. <strong>Tal vez,<\/strong> <strong>nosotros (los argentinos) estamos equivocados o somos m\u00e1s fervientes por un tiempo m\u00e1s corto<\/strong>. Lo vivimos con nuestro padre, que cuando vamos a alg\u00fan lado se habla de \u00e9l y te ponen la alfombra roja, \u00bfno?&#8221;, reflexiona Cacho (87), el \u00fanico de los tres que comparti\u00f3 momentos con el cinco veces campe\u00f3n de la F1 en cuatro escuder\u00edas distintas, aunque su reconocimiento fue solo medi\u00e1tico y no judicial.<\/p>\n<\/div>\n<div id=\"element-body-7\">\n<div class=\"sc-c2c2a3c6-1 kQhBlc videoText videoText\">\n<h2>Video<\/h2>\n<p>Los hijos de Fangio sobre el fanatismo en el deporte argentino: &#8220;Nosotros estamos equivocados o somos m\u00e1s fervientes por un tiempo m\u00e1s corto&#8221;<\/p>\n<\/div>\n<\/div>\n<div id=\"element-body-8\">\n<p>Juan Carlos (80), en tanto, recuerda el viaje que comparti\u00f3 con Rub\u00e9n en 2023: El Camino Fangio, la ruta tur\u00edstica que recorre los pasos del piloto balcarce\u00f1o por Italia. <em>&#8220;<\/em><strong><em>Nos impresion\u00f3 mucho que donde estuvi\u00e9ramos el reconocimiento a Fangio estaba totalmente vivo<\/em><\/strong><em>&#8220;<\/em>, dice a\u00fan asombrado. Y lo resume en una an\u00e9cdota:<em> &#8220;Un d\u00eda, est\u00e1bamos sentados afuera del Museo Ferrari y el chofer de uno de los colectivos se arrima a conversar con nosotros y, de repente se levanta y va al Museo y vuelve con dos jarras, nos regala una a cada uno simplemente porque \u00e9ramos los hijos de Fangio&#8221;<\/em>.<\/p>\n<\/div>\n<div id=\"element-body-9\">\n<p>&#8220;En ese viaje visitamos Castiglione Messer Marino y hay mucho Fangio ah\u00ed&#8221;, suma Rub\u00e9n, en alusi\u00f3n al pueblo de donde era oriundo su abuelo, Loreto Fangio. &#8220;De hecho cuando reciben a alguien, m\u00e1s nosotros siendo hijos de Fangio, tienen un amor y un cari\u00f1o tan especial por la figura de Juan Manuel Fangio que no te pod\u00e9s imaginar. <strong>Todo Castiglione enamorado de la figura de Juan Manuel Fangio<\/strong>. As\u00ed que son cosas imborrables&#8221;.<\/p>\n<\/div>\n<div id=\"element-body-11\">\n<p>&#8220;El a\u00f1o pasado tambi\u00e9n fuimos invitados al circuito de Pescara, el m\u00e1s largo que existi\u00f3 en la F1, y hab\u00edan invitado a los hijos de los que hab\u00edan ganado la carrera. Al cumplir los 100 a\u00f1os, algo que es ins\u00f3lito, con todos los campeones que hubo, lo declararon al viejo el corredor del siglo&#8230; en Pescara, en Italia&#8221;, resume el menor de los hermanos.<\/p>\n<\/div>\n<div id=\"element-body-12\">\n<p>Los mayores, en tanto, tambi\u00e9n compartieron un viaje en 2018, pocos meses despu\u00e9s de que la Justicia los declarara herederos. &#8220;Viajamos juntos con nuestras esposas, por intermedio de un amigo que no conoc\u00edamos, un asturiano que nos invit\u00f3 a Europa -relata Cacho-. Fue algo muy lindo, un viaje de grandes&#8230; <strong>Conocerte de grande con tus hermanos y que las esposas se lleven bien no es tan f\u00e1cil. Nos dio la impresi\u00f3n de que nos conoc\u00edamos de toda la vida<\/strong>. Con Juan fue algo distinto porque yo iba mucho a las carreras de Balcarce y compart\u00eda con \u00e9l y con Toto pero mi t\u00edo nunca me hab\u00eda dicho que era hermano m\u00edo. Nos conoc\u00edamos de vista pero no compart\u00edamos nada. Despu\u00e9s la vida nos llev\u00f3 a que pudi\u00e9ramos compartir ahora algo m\u00e1s, \u00bfno? Esa es una de las cosas que a veces te ofrece la vida, cosas lindas&#8221;.<\/p>\n<\/div>\n<p><br \/>\n<br \/><a href=\"https:\/\/www.clarin.com\/deportes\/hijos-fangio-30-anos-muerte-hablan-reconocimiento-europa-olvido-argentina-conocen_0_nPe8EzQZji.html\">Fuente Clarin.com <\/a><\/p>\n","protected":false},"excerpt":{"rendered":"<p>Franco Colapinto atrap\u00f3 a nuevas generaciones y las llev\u00f3 a la F\u00f3rmula 1. \u00bfCu\u00e1ntos de esos nuevos fan\u00e1ticos sabr\u00e1n que en los albores de la categor\u00eda un argentino la dominaba? Oscar, Rub\u00e9n y Juan Carlos, los hijos de Juan Manuel Fangio, advierten que el Qu\u00edntuple es reconocido en Europa pero vive en el olvido en [&hellip;]<\/p>\n","protected":false},"author":1,"featured_media":42600,"comment_status":"open","ping_status":"open","sticky":false,"template":"","format":"standard","meta":{"footnotes":""},"categories":[2],"tags":[2977,911,923],"class_list":["post-42599","post","type-post","status-publish","format-standard","has-post-thumbnail","hentry","category-ultimas-noticias","tag-conocen","tag-se","tag-todos"],"_links":{"self":[{"href":"https:\/\/13.com.ar\/index.php\/wp-json\/wp\/v2\/posts\/42599","targetHints":{"allow":["GET"]}}],"collection":[{"href":"https:\/\/13.com.ar\/index.php\/wp-json\/wp\/v2\/posts"}],"about":[{"href":"https:\/\/13.com.ar\/index.php\/wp-json\/wp\/v2\/types\/post"}],"author":[{"embeddable":true,"href":"https:\/\/13.com.ar\/index.php\/wp-json\/wp\/v2\/users\/1"}],"replies":[{"embeddable":true,"href":"https:\/\/13.com.ar\/index.php\/wp-json\/wp\/v2\/comments?post=42599"}],"version-history":[{"count":0,"href":"https:\/\/13.com.ar\/index.php\/wp-json\/wp\/v2\/posts\/42599\/revisions"}],"wp:featuredmedia":[{"embeddable":true,"href":"https:\/\/13.com.ar\/index.php\/wp-json\/wp\/v2\/media\/42600"}],"wp:attachment":[{"href":"https:\/\/13.com.ar\/index.php\/wp-json\/wp\/v2\/media?parent=42599"}],"wp:term":[{"taxonomy":"category","embeddable":true,"href":"https:\/\/13.com.ar\/index.php\/wp-json\/wp\/v2\/categories?post=42599"},{"taxonomy":"post_tag","embeddable":true,"href":"https:\/\/13.com.ar\/index.php\/wp-json\/wp\/v2\/tags?post=42599"}],"curies":[{"name":"wp","href":"https:\/\/api.w.org\/{rel}","templated":true}]}}