{"id":42595,"date":"2025-07-16T06:31:02","date_gmt":"2025-07-16T09:31:02","guid":{"rendered":"https:\/\/13.com.ar\/index.php\/crece-la-produccion-pero-se-pierde-empleo-y-se-disparan-las-importaciones\/"},"modified":"2025-07-16T06:31:02","modified_gmt":"2025-07-16T09:31:02","slug":"crece-la-produccion-pero-se-pierde-empleo-y-se-disparan-las-importaciones","status":"publish","type":"post","link":"https:\/\/13.com.ar\/index.php\/crece-la-produccion-pero-se-pierde-empleo-y-se-disparan-las-importaciones\/","title":{"rendered":"crece la producci\u00f3n, pero se pierde empleo y se disparan las importaciones"},"content":{"rendered":"<p> <br \/>\n<br \/><img decoding=\"async\" src=\"https:\/\/13.com.ar\/wp-content\/uploads\/2025\/07\/crece-la-produccion-pero-se-pierde-empleo-y-se-disparan.jpg\" \/><\/p>\n<div id=\"element-body-0\">\n<p>La actividad metal\u00fargica tuvo <strong>un incremento interanual del 2,3%,<\/strong> pese a que la capacidad instalada de las f\u00e1bricas est\u00e1 en los valores m\u00e1s bajos en t\u00e9rminos hist\u00f3ricos y el empleo no levanta cabeza.<\/p>\n<\/div>\n<div id=\"element-body-1\">\n<p>Datos de ADIMRA, la c\u00e1mara que agrupa las las entidades del sector metal\u00fargico, muestran que el mes pasado hubo<strong> un repunte interanual del 2,3%<\/strong> y del 0,1% con respecto a mayo. El mismo per\u00edodo en 2024 hab\u00eda registrado una ca\u00edda interanual de -17,3%.<\/p>\n<\/div>\n<div id=\"element-body-2\">\n<p>De este modo, <strong>el sector se encuentra un 15% por debajo de los niveles hist\u00f3ricos m\u00e1s altos,<\/strong> mientras el uso de la capacidad instalada es de apenas el 45,9%.<\/p>\n<\/div>\n<div id=\"element-body-3\">\n<p>En el an\u00e1lisis hacia el interior de la industria metal\u00fargica, se registr\u00f3 una ca\u00edda en subsectores estrat\u00e9gicos como autopartes (-2,6%) y Bienes de Capital (-1,2%), mientras que Maquinaria Agr\u00edcola y de Carrocer\u00edas y Remolques tuvieron incrementos de hasta 14,3%.<\/p>\n<\/div>\n<div id=\"element-body-5\">\n<p>En mayo -\u00faltimo dato disponible- las importaciones de productos metal\u00fargicos totalizaron<strong> US$ 2.447 millones,<\/strong> lo que representa un incremento interanual del 38,9%. En t\u00e9rminos mensuales, la<strong>s compras al exterior contin\u00faan creciendo a una tasa promedio del 5%<\/strong>, tomando como base junio de 2024, cuando se registr\u00f3 el nivel m\u00e1s bajo. Por otro lado, las exportaciones de bienes metal\u00fargicos alcanzaron un total de <strong>US$ 346 millones<\/strong>, lo que implica una ca\u00edda del 21,2% en comparaci\u00f3n con mayo del a\u00f1o anterior.<\/p>\n<\/div>\n<div id=\"element-body-6\">\n<p>&#8220;Mientras la industria local muestra se\u00f1ales de estancamiento y en niveles hist\u00f3ricos muy bajos,<strong> el ingreso de productos importados crece a una tasa promedio de 5%.<\/strong> Por ello, consideramos imprescindible avanzar con medidas que fortalezcan el entramado productivo. El escenario actual plantea desaf\u00edos importantes, y es fundamental contar con una pol\u00edtica industrial activa que promueva la productividad y la generaci\u00f3n de empleo de calidad\u201d precis\u00f3 Elio Del Re, titular de ADIMRA.<\/p>\n<\/div>\n<div id=\"element-body-8\">\n<p>Con respecto a la situaci\u00f3n de las principales provincias metal\u00fargicas Santa Fe (4,3%) y C\u00f3rdoba (2,5%) siguieron mostrando variaciones positivas, impulsadas por la actividad de maquinaria agr\u00edcola. Por el contrario, Mendoza (-0,7%) y Buenos Aires (-0,9%) mostraron ca\u00eddas interanuales, reflejando la falta de dinamismo y las dificultades para consolidar una recuperaci\u00f3n firme. Entre R\u00edos (1,5%) present\u00f3 un aumento moderado, pero con un ritmo contenido y sin se\u00f1ales claras de consolidaci\u00f3n.<\/p>\n<\/div>\n<div id=\"element-body-9\">\n<p>En el nivel de empleo<strong> se observa una disminuci\u00f3n interanual de -2,2%<\/strong> y comparado contra el mes de mayo se encuentra en -0,3%.<\/p>\n<\/div>\n<div id=\"element-body-10\">\n<p>Los datos del INDEC muestran que para mayo, <strong>el uso de la capacidad instalada en el total de la industria se ubic\u00f3 en 58,6%,<\/strong> apenas dos puntos porcentuales por encima del nivel del mismo mes de 2024.<\/p>\n<\/div>\n<div id=\"element-body-11\">\n<p>Esto ocurri\u00f3 pese a que en ese mismo mes el INDEC inform\u00f3 que el \u00edndice de producci\u00f3n industrial manufacturero tuvo <strong>una suba de 5,8% respecto a igual mes de 2024<\/strong>. El acumulado de enero-mayo de 2025 presenta un incremento de 6,6%.<\/p>\n<\/div>\n<p><br \/>\n<br \/><a href=\"https:\/\/www.clarin.com\/economia\/industria-tension-crece-produccion-pierde-empleo-disparan-importaciones_0_qE8HCJtFho.html\">Fuente Clarin.com <\/a><\/p>\n","protected":false},"excerpt":{"rendered":"<p>La actividad metal\u00fargica tuvo un incremento interanual del 2,3%, pese a que la capacidad instalada de las f\u00e1bricas est\u00e1 en los valores m\u00e1s bajos en t\u00e9rminos hist\u00f3ricos y el empleo no levanta cabeza. Datos de ADIMRA, la c\u00e1mara que agrupa las las entidades del sector metal\u00fargico, muestran que el mes pasado hubo un repunte interanual [&hellip;]<\/p>\n","protected":false},"author":1,"featured_media":42596,"comment_status":"open","ping_status":"open","sticky":false,"template":"","format":"standard","meta":{"footnotes":""},"categories":[2],"tags":[42,1521,4374,2489,48,265,5926,3670],"class_list":["post-42595","post","type-post","status-publish","format-standard","has-post-thumbnail","hentry","category-ultimas-noticias","tag-crece","tag-disparan","tag-empleo","tag-importaciones","tag-las","tag-pero","tag-pierde","tag-produccion"],"_links":{"self":[{"href":"https:\/\/13.com.ar\/index.php\/wp-json\/wp\/v2\/posts\/42595","targetHints":{"allow":["GET"]}}],"collection":[{"href":"https:\/\/13.com.ar\/index.php\/wp-json\/wp\/v2\/posts"}],"about":[{"href":"https:\/\/13.com.ar\/index.php\/wp-json\/wp\/v2\/types\/post"}],"author":[{"embeddable":true,"href":"https:\/\/13.com.ar\/index.php\/wp-json\/wp\/v2\/users\/1"}],"replies":[{"embeddable":true,"href":"https:\/\/13.com.ar\/index.php\/wp-json\/wp\/v2\/comments?post=42595"}],"version-history":[{"count":0,"href":"https:\/\/13.com.ar\/index.php\/wp-json\/wp\/v2\/posts\/42595\/revisions"}],"wp:featuredmedia":[{"embeddable":true,"href":"https:\/\/13.com.ar\/index.php\/wp-json\/wp\/v2\/media\/42596"}],"wp:attachment":[{"href":"https:\/\/13.com.ar\/index.php\/wp-json\/wp\/v2\/media?parent=42595"}],"wp:term":[{"taxonomy":"category","embeddable":true,"href":"https:\/\/13.com.ar\/index.php\/wp-json\/wp\/v2\/categories?post=42595"},{"taxonomy":"post_tag","embeddable":true,"href":"https:\/\/13.com.ar\/index.php\/wp-json\/wp\/v2\/tags?post=42595"}],"curies":[{"name":"wp","href":"https:\/\/api.w.org\/{rel}","templated":true}]}}