{"id":42594,"date":"2025-07-16T06:27:58","date_gmt":"2025-07-16T09:27:58","guid":{"rendered":"https:\/\/13.com.ar\/index.php\/el-interior-saca-mejores-notas-que-buenos-aires\/"},"modified":"2025-07-16T06:27:58","modified_gmt":"2025-07-16T09:27:58","slug":"el-interior-saca-mejores-notas-que-buenos-aires","status":"publish","type":"post","link":"https:\/\/13.com.ar\/index.php\/el-interior-saca-mejores-notas-que-buenos-aires\/","title":{"rendered":"el Interior saca mejores notas que Buenos Aires"},"content":{"rendered":"<p> <br \/>\n<br \/><img decoding=\"async\" src=\"https:\/\/13.com.ar\/wp-content\/uploads\/2025\/05\/por-bajas-en-frutas-y-verduras-la-inflacion-de-abril.jpg\" \/><\/p>\n<div id=\"element-body-0\">\n<p>La inflaci\u00f3n de junio fue m\u00e1s alta en CABA y el Gran Buenos Aires que en el resto del pa\u00eds. No es el \u00fanico \u00edtem en el que las provincias califican menor que Buenos Aires: tambi\u00e9n el desempleo es menor en el Interior. Dos \u00edtems que ayudan a explicar por qu\u00e9 el optimismo sobre la situaci\u00f3n econ\u00f3mica es m\u00e1s alto fuera de Buenos Aires.<\/p>\n<\/div>\n<div id=\"element-body-1\">\n<p>En junio, el Indice de Precios al Consumidor (IPC) a nivel nacional marc\u00f3 1,6%, mientras que las tasas de inflaci\u00f3n de todas las regiones oscilaron entre 1% y 2% mensual. El IPC de GBA -formado por la Ciudad de Buenos Aires y el conurbano-<strong> mostr\u00f3 una inflaci\u00f3n del 2%, la mas alta de entre las seis regiones en las que el INDEC divide el pa\u00eds.<\/strong><\/p>\n<\/div>\n<div id=\"element-body-2\">\n<p>La Patagonia y la regi\u00f3n Pampeana tuvieron  variaciones mensuales del 1,8% y 1,3%, respectivamente, mientras que el IPC de Noroeste mostr\u00f3 una variaci\u00f3n de precios en torno al 1,2% mensual. Por \u00faltima, las regiones de Noreste y Cuyo tuvieron una inflaci\u00f3n del 1,1% y 1%.<\/p>\n<\/div>\n<div id=\"element-body-4\">\n<p>La explicaci\u00f3n detr\u00e1s de estos n\u00fameros es que en el Interior el peso de los bienes es mayor que el que tienen en Buenos Aires, donde el impacto de los servicios es el m\u00e1s alto del pa\u00eds.<\/p>\n<\/div>\n<div id=\"element-body-5\">\n<p>A nivel nacional, &#8220;los bienes registraron un nuevo m\u00ednimo hist\u00f3rico, desaceler\u00e1ndose del 0,9% en mayo al 0,8% en junio, el ritmo mensual m\u00e1s lento desde el inicio de la serie en enero de 2017&#8221;, se\u00f1alan desde Portfolio Personal Inversiones (PPI). <\/p>\n<\/div>\n<div id=\"element-body-6\">\n<p>&#8220;Por el contrario, <strong>los servicios revirtieron el descenso del mes anterior:<\/strong> tras ceder 0,3 puntos porcentuales hasta 2,7% en mayo, aceleraron hasta 3,2% en junio. Dentro de la categor\u00eda, los servicios no regulados repuntaron desde 3,2% en mayo a 4,0% en junio, mientras que los servicios regulados se mantuvieron pr\u00e1cticamente estables en 2,3%, frente al 2,2% del mes anterior&#8221;, agregaron.<\/p>\n<\/div>\n<div id=\"element-body-7\">\n<p>Desde la consultora LCG apuntaron que &#8220;en CABA incidi\u00f3 la suba 5% en colectivos, adem\u00e1s del incremento generalizado en Combustibles&#8221;.<\/p>\n<\/div>\n<div id=\"element-body-9\">\n<p>El otro indicador en el que las provincias salen ganando respecto a Buenos Aires es el desempleo. El \u00faltimo registro, correspondiente al primer trimestre marca que<strong> la desocupaci\u00f3n urbana lleg\u00f3 al 7,9%, mientras que en los aglomerados del Interior promedio 6,4%.<\/strong><\/p>\n<\/div>\n<div id=\"element-body-10\">\n<p>En el Gran Buenos Aires la desocupaci\u00f3n alcanz\u00f3 el 9,1%, en Cuyo fue del 5,7%, en el Noreste de 6,1%, en el Noroeste de 5,1%, en la regi\u00f3n pampeana de 7,4% y en la Patagonia de 4,9%.<\/p>\n<\/div>\n<div id=\"element-body-11\">\n<p>Sin embargo hay<strong> cuatro distritos<\/strong> en el interior con una tasa superior a la del promedio nacional: all\u00ed se anotan Gran Chaco con 8,9%, C\u00f3rdoba con 9,2%, Gran La Plata 8,7%, y Santa Rosa -Toay con 9,5%.<\/p>\n<\/div>\n<div id=\"element-body-13\">\n<p>Dos de los sectores que m\u00e1s se destacan en el nuevo esquema econ\u00f3mica son los que traccionan la econom\u00eda del Interior. Un informe de la consultora Moiguer detalla se est\u00e1 produciendo una reconfiguraci\u00f3n de la geograf\u00eda econ\u00f3mica de Argentina, donde <strong>ganar\u00e1n preponderancia regiones que hasta ahora estaban en un segundo plano. <\/strong><\/p>\n<\/div>\n<div id=\"element-body-14\">\n<p>En 2004, el corredor central del pa\u00eds, una medialuna que se extiende desde el norte de Buenos Aires, sur de Santa Fe y C\u00f3rdoba y centro de Mendoza e<strong>xplicaba el 74% del producto bruto interno y congregaba al 85% de la poblaci\u00f3n econ\u00f3micamente activa.<\/strong><\/p>\n<\/div>\n<div id=\"element-body-15\">\n<p>&#8220;La proyecci\u00f3n al 2030 muestra un cambio de l\u00f3gica, con u<strong>n Eje Andino concentrado en energ\u00eda y minerales<\/strong>; el Eje Pampeano con el agro y el Eje Patag\u00f3nico con <strong>energ\u00eda y data center<\/strong>s. La consecuencia de esto ser\u00e1 que el corredor industrial del AMBA perder\u00e1 peso&#8221;, argumentan.<\/p>\n<\/div>\n<div id=\"element-body-16\">\n<p>&#8220;Este giro reconfigura el mapa productivo del pa\u00eds&#8221;, sostiene el informe. Y se\u00f1ala que tambi\u00e9n se produce un &#8220;correlato social&#8221;:<strong> al medir las expectativas por regi\u00f3n, son m\u00e1s positivas en el interior del pa\u00eds que en el AMBA.<\/strong> Hoy seis de cada diez argentinos cree que el pa\u00eds va a estar mejor en los pr\u00f3ximos 12 meses, un repunte de 9% contra el resultado de 2024.<\/p>\n<\/div>\n<div id=\"element-body-17\">\n<p>Los n\u00fameros var\u00edan por provincias: en Salta el optimismo llega al 72%, en Mendoza, al 63% y en Neuqu\u00e9n al 60%, mientras que en GBA cede al 47%.<\/p>\n<\/div>\n<p><br \/>\n<br \/><a href=\"https:\/\/www.clarin.com\/economia\/inflacion-desempleo-interior-saca-mejores-notas-buenos-aires_0_8k6G2Bqk4q.html\">Fuente Clarin.com <\/a><\/p>\n","protected":false},"excerpt":{"rendered":"<p>La inflaci\u00f3n de junio fue m\u00e1s alta en CABA y el Gran Buenos Aires que en el resto del pa\u00eds. No es el \u00fanico \u00edtem en el que las provincias califican menor que Buenos Aires: tambi\u00e9n el desempleo es menor en el Interior. Dos \u00edtems que ayudan a explicar por qu\u00e9 el optimismo sobre la [&hellip;]<\/p>\n","protected":false},"author":1,"featured_media":24527,"comment_status":"open","ping_status":"open","sticky":false,"template":"","format":"standard","meta":{"footnotes":""},"categories":[2],"tags":[328,327,4915,679,5365,13413],"class_list":["post-42594","post","type-post","status-publish","format-standard","has-post-thumbnail","hentry","category-ultimas-noticias","tag-aires","tag-buenos","tag-interior","tag-mejores","tag-notas","tag-saca"],"_links":{"self":[{"href":"https:\/\/13.com.ar\/index.php\/wp-json\/wp\/v2\/posts\/42594","targetHints":{"allow":["GET"]}}],"collection":[{"href":"https:\/\/13.com.ar\/index.php\/wp-json\/wp\/v2\/posts"}],"about":[{"href":"https:\/\/13.com.ar\/index.php\/wp-json\/wp\/v2\/types\/post"}],"author":[{"embeddable":true,"href":"https:\/\/13.com.ar\/index.php\/wp-json\/wp\/v2\/users\/1"}],"replies":[{"embeddable":true,"href":"https:\/\/13.com.ar\/index.php\/wp-json\/wp\/v2\/comments?post=42594"}],"version-history":[{"count":0,"href":"https:\/\/13.com.ar\/index.php\/wp-json\/wp\/v2\/posts\/42594\/revisions"}],"wp:featuredmedia":[{"embeddable":true,"href":"https:\/\/13.com.ar\/index.php\/wp-json\/wp\/v2\/media\/24527"}],"wp:attachment":[{"href":"https:\/\/13.com.ar\/index.php\/wp-json\/wp\/v2\/media?parent=42594"}],"wp:term":[{"taxonomy":"category","embeddable":true,"href":"https:\/\/13.com.ar\/index.php\/wp-json\/wp\/v2\/categories?post=42594"},{"taxonomy":"post_tag","embeddable":true,"href":"https:\/\/13.com.ar\/index.php\/wp-json\/wp\/v2\/tags?post=42594"}],"curies":[{"name":"wp","href":"https:\/\/api.w.org\/{rel}","templated":true}]}}