{"id":4244,"date":"2025-02-12T13:49:29","date_gmt":"2025-02-12T16:49:29","guid":{"rendered":"https:\/\/13.com.ar\/index.php\/se-cree-que-es-superman\/"},"modified":"2025-02-12T13:49:29","modified_gmt":"2025-02-12T16:49:29","slug":"se-cree-que-es-superman","status":"publish","type":"post","link":"https:\/\/13.com.ar\/index.php\/se-cree-que-es-superman\/","title":{"rendered":"Se cree que es Superman"},"content":{"rendered":"<p> <br \/>\n<br \/><img decoding=\"async\" src=\"https:\/\/13.com.ar\/wp-content\/uploads\/2025\/02\/Se-cree-que-es-Superman.jpg\" \/><\/p>\n<div>\n<p>El f\u00fatbol argentino atraviesa un momento de cuestionamientos. No solo por las interminables pol\u00e9micas por los ins\u00f3litos fallos arbitrales, sino que el formato del campeonato tambi\u00e9n suele ser objeto de reproches. Ahora, el que sali\u00f3 al cruce contra la <strong>AFA <\/strong>y <strong>Claudio Chiqui Tapia<\/strong> fue <strong>Mario Alberto Kempes<\/strong>, una leyenda que fue goleador del primer campe\u00f3n del mundo en 1978.<\/p>\n<\/div>\n<div>\n<p>El Matador ya hab\u00eda manifestado su reprobaci\u00f3n de la gesti\u00f3n de Tapia en varias oportunidades. Sin embargo, en esta ocasi\u00f3n lanz\u00f3 cr\u00edticas todav\u00eda m\u00e1s duras contra el presidente de la AFA, a pesar de que bajo su mandato la Selecci\u00f3n Argentina ya conquist\u00f3 dos Copas Am\u00e9ricas y el Mundial de Qatar.<\/p>\n<\/div>\n<div>\n<p>La organizaci\u00f3n del Torneo Apertura no es del agrado del exdelantero cordob\u00e9s, queda claro. En una entrevista con <em>Super Deportivo Radio<\/em>, Kempes dispar\u00f3: <strong>&#8220;Que no haya descensos&#8230; Eso se parece a la MLS. Jugar sin descensos es jugar sin motivaci\u00f3n. Se habr\u00e1 contagiado porque el presidente vive en Miami pr\u00e1cticamente&#8221;<\/strong>.<\/p>\n<\/div>\n<div>\n<p>Kempes no dud\u00f3 ante la consulta y le abri\u00f3 otro frente de guerra a la AFA. En l\u00ednea con lo anterior, donde fue muy duro con el armado de las competiciones nacionales, el surgido de Instituto de C\u00f3rdoba agreg\u00f3: <strong>&#8220;Los campeonatos argentinos dan pena, la verdad es esa. El f\u00fatbol argentino no est\u00e1 preparado para tantos equipos&#8221;<\/strong>.<\/p>\n<\/div>\n<div>\n<p>Pero el enojo no qued\u00f3 ah\u00ed. El ex goleador de Rosario Central y River sigui\u00f3 con su discurso y analiz\u00f3 a\u00fan m\u00e1s el torneo argentino. &#8220;No s\u00e9 qu\u00e9 se busca con esto de hacer dos campeonatos de dos series y que al final de eso los \u00faltimos no desciendan. A lo mejor en la primera ronda hay equipos que se van 15 puntos adelante y ya se termin\u00f3 todo el campeonato&#8221;, sostuvo.<\/p>\n<\/div>\n<div>\n<p>Luego, molesto por los manejos del presidente del f\u00fatbol argentino desde hace muchos a\u00f1os, Kempes atac\u00f3 directamente a Tapia.  <strong>&#8220;Es pr\u00e1cticamente due\u00f1o, porque hace y deshace lo que \u00e9l quiere. A m\u00ed no me gusta Tapia y creo que al futbolero tampoco. Ha tenido la suerte de que Argentina consigui\u00f3 la tercera estrella y se cree que es Superman&#8221;<\/strong>, explot\u00f3.<\/p>\n<\/div>\n<div>\n<p>El hist\u00f3rico goleador que convirti\u00f3 m\u00e1s de 342 tantos a lo largo de su exitosa carrera, apunt\u00f3 contra el accionar del Chiqui y asegur\u00f3: &#8220;Vos ten\u00e9s que darle vida al f\u00fatbol argentino, no hacerte famoso vos. Sos el presidente, vos no jug\u00e1s. <strong>Yo le tengo mucho respeto a la AFA, no a quien la dirige<\/strong> porque se est\u00e1 equivocando en las cosas que est\u00e1 haciendo&#8221;.<\/p>\n<\/div>\n<div>\n<p>Y el <em>Matador <\/em>fue por m\u00e1s. &#8220;Hay que pensar qu\u00e9 quiere hacer esta gente. Si est\u00e1 ah\u00ed para dirigir o para algo diferente&#8230; La CONMEBOL est\u00e1 ah\u00ed cerquita, poder ser dirigente de la FIFA&#8221;, declar\u00f3 el m\u00e1ximo \u00eddolo de Valencia. &#8220;A lo mejor se ha encontrado con un pedazo de oro gigante&#8230;&#8221;, agreg\u00f3 algunos segundos despu\u00e9s en la misma sinton\u00eda con lo antes dicho.<\/p>\n<\/div>\n<div>\n<p>En su ataque al mandam\u00e1s de la AFA utiliz\u00f3 la comparaci\u00f3n con el hist\u00f3rico dirigente y expres\u00f3:<strong> &#8220;Julio Grondona tambi\u00e9n tuvo sus cosas raras pero nunca despreci\u00f3 a los campeones del mundo<\/strong>. A Tapia le escrib\u00ed una carta pregunt\u00e1ndole por qu\u00e9 los campeones del 78 no existen para \u00e9l. Cree que el f\u00fatbol argentino creci\u00f3 cuando empez\u00f3 a presidir la AFA. Es decepcionante&#8221;.<\/p>\n<\/div>\n<p><br \/>\n<br \/><a href=\"https:\/\/www.clarin.com\/deportes\/mario-kempes-matador-dice-torneos-afa-dan-pena-pego-chiqui-tapia-cree-superman_0_A0K5Gg6xzD.html\">Fuente Clarin.com <\/a><\/p>\n","protected":false},"excerpt":{"rendered":"<p>El f\u00fatbol argentino atraviesa un momento de cuestionamientos. No solo por las interminables pol\u00e9micas por los ins\u00f3litos fallos arbitrales, sino que el formato del campeonato tambi\u00e9n suele ser objeto de reproches. Ahora, el que sali\u00f3 al cruce contra la AFA y Claudio Chiqui Tapia fue Mario Alberto Kempes, una leyenda que fue goleador del primer [&hellip;]<\/p>\n","protected":false},"author":1,"featured_media":4245,"comment_status":"open","ping_status":"open","sticky":false,"template":"","format":"standard","meta":{"footnotes":""},"categories":[2],"tags":[6312,1872],"class_list":["post-4244","post","type-post","status-publish","format-standard","has-post-thumbnail","hentry","category-ultimas-noticias","tag-cree","tag-superman"],"_links":{"self":[{"href":"https:\/\/13.com.ar\/index.php\/wp-json\/wp\/v2\/posts\/4244","targetHints":{"allow":["GET"]}}],"collection":[{"href":"https:\/\/13.com.ar\/index.php\/wp-json\/wp\/v2\/posts"}],"about":[{"href":"https:\/\/13.com.ar\/index.php\/wp-json\/wp\/v2\/types\/post"}],"author":[{"embeddable":true,"href":"https:\/\/13.com.ar\/index.php\/wp-json\/wp\/v2\/users\/1"}],"replies":[{"embeddable":true,"href":"https:\/\/13.com.ar\/index.php\/wp-json\/wp\/v2\/comments?post=4244"}],"version-history":[{"count":0,"href":"https:\/\/13.com.ar\/index.php\/wp-json\/wp\/v2\/posts\/4244\/revisions"}],"wp:featuredmedia":[{"embeddable":true,"href":"https:\/\/13.com.ar\/index.php\/wp-json\/wp\/v2\/media\/4245"}],"wp:attachment":[{"href":"https:\/\/13.com.ar\/index.php\/wp-json\/wp\/v2\/media?parent=4244"}],"wp:term":[{"taxonomy":"category","embeddable":true,"href":"https:\/\/13.com.ar\/index.php\/wp-json\/wp\/v2\/categories?post=4244"},{"taxonomy":"post_tag","embeddable":true,"href":"https:\/\/13.com.ar\/index.php\/wp-json\/wp\/v2\/tags?post=4244"}],"curies":[{"name":"wp","href":"https:\/\/api.w.org\/{rel}","templated":true}]}}