{"id":4242,"date":"2025-02-12T13:46:29","date_gmt":"2025-02-12T16:46:29","guid":{"rendered":"https:\/\/13.com.ar\/index.php\/revelaron-el-verdadero-tamano-del-pez-abisal-diablo-negro-que-emergio-de-las-profundidades\/"},"modified":"2025-02-12T13:46:29","modified_gmt":"2025-02-12T16:46:29","slug":"revelaron-el-verdadero-tamano-del-pez-abisal-diablo-negro-que-emergio-de-las-profundidades","status":"publish","type":"post","link":"https:\/\/13.com.ar\/index.php\/revelaron-el-verdadero-tamano-del-pez-abisal-diablo-negro-que-emergio-de-las-profundidades\/","title":{"rendered":"Revelaron el verdadero tama\u00f1o del pez abisal diablo negro que emergi\u00f3 de las profundidades"},"content":{"rendered":"<p> <br \/>\n<\/p>\n<div id=\"cuerpo\">\n<div class=\"sc-80531b6b-0 chRIGJ container-text text-embed\">\n<p>Desde que <strong>emergi\u00f3 de las profundidades<\/strong> y sorprendi\u00f3 a un grupo de investigadores que realizaba un relevamiento en<strong> Tenerife, Espa\u00f1a<\/strong>, la in\u00e9dita <strong>aparici\u00f3n <\/strong>del<strong> pez abisal diablo negro <\/strong>caus\u00f3 gran revuelo en las redes sociales. <\/p>\n<\/div>\n<div class=\"sc-80531b6b-0 chRIGJ container-text text-embed\">\n<p>Poco despu\u00e9s de confirmarse que el esp\u00e9cimen muri\u00f3 pocas horas m\u00e1s tarde, lo que llam\u00f3 la atenci\u00f3n fue <strong>el tama\u00f1o real<\/strong> del <strong>melanocetus<\/strong>, que significa literalmente &#8220;monstruo marino negro&#8221; .<\/p>\n<\/div>\n<div class=\"sc-80531b6b-0 chRIGJ container-text text-embed\">\n<p>En una nueva imagen se comprob\u00f3 que, para sorpresa de muchos, <strong>el ejemplar med\u00eda entre dos y tres cent\u00edmetros<\/strong>. En el video donde se lo ve\u00eda nadando en vertical hacia la superficie, parec\u00eda tener dimensiones mayores a las que caracterizan a la especie. <\/p>\n<\/div>\n<div class=\"sc-80531b6b-0 chRIGJ container-text text-embed\">\n<p>En la foto se aprecia que la criatura marina no alcanza a cubrir toda la palma de la mano de quien lo sostiene, y frente al imaginario social que se hab\u00eda construido, muchos internautas se sorprendieron de que se tratara de pr\u00e1cticamente una <strong>miniatura<\/strong>.<\/p>\n<\/div>\n<div class=\"sc-80531b6b-0 chRIGJ container-text text-embed\">\n<p>&#8220;Es realmente aterrador, pero solo <strong>si ten\u00e9s el tama\u00f1o de Nemo o Dory<\/strong>&#8220;, bromearon en la red social X, con una certera referencia a la pel\u00edcula infantil <strong><em>Buscando a Nemo<\/em><\/strong>, donde un personaje tiene el aspecto del pez diablo negro y aterroriza a los protagonistas.<\/p>\n<\/div>\n<div class=\"sc-80531b6b-0 chRIGJ container-text text-embed\">\n<p>Seg\u00fan afirman los expertos, <strong>puede medir hasta 18 cent\u00edmetros. <\/strong>Depende si se trata de una hembra o un macho, aunque debido a sus extraordinarias caracter\u00edsticas, en un momento del ciclo de reproducci\u00f3n el macho se fusiona a la hembra y se convierte en un reservorio de esperma. <\/p>\n<\/div>\n<p><h2>El incre\u00edble m\u00e9todo de supervivencia del pez diablo<\/h2>\n<\/p>\n<div class=\"sc-80531b6b-0 chRIGJ container-text text-embed\">\n<p>Pese a su temerario aspecto, <strong>resulta inofensivo para los humanos. <\/strong>Lo que lo hace a\u00fan m\u00e1s sorprendente es que tiene una las estrategias de apareamiento m\u00e1s extremas de todo el reino animal.<\/p>\n<\/div>\n<div class=\"sc-198be8ec-0 cynXbu image-embed  image-embed \"><picture class=\"sc-198be8ec-1 kOjRiQ\"><source media=\"(min-width: 975px)\" width=\"720\" height=\"480\" \/><img alt=\"Su terror\u00edfico aspecto confundi\u00f3 a los usuarios, que creyeron que ser\u00eda un pez gigante\" loading=\"lazy\" width=\"720\" height=\"480\" decoding=\"async\" data-nimg=\"1\" style=\"color:transparent\" src=\"https:\/\/13.com.ar\/wp-content\/uploads\/2025\/02\/Revelaron-el-verdadero-tamano-del-pez-abisal-diablo-negro-que.jpg\"\/><span class=\"epigraphe\">Su terror\u00edfico aspecto confundi\u00f3 a los usuarios, que creyeron que ser\u00eda un pez gigante<\/span><span class=\"bkg\"\/><span class=\"picture-open\"><button class=\"open-image\" aria-label=\"Open Image\"\/><\/span><\/picture><\/div>\n<div class=\"sc-80531b6b-0 chRIGJ container-text text-embed\">\n<p><strong>Los machos se amalgaman con su pareja para siempre<\/strong>. No se trata de una met\u00e1fora, sino que de un hecho literal. Como no pueden sobrevivir por s\u00ed solos, los machos se adhieren a la hembra, y atrofian sus \u00f3rganos para que la hembra pueda reproducirse cuando lo desee. El sacrificio de casi desintegrarse para asegurar la continuidad de la cadena reproductiva, lo vuelve a\u00fan m\u00e1s curioso.<\/p>\n<\/div>\n<p><h2>El hallazgo del pez abisal negro<\/h2>\n<\/p>\n<div class=\"sc-80531b6b-0 chRIGJ container-text text-embed\">\n<p>&#8220;Podr\u00eda tratarse del <strong>primer avistamiento registrado en el mundo<\/strong> de un diablo negro o<strong> rape abisal <\/strong>adulto (Melanocetus johnsonii) vivo, a plena luz del d\u00eda y en la superficie&#8221;, escribieron desde la cuenta de Instagram de la ONG espa\u00f1ola que realiz\u00f3 el descubrimiento a plena luz del d\u00eda y a unos pocos kil\u00f3metros de la costa.<\/p>\n<\/div>\n<div class=\"sc-ad4aedf2-0 dPPgNJ border-video video-embed horizontal border-video video-embed horizontal\">\n<div class=\"sc-ad4aedf2-1 hnFuni videoText videoText\">\n<h2>Video<\/h2>\n<p>El terror\u00edfico pez diablo negro emerge de las profundidades por primera vez<\/p>\n<\/div>\n<\/div>\n<div class=\"sc-80531b6b-0 chRIGJ container-text text-embed\">\n<p>Se basan en que los registros previos corresponden a larvas, ejemplares adultos muertos o grabados con submarinos. La bi\u00f3loga<strong> Laia Valor<\/strong> fue quien lo vio cerca de Playa San Juan en el municipio de Gu\u00eda de Isora, y detall\u00f3 posibles explicaciones.<\/p>\n<\/div>\n<div class=\"sc-80531b6b-0 chRIGJ container-text text-embed\">\n<p>El pez podr\u00eda haberse movido por alg\u00fan cambio de presi\u00f3n desde aguas profundas, quiz\u00e1 en plena huida por alg\u00fan potencial peligro, y otra de las teor\u00edas se basa en que alg\u00fan depredador se haya comido a este pez y l<strong>o haya vomitado entero<\/strong>, dej\u00e1ndolo gravemente herido.<\/p>\n<\/div>\n<div class=\"sc-80531b6b-0 chRIGJ container-text text-embed\">\n<p>&#8220;Este sorprendente hallazgo no dej\u00f3 a la tripulaci\u00f3n indiferente y ser\u00e1 recordado para siempre&#8221;, asegur\u00f3 el equipo de investigadores, que se encontr\u00f3 con el pez diablo negro mientras regresaba al puerto.<\/p>\n<\/div>\n<\/div>\n<p><br \/>\n<br \/><a href=\"https:\/\/www.clarin.com\/internacional\/revelaron-verdadero-tamano-pez-abisal-diablo-negro-emergio-profundidades_0_14irDeiUj5.html\">Fuente Clarin.com <\/a><\/p>\n","protected":false},"excerpt":{"rendered":"<p>Desde que emergi\u00f3 de las profundidades y sorprendi\u00f3 a un grupo de investigadores que realizaba un relevamiento en Tenerife, Espa\u00f1a, la in\u00e9dita aparici\u00f3n del pez abisal diablo negro caus\u00f3 gran revuelo en las redes sociales. Poco despu\u00e9s de confirmarse que el esp\u00e9cimen muri\u00f3 pocas horas m\u00e1s tarde, lo que llam\u00f3 la atenci\u00f3n fue el tama\u00f1o [&hellip;]<\/p>\n","protected":false},"author":1,"featured_media":4243,"comment_status":"open","ping_status":"open","sticky":false,"template":"","format":"standard","meta":{"footnotes":""},"categories":[2],"tags":[6309,100,5012,6310,48,229,1222,6311,6058,6308,1895],"class_list":["post-4242","post","type-post","status-publish","format-standard","has-post-thumbnail","hentry","category-ultimas-noticias","tag-abisal","tag-del","tag-diablo","tag-emergio","tag-las","tag-negro","tag-pez","tag-profundidades","tag-revelaron","tag-tamano","tag-verdadero"],"_links":{"self":[{"href":"https:\/\/13.com.ar\/index.php\/wp-json\/wp\/v2\/posts\/4242","targetHints":{"allow":["GET"]}}],"collection":[{"href":"https:\/\/13.com.ar\/index.php\/wp-json\/wp\/v2\/posts"}],"about":[{"href":"https:\/\/13.com.ar\/index.php\/wp-json\/wp\/v2\/types\/post"}],"author":[{"embeddable":true,"href":"https:\/\/13.com.ar\/index.php\/wp-json\/wp\/v2\/users\/1"}],"replies":[{"embeddable":true,"href":"https:\/\/13.com.ar\/index.php\/wp-json\/wp\/v2\/comments?post=4242"}],"version-history":[{"count":0,"href":"https:\/\/13.com.ar\/index.php\/wp-json\/wp\/v2\/posts\/4242\/revisions"}],"wp:featuredmedia":[{"embeddable":true,"href":"https:\/\/13.com.ar\/index.php\/wp-json\/wp\/v2\/media\/4243"}],"wp:attachment":[{"href":"https:\/\/13.com.ar\/index.php\/wp-json\/wp\/v2\/media?parent=4242"}],"wp:term":[{"taxonomy":"category","embeddable":true,"href":"https:\/\/13.com.ar\/index.php\/wp-json\/wp\/v2\/categories?post=4242"},{"taxonomy":"post_tag","embeddable":true,"href":"https:\/\/13.com.ar\/index.php\/wp-json\/wp\/v2\/tags?post=4242"}],"curies":[{"name":"wp","href":"https:\/\/api.w.org\/{rel}","templated":true}]}}