{"id":4226,"date":"2025-02-12T13:22:29","date_gmt":"2025-02-12T16:22:29","guid":{"rendered":"https:\/\/13.com.ar\/index.php\/sorpresivo-comunicado-oficial-sobre-kate-middleton-de-la-realeza-britanica-en-medio-de-una-polemica\/"},"modified":"2025-02-12T13:22:29","modified_gmt":"2025-02-12T16:22:29","slug":"sorpresivo-comunicado-oficial-sobre-kate-middleton-de-la-realeza-britanica-en-medio-de-una-polemica","status":"publish","type":"post","link":"https:\/\/13.com.ar\/index.php\/sorpresivo-comunicado-oficial-sobre-kate-middleton-de-la-realeza-britanica-en-medio-de-una-polemica\/","title":{"rendered":"Sorpresivo comunicado oficial sobre Kate Middleton de la Realeza Brit\u00e1nica en medio de una pol\u00e9mica"},"content":{"rendered":"<p> <br \/>\n<\/p>\n<div id=\"cuerpo\">\n<div class=\"sc-80531b6b-0 chRIGJ container-text text-embed\">\n<p><strong>Kate Middleton, la princesa de Gales<\/strong>, otra vez volvi\u00f3 a ser noticia y desde el Palacio de Kensington se vieron obligados a emitir un <strong>comunicado oficial <\/strong>despu\u00e9s de algunas especulaciones, que como suele suceder de inmediato de vinculado a su estado de salud, ya que hab\u00eda sido <strong>diagnosticada de c\u00e1ncer en 2024. <\/strong><\/p>\n<\/div>\n<div class=\"sc-80531b6b-0 chRIGJ container-text text-embed\">\n<p>En esta oportunidad la mira de los medios brit\u00e1nicos apuntan a que ya no se dar\u00edan a conocer detalles de el estilismo de Kate, es decir, la disciplina que se encarga de de la <strong>selecci\u00f3n y combinaci\u00f3n de elementos para crear un estilo determinado de moda.<\/strong><\/p>\n<\/div>\n<div class=\"sc-80531b6b-0 chRIGJ container-text text-embed\">\n<p>Sucede que la Princesa de Gales desea que de una vez por todas la atenci\u00f3n se centre e<strong>n su trabajo y no en las prensa que tiene guardadas en su armario.<\/strong><\/p>\n<\/div>\n<div class=\"sc-80531b6b-0 chRIGJ container-text text-embed\">\n<p>Seg\u00fan habr\u00eda revelado una fuente del palacio de Kensington al <em>Sunday Times<\/em>, Middleton habr\u00eda pedido que sus fans se pongan mayor atenci\u00f3n en su trabajo en lugar de en sus vestidos despu\u00e9s de que su lucha contra el c\u00e1ncer le haya dado una <strong>&#8220;nueva perspectiva&#8221;.<\/strong><\/p>\n<\/div>\n<p><h2>Pol\u00e9mica con Kate Middleton y la aclaraci\u00f3n del Palacio de Kensington<\/h2>\n<\/p>\n<div class=\"sc-80531b6b-0 chRIGJ container-text text-embed\">\n<p>Desde el casamiento de Kate Middleton con el <strong>pr\u00edncipe Williams en abril de 2011<\/strong>, el Palacio de Kensington comparte regularmente con la prensa detalles de las prendas que usa en los eventos p\u00fablicos. <\/p>\n<\/div>\n<div class=\"sc-80531b6b-0 chRIGJ container-text text-embed\">\n<p>Sin embargo, despu\u00e9s de la vuelta gradual de la princesa a sus tareas tras completar<strong> un tratamiento preventivo de quimioterapia <\/strong>all\u00e1 por septiembre \u00faltimo, las comunicaciones hab\u00edan llegado a su fin.<\/p>\n<\/div>\n<div class=\"sc-80531b6b-0 chRIGJ container-text text-embed\">\n<p>Pero al parecer, nada m\u00e1s lejos de la realidad. Por lo menos es lo que expres\u00f3 a trav\u00e9s de un comunicado el propio Palacio de Kensington:<\/p>\n<\/div>\n<div class=\"sc-ad4aedf2-0 dPPgNJ border-video video-embed horizontal border-video video-embed horizontal\">\n<div class=\"sc-ad4aedf2-1 hnFuni videoText videoText\">\n<h2>Video<\/h2>\n<p>Lo anunci\u00f3 en un video con su familia de vacaciones en Norfolk. Volver\u00e1 a algunas funciones p\u00fablicas en los pr\u00f3ximos meses.<\/p>\n<\/div>\n<\/div>\n<div class=\"sc-80531b6b-0 chRIGJ container-text text-embed\">\n<p>&#8220;Durante la \u00faltima semana, he recibido numerosas preguntas sobre una historia relacionada con la ropa de la Princesa de Gales y c\u00f3mo el Palacio de Kensington <strong>comparte informaci\u00f3n sobre sus atuendos<\/strong>&#8220;, comienza.<\/p>\n<\/div>\n<div class=\"sc-80531b6b-0 chRIGJ container-text text-embed\">\n<p> Y asegura: &#8220;Para que quede claro, los comentarios que aparecen en el art\u00edculo son m\u00edos, no de la Princesa de Gales. Los comentarios que se publicaron <strong>no deben atribuirse directamente a la Princesa de Gales<\/strong>&#8220;.<\/p>\n<\/div>\n<div class=\"sc-80531b6b-0 chRIGJ container-text text-embed\">\n<p>Fue entonces que lleg\u00f3 el turno de la a el desmentido oficial: <strong>&#8220;No ha habido ning\u00fan cambio en nuestro enfoque a la hora de compartir informaci\u00f3n sobre la vestimenta de Su Alteza Real&#8221;<\/strong>.<\/p>\n<\/div>\n<p><h2>C\u00f3mo est\u00e1 hoy la salud de Kate Middleton, la princesa de Gales<\/h2>\n<\/p>\n<div class=\"sc-80531b6b-0 chRIGJ container-text text-embed\">\n<p>Hace poco m\u00e1s de un a\u00f1os, en <strong>enero de 2024<\/strong>, el Palacio de Kensington anunci\u00f3 que la princesa de Gales hab\u00eda sido llevada al hospital para una cirug\u00eda abdominal y que iba a suspender su agenda para su recuperaci\u00f3n.<\/p>\n<\/div>\n<div class=\"sc-80531b6b-0 chRIGJ container-text text-embed\">\n<p>Pero la ola de rumores sobre su salud llevaron a que en marzo del a\u00f1o pasado Kate hiciera un <strong>emotivo video con la confirmaci\u00f3n de su diagn\u00f3stico.<\/strong><\/p>\n<\/div>\n<div class=\"sc-80531b6b-0 chRIGJ container-text text-embed\">\n<p>Adem\u00e1s comparti\u00f3 que estaba siguiendo un <strong>tratamiento de quimioterapia <\/strong>y que se encontraba enfocada en su recuperaci\u00f3n.<\/p>\n<\/div>\n<div class=\"sc-80531b6b-0 chRIGJ container-text text-embed\">\n<p>Justamente hace unas semanas, Middleton cont\u00f3 que su enfermedad se encuentra en remisi\u00f3n. Lo hizo tras una<strong> visita al Royal Marsden Hospital de Londres<\/strong>, donde recibi\u00f3 su tratamiento.<\/p>\n<\/div>\n<div class=\"sc-198be8ec-0 cynXbu image-embed  image-embed \"><picture class=\"sc-198be8ec-1 kOjRiQ\"><source media=\"(min-width: 975px)\" width=\"720\" height=\"480\" \/><img alt=\"Kate Middleton junto al pr\u00edncipe Williams durante una ceremonia, antes de recibir el diagn\u00f3stico de c\u00e1ncer. Foto: AP \" loading=\"lazy\" width=\"720\" height=\"480\" decoding=\"async\" data-nimg=\"1\" style=\"color:transparent\" src=\"https:\/\/13.com.ar\/wp-content\/uploads\/2025\/02\/Sorpresivo-comunicado-oficial-sobre-Kate-Middleton-de-la-Realeza-Britanica.jpg\"\/><span class=\"epigraphe\">Kate Middleton junto al pr\u00edncipe Williams durante una ceremonia, antes de recibir el diagn\u00f3stico de c\u00e1ncer. Foto: AP <\/span><span class=\"bkg\"\/><span class=\"picture-open\"><button class=\"open-image\" aria-label=\"Open Image\"\/><\/span><\/picture><\/div>\n<div class=\"sc-80531b6b-0 chRIGJ container-text text-embed\">\n<p>\u201cEntrar por la puerta principal aqu\u00ed, despu\u00e9s de haber hecho tantas visitas privadas y tranquilas, en realidad es bastante agradable\u201d, sostuvo.<\/p>\n<\/div>\n<div class=\"sc-80531b6b-0 chRIGJ container-text text-embed\">\n<p>&#8220;Hay luz al final de ese t\u00fanel, fue un placer conocerte y mucha suerte. Est\u00e1s en las mejores manos\u201d, dijo Kate a una paciente antes de sus despedida.<\/p>\n<\/div>\n<div class=\"sc-80531b6b-0 chRIGJ container-text text-embed\">\n<p>&#8220;<strong>Ojal\u00e1 pudiera ayudar m\u00e1s<\/strong>. Quer\u00eda venir y mostrar mi apoyo al incre\u00edble trabajo que se est\u00e1 haciendo aqu\u00ed y a quienes est\u00e1n pasando por un tratamiento y est\u00e1n pasando por un momento tan dif\u00edcil\u201d, finaliz\u00f3.<\/p>\n<\/div>\n<\/div>\n<p><br \/>\n<br \/><a href=\"https:\/\/www.clarin.com\/internacional\/sorpresivo-comunicado-oficial-kate-middleton-realeza-britanica-medio-polemica_0_JLGily986J.html\">Fuente Clarin.com <\/a><\/p>\n","protected":false},"excerpt":{"rendered":"<p>Kate Middleton, la princesa de Gales, otra vez volvi\u00f3 a ser noticia y desde el Palacio de Kensington se vieron obligados a emitir un comunicado oficial despu\u00e9s de algunas especulaciones, que como suele suceder de inmediato de vinculado a su estado de salud, ya que hab\u00eda sido diagnosticada de c\u00e1ncer en 2024. En esta oportunidad [&hellip;]<\/p>\n","protected":false},"author":1,"featured_media":4227,"comment_status":"open","ping_status":"open","sticky":false,"template":"","format":"standard","meta":{"footnotes":""},"categories":[2],"tags":[2259,2323,3725,1224,3726,806,814,6283,732,3086,73],"class_list":["post-4226","post","type-post","status-publish","format-standard","has-post-thumbnail","hentry","category-ultimas-noticias","tag-britanica","tag-comunicado","tag-kate","tag-medio","tag-middleton","tag-oficial","tag-polemica","tag-realeza","tag-sobre","tag-sorpresivo","tag-una"],"_links":{"self":[{"href":"https:\/\/13.com.ar\/index.php\/wp-json\/wp\/v2\/posts\/4226","targetHints":{"allow":["GET"]}}],"collection":[{"href":"https:\/\/13.com.ar\/index.php\/wp-json\/wp\/v2\/posts"}],"about":[{"href":"https:\/\/13.com.ar\/index.php\/wp-json\/wp\/v2\/types\/post"}],"author":[{"embeddable":true,"href":"https:\/\/13.com.ar\/index.php\/wp-json\/wp\/v2\/users\/1"}],"replies":[{"embeddable":true,"href":"https:\/\/13.com.ar\/index.php\/wp-json\/wp\/v2\/comments?post=4226"}],"version-history":[{"count":0,"href":"https:\/\/13.com.ar\/index.php\/wp-json\/wp\/v2\/posts\/4226\/revisions"}],"wp:featuredmedia":[{"embeddable":true,"href":"https:\/\/13.com.ar\/index.php\/wp-json\/wp\/v2\/media\/4227"}],"wp:attachment":[{"href":"https:\/\/13.com.ar\/index.php\/wp-json\/wp\/v2\/media?parent=4226"}],"wp:term":[{"taxonomy":"category","embeddable":true,"href":"https:\/\/13.com.ar\/index.php\/wp-json\/wp\/v2\/categories?post=4226"},{"taxonomy":"post_tag","embeddable":true,"href":"https:\/\/13.com.ar\/index.php\/wp-json\/wp\/v2\/tags?post=4226"}],"curies":[{"name":"wp","href":"https:\/\/api.w.org\/{rel}","templated":true}]}}