{"id":42207,"date":"2025-07-14T19:24:55","date_gmt":"2025-07-14T22:24:55","guid":{"rendered":"https:\/\/13.com.ar\/index.php\/el-escandalo-en-racing-barracas-y-el-deja-vu-menos-pensado-los-dos-equipos-vivieron-situaciones-similares-hace-tres-anos\/"},"modified":"2025-07-14T19:24:55","modified_gmt":"2025-07-14T22:24:55","slug":"el-escandalo-en-racing-barracas-y-el-deja-vu-menos-pensado-los-dos-equipos-vivieron-situaciones-similares-hace-tres-anos","status":"publish","type":"post","link":"https:\/\/13.com.ar\/index.php\/el-escandalo-en-racing-barracas-y-el-deja-vu-menos-pensado-los-dos-equipos-vivieron-situaciones-similares-hace-tres-anos\/","title":{"rendered":"El esc\u00e1ndalo en Racing &#8211; Barracas y el d\u00e9j\u00e0 vu menos pensado: los dos equipos vivieron situaciones similares hace tres a\u00f1os"},"content":{"rendered":"<p> <br \/>\n<br \/><img decoding=\"async\" src=\"https:\/\/13.com.ar\/wp-content\/uploads\/2025\/07\/El-escandalo-en-Racing-Barracas-y-el-deja-vu.jpg\" \/><\/p>\n<div id=\"element-body-0\">\n<p>Una de cal y una de arena. <strong>Racing<\/strong> y <strong>Barracas Central<\/strong> protagonizaron un cierre inolvidable en el Cilindro. Con el gol \u201cfantasma\u201d de la Academia anulado por el VAR a cambio de un penal cobrado para la visita, el Guapo se llev\u00f3 una victoria que termin\u00f3 en esc\u00e1ndalo. Parece una situaci\u00f3n ins\u00f3lita, pero el nuevo f\u00fatbol nos entrega estas situaciones que parecen cada vez m\u00e1s normales. Tanto, que no es la primera vez que estos dos equipos viven una situaci\u00f3n as\u00ed. <\/p>\n<\/div>\n<div id=\"element-body-1\">\n<p>Arranquemos con lo que ocurri\u00f3 este s\u00e1bado por la noche, en el Cilindro de Avellaneda. Corr\u00eda el tiempo de descuento cuando <strong>Maravilla Mart\u00ednez<\/strong> parec\u00eda sellar el partido con el 1-0 para la Academia. Todo era festejo en el Presidente Per\u00f3n, cuando desde la cabina del VAR advirtieron una infracci\u00f3n previa, y <strong>el \u00e1rbitro Nicol\u00e1s Lamolina, tras revisar la jugada, no solo anul\u00f3 el tanto de Racing sino que adem\u00e1s cobr\u00f3 penal para Barracas <\/strong>por una falta del propio goleador que hab\u00eda recuperado la pelota en su \u00e1rea. El magistrado retrotrajo, Rodrigo Ins\u00faa se hizo cargo de la ejecuci\u00f3n y no fall\u00f3: 1-0 para la visita y <strong>furia desatada en todo el estadio<\/strong>.<\/p>\n<\/div>\n<div id=\"element-body-2\">\n<blockquote class=\"twitter-tweet\">\n<p lang=\"es\" dir=\"ltr\">Incre\u00edble todo lo que acaba de pasar en el final de Racing Barracas:<\/p>\n<p>&#8211; Gol de Racing al minuto 49 del ST<br \/>&#8211; Anulado el gol y penal para Barracas<br \/>&#8211; Expulsado Costas<br \/>&#8211; Gol de Barracas <br \/>&#8211; Fin <a rel=\"nofollow\" target=\"_blank\" href=\"https:\/\/t.co\/t3osQ1aORL\">pic.twitter.com\/t3osQ1aORL<\/a><\/p>\n<p>\u2014 Marian Herrera (@marianherrrera) <a rel=\"nofollow\" target=\"_blank\" href=\"https:\/\/twitter.com\/marianherrrera\/status\/1944215146714234906?ref_src=twsrc%5Etfw\">July 13, 2025<\/a><\/p><\/blockquote>\n<\/div>\n<div id=\"element-body-3\">\n<p>El final fue caliente. Con Gustavo Costas a la cabeza, jugadores y cuerpo t\u00e9cnico de Racing explotaron contra Lamolina, quien m\u00e1s tarde defendi\u00f3 su decisi\u00f3n ante los medios: \u201c<strong>Las im\u00e1genes son elocuentes, el penal es claro<\/strong>\u201d, sostuvo el juez. Del otro lado, Rub\u00e9n Dar\u00edo Insua, que desde que dirige en Barracas tiene una tolerancia mayor con los \u00e1rbitros, respondi\u00f3 a las cr\u00edticas apelando a la acidez: \u201cCuando perd\u00e9s, no hay que andar buscando justificativos\u201d.<\/p>\n<\/div>\n<div id=\"element-body-4\">\n<blockquote class=\"twitter-tweet\">\n<p lang=\"es\" dir=\"ltr\">Racing habia metido gol y se lo terminaron anulando para cobrar penal para barracas, el producto <\/p>\n<p><a rel=\"nofollow\" target=\"_blank\" href=\"https:\/\/t.co\/GjZRH2CBQP\">pic.twitter.com\/GjZRH2CBQP<\/a><\/p>\n<p>\u2014 Expe (@Expefutbol) <a rel=\"nofollow\" target=\"_blank\" href=\"https:\/\/twitter.com\/Expefutbol\/status\/1944212752525918610?ref_src=twsrc%5Etfw\">July 13, 2025<\/a><\/p><\/blockquote>\n<\/div>\n<div id=\"element-body-5\">\n<p>Esa fue la de &#8220;arena&#8221;, seg\u00fan el dicho, para la Academia que en octubre de 2022 tuvo &#8220;una de cal&#8221; cuando se benefici\u00f3 por una situaci\u00f3n similar. Aquella tarde-noche, el Racing de Gago jug\u00f3 un partidazo contra Defensa y Justicia dirigido por Julio Vaccari y salv\u00f3 la ropa cuando parec\u00eda que el Halc\u00f3n le liquidaba el encuentro.<\/p>\n<\/div>\n<div id=\"element-body-6\">\n<p>Corr\u00edan 33 minutos del segundo tiempo y Gabriel Alan\u00eds cerraba una contra perfecta y pon\u00eda el 4-2 para los de Varela cuando el \u00e1rbitro Rapallini escuch\u00f3 en su auricular el llamado del VAR. \u00bf4-2? No. El magistrado fue convocado para analizar una mano casi imperceptible en el \u00e1rea de Defensa y Justicia y termin\u00f3 cobrando la falta.<\/p>\n<\/div>\n<div id=\"element-body-8\">\n<p>Para Barracas, en cambio, la mezcla parece ser siempre de cal. Hay un antecedente que se parece bastante al del s\u00e1bado en Avellaneda. Tambi\u00e9n estaba Barracas. Tambi\u00e9n de visitante y con otro grande enfrente: Hurac\u00e1n, en el Duc\u00f3.<\/p>\n<\/div>\n<div id=\"element-body-9\">\n<p>Fue el 14 de abril de 2022, por Copa Argentina, frente a Hurac\u00e1n en la cancha de Hurac\u00e1n. Aquella noche, el \u00e1rbitro Dar\u00edo Herrera anul\u00f3 un gol del Globo tras llamado del VAR, sancion\u00f3 una discutida mano de Marcos D\u00edaz y termin\u00f3 cobrando tiro libre para el Guapo, que se llev\u00f3 la clasificaci\u00f3n gracias a un tiro libre de Iv\u00e1n Tapia. Tambi\u00e9n en ese momento hubo empujones, insultos y un esc\u00e1ndalo que se extendi\u00f3 varios d\u00edas.<\/p>\n<\/div>\n<div id=\"element-body-10\">\n<blockquote class=\"twitter-tweet\">\n<p lang=\"es\" dir=\"ltr\">Anular un gol y darle uno a Barracas Central con el VAR, eso ya se ha visto. A Hurac\u00e1n le afanaron un t\u00edtulo as\u00ed.<a rel=\"nofollow\" target=\"_blank\" href=\"https:\/\/t.co\/ajOUIP86TL\">pic.twitter.com\/ajOUIP86TL<\/a><\/p>\n<p>\u2014 \ud835\ude4f\ud835\ude67\ud835\ude5a\ud835\ude66\ud835\ude6a\ud835\ude56\ud835\ude67\ud835\ude69\ud835\ude5e\ud835\ude68\ud835\ude69\ud835\ude56 (@nfederico) <a rel=\"nofollow\" target=\"_blank\" href=\"https:\/\/twitter.com\/nfederico\/status\/1944212804472648026?ref_src=twsrc%5Etfw\">July 13, 2025<\/a><\/p><\/blockquote>\n<\/div>\n<p><script async src=\"\/\/platform.twitter.com\/widgets.js\" charset=\"utf-8\"><\/script><br \/>\n<br \/><br \/>\n<br \/><a href=\"https:\/\/www.clarin.com\/deportes\/escandalo-racing-barracas-deja-vu-pensado-equipos-vivieron-situaciones-similares-hace-anos_0_6dfsNifjOw.html\">Fuente Clarin.com <\/a><\/p>\n","protected":false},"excerpt":{"rendered":"<p>Una de cal y una de arena. Racing y Barracas Central protagonizaron un cierre inolvidable en el Cilindro. Con el gol \u201cfantasma\u201d de la Academia anulado por el VAR a cambio de un penal cobrado para la visita, el Guapo se llev\u00f3 una victoria que termin\u00f3 en esc\u00e1ndalo. Parece una situaci\u00f3n ins\u00f3lita, pero el nuevo [&hellip;]<\/p>\n","protected":false},"author":1,"featured_media":42208,"comment_status":"open","ping_status":"open","sticky":false,"template":"","format":"standard","meta":{"footnotes":""},"categories":[2],"tags":[636,786,482,59,4101,1711,1192,28,263,17411,10,23760,4091,434,15304],"class_list":["post-42207","post","type-post","status-publish","format-standard","has-post-thumbnail","hentry","category-ultimas-noticias","tag-anos","tag-barracas","tag-deja","tag-dos","tag-equipos","tag-escandalo","tag-hace","tag-los","tag-menos","tag-pensado","tag-racing","tag-similares","tag-situaciones","tag-tres","tag-vivieron"],"_links":{"self":[{"href":"https:\/\/13.com.ar\/index.php\/wp-json\/wp\/v2\/posts\/42207","targetHints":{"allow":["GET"]}}],"collection":[{"href":"https:\/\/13.com.ar\/index.php\/wp-json\/wp\/v2\/posts"}],"about":[{"href":"https:\/\/13.com.ar\/index.php\/wp-json\/wp\/v2\/types\/post"}],"author":[{"embeddable":true,"href":"https:\/\/13.com.ar\/index.php\/wp-json\/wp\/v2\/users\/1"}],"replies":[{"embeddable":true,"href":"https:\/\/13.com.ar\/index.php\/wp-json\/wp\/v2\/comments?post=42207"}],"version-history":[{"count":0,"href":"https:\/\/13.com.ar\/index.php\/wp-json\/wp\/v2\/posts\/42207\/revisions"}],"wp:featuredmedia":[{"embeddable":true,"href":"https:\/\/13.com.ar\/index.php\/wp-json\/wp\/v2\/media\/42208"}],"wp:attachment":[{"href":"https:\/\/13.com.ar\/index.php\/wp-json\/wp\/v2\/media?parent=42207"}],"wp:term":[{"taxonomy":"category","embeddable":true,"href":"https:\/\/13.com.ar\/index.php\/wp-json\/wp\/v2\/categories?post=42207"},{"taxonomy":"post_tag","embeddable":true,"href":"https:\/\/13.com.ar\/index.php\/wp-json\/wp\/v2\/tags?post=42207"}],"curies":[{"name":"wp","href":"https:\/\/api.w.org\/{rel}","templated":true}]}}