{"id":42203,"date":"2025-07-14T19:12:56","date_gmt":"2025-07-14T22:12:56","guid":{"rendered":"https:\/\/13.com.ar\/index.php\/los-gobernadores-desafian-a-milei-y-ya-hablan-de-un-armado-electoral-conjunto-para-2027\/"},"modified":"2025-07-14T19:12:56","modified_gmt":"2025-07-14T22:12:56","slug":"los-gobernadores-desafian-a-milei-y-ya-hablan-de-un-armado-electoral-conjunto-para-2027","status":"publish","type":"post","link":"https:\/\/13.com.ar\/index.php\/los-gobernadores-desafian-a-milei-y-ya-hablan-de-un-armado-electoral-conjunto-para-2027\/","title":{"rendered":"Los gobernadores desaf\u00edan a Milei y ya hablan de un armado electoral conjunto para 2027"},"content":{"rendered":"<p> <br \/>\n<\/p>\n<div id=\"cuerpo\">\n<div class=\"sc-45461e9c-0 eqiBeF container-text text-embed \" id=\"element-body-0\">\n<p>En medio del conflicto abierto por el reparto de fondos y la media sanci\u00f3n de un paquete de leyes en esa l\u00ednea, un<strong> grupo mayoritario de gobernadores avanza con el armado de un frente electoral <\/strong>conjunto para competirle la presidencia a Javier Milei en 2027.<\/p>\n<\/div>\n<div class=\"sc-45461e9c-0 eqiBeF container-text text-embed \" id=\"element-body-1\">\n<p>Las charlas se vienen dando desde hace meses y hay consenso para <strong>crear un espacio<\/strong> que aglutine a mandatarios y referentes provinciales que llegaron al poder desde Juntos por el Cambio y aquellos peronistas dialoguistas. <strong>El l\u00edmite es el kirchnerismo<\/strong>.<\/p>\n<\/div>\n<div class=\"sc-45461e9c-0 eqiBeF container-text text-embed \" id=\"element-body-2\">\n<p><strong>Clar\u00edn <\/strong>pudo reconstruir algunas de las conversaciones que vienen manteniendo los gobernadores provinciales, que atraviesan el peor momento en la relaci\u00f3n con el mile\u00edsmo, al punto que el propio <strong>Presidente los critic\u00f3 por querer &#8220;destruir al Gobierno&#8221;<\/strong>, despu\u00e9s de que avanzaran en el Senado las dos iniciativas que dan m\u00e1s recursos a las provincias y promueven cambios en el impuesto a los combustibles y ATN.<\/p>\n<\/div>\n<div class=\"sc-45461e9c-0 eqiBeF container-text text-embed \" id=\"element-body-3\">\n<p>El fastidio de muchos mandatarios se acentu\u00f3 despu\u00e9s de esa frase. &#8220;<strong>Nos pusieron a todos en la misma bolsa, con los gobernadores kirchneristas<\/strong>, cuando nosotros apoyamos al Gobierno durante todo este a\u00f1o y medio&#8221;, <strong>es la queja com\u00fan <\/strong>que comparten muchos gobernadores, que quieren consolidar <strong>un espacio com\u00fan para confrontar con la Casa Rosada<\/strong>.<\/p>\n<\/div>\n<div class=\"sc-45461e9c-0 eqiBeF container-text text-embed \" id=\"element-body-4\">\n<p>Las charlas se dan por fuera del chat &#8220;23 gobernadores + un Jefe de Gobierno&#8221;, que integran todos los mandatarios provinciales con Jorge Macri, el alcalde de la Ciudad. Sucede que all\u00ed conviven dirigentes completamente alineados al kirchnerismo, como Gildo Insfr\u00e1n (Formosa), Gustavo Melella (Tierra del Fuego), Axel Kicillof (Buenos Aires) o Ricardo Quintela (La Rioja).<\/p>\n<\/div>\n<p><h2>Charlas incipientes con 2027 en la mira<\/h2>\n<\/p>\n<div class=\"sc-45461e9c-0 eqiBeF container-text text-embed \" id=\"element-body-6\">\n<p>Si bien no lo van a blanquear, fuentes provinciales aseguran que quienes alientan el armado de una propuesta electoral hacia las presidenciales imaginan a<strong> los diez gobernadores de Juntos del Cambio conviviendo con otros independientes y varios de los que representan al peronismo no kirchnerista<\/strong>.<\/p>\n<\/div>\n<div class=\"sc-45461e9c-0 eqiBeF container-text text-embed \" id=\"element-body-7\">\n<p>La <strong>decena de gobernadores cambiemitas<\/strong> son Gustavo Vald\u00e9s (Corrientes), Rogelio Frigerio (Entre R\u00edos), Claudio Poggi (San Luis), Ignacio Torres (Chubut), Marcelo Orrego (San Juan), Maximiliano Pullaro (Santa Fe) y Carlos Sadir (Jujuy), Alfredo Cornejo (Mendoza), Jorge Macri (CABA) y Leandro Zdero (Chaco).<\/p>\n<\/div>\n<div class=\"sc-45461e9c-0 eqiBeF container-text text-embed \" id=\"element-body-8\">\n<p>Los<strong> peronistas que no responden a Cristina Kirchner <\/strong>de manera directa son Mart\u00edn Llaryora (C\u00f3rdoba), Gustavo S\u00e1enz (Salta), Osvaldo Jaldo (Tucum\u00e1n), Ra\u00fal Jalil (Catamarca) e incluso, dicen quienes piensan en el armado federal hacia 2027, puede sumarse el pampeano Sergio Ziliotto. Tambi\u00e9n buscar\u00e1n seducir a ex gobernadores con peso territorial como Juan Schiaretti.<\/p>\n<\/div>\n<div class=\"sc-98b114a2-0 bkqiHH image-embed  image-embed \" id=\"element-body-9\"><picture class=\"sc-98b114a2-1 jRUlDm\"><source media=\"(min-width: 975px)\" width=\"720\" height=\"480\" \/><img alt=\"Milei, con los gobernadores, cuando la relaci\u00f3n era buena. Foto: EFE.\" loading=\"lazy\" width=\"720\" height=\"480\" decoding=\"async\" data-nimg=\"1\" style=\"color:transparent\" src=\"https:\/\/13.com.ar\/wp-content\/uploads\/2025\/07\/Los-gobernadores-desafian-a-Milei-y-ya-hablan-de-un.jpg\"\/><span class=\"epigraphe\">Milei, con los gobernadores, cuando la relaci\u00f3n era buena. Foto: EFE.<\/span><span class=\"picture-open\"><button class=\"open-image\" aria-label=\"Open Image\"\/><\/span><\/picture><\/div>\n<div class=\"sc-45461e9c-0 eqiBeF container-text text-embed \" id=\"element-body-10\">\n<p>Entre los<strong> denominados independientes<\/strong> aparecen los tres del sur que gobiernan con partidos provinciales: Rolando Figueroa (Neuqu\u00e9n), Alberto Weretilneck (R\u00edo Negro) y Claudio Vidal (Santa Cruz), y el misionero Hugo Passalacqua. En un escenario de m\u00e1xima en el que se sumaran todos ellos en un espacio que compita contra Milei, ser\u00edan en total 18 mandatarios provinciales.<\/p>\n<\/div>\n<p><h2>Reuni\u00f3n en La Rural y llamados de Rosada<\/h2>\n<\/p>\n<div class=\"sc-45461e9c-0 eqiBeF container-text text-embed \" id=\"element-body-12\">\n<p>Mientras, en el c\u00edrculo rojo<strong> se habla de un encuentro este jueves en un c\u00f3ctel en La Rural<\/strong>, para limar asperezas entre gobernadores y referentes de la Casa Rosada.<\/p>\n<\/div>\n<div class=\"sc-45461e9c-0 eqiBeF container-text text-embed \" id=\"element-body-13\">\n<p>Fuentes cercanas a las provincias relativizan el \u00e9xito de esa cumbre, convocada por el presidente de la Sociedad Rural Nicol\u00e1s Pino, por no tener car\u00e1cter de institucional. Esperan, en cambio, que llegue una invitaci\u00f3n formal de Gobierno, que a\u00fan no se dio.<\/p>\n<\/div>\n<div class=\"sc-45461e9c-0 eqiBeF container-text text-embed \" id=\"element-body-14\">\n<p>Varios de los gobernadores dialoguistas coinciden en que <strong>el puente ideal para poder negociar cuestiones relativas a la coparticipaci\u00f3n federal es Guillermo Francos<\/strong>, o incluso Santiago Caputo.<\/p>\n<\/div>\n<div class=\"sc-98b114a2-0 bkqiHH image-embed  image-embed \" id=\"element-body-15\"><picture class=\"sc-98b114a2-1 jRUlDm\"><source media=\"(min-width: 975px)\" width=\"720\" height=\"480\" \/><img alt=\"En las provincias destacan a Francos como el mejor interlocutor del Gobierno.\" loading=\"lazy\" width=\"720\" height=\"480\" decoding=\"async\" data-nimg=\"1\" style=\"color:transparent\" src=\"https:\/\/13.com.ar\/wp-content\/uploads\/2025\/07\/1752531176_259_Los-gobernadores-desafian-a-Milei-y-ya-hablan-de-un.jpg\"\/><span class=\"epigraphe\">En las provincias destacan a Francos como el mejor interlocutor del Gobierno.<\/span><span class=\"picture-open\"><button class=\"open-image\" aria-label=\"Open Image\"\/><\/span><\/picture><\/div>\n<div class=\"sc-45461e9c-0 eqiBeF container-text text-embed \" id=\"element-body-16\">\n<p>Pero creen que el jefe de Gabinete no est\u00e1 empoderado por los Milei y que el asesor presidencial perdi\u00f3, por decisi\u00f3n propia o ajena, influencia interna.<\/p>\n<\/div>\n<div class=\"sc-45461e9c-0 eqiBeF container-text text-embed \" id=\"element-body-17\">\n<p>&#8220;Todo lo decide El Jefe, es decir, Karina, con los Menem&#8221;, relatan respecto al peso de la secretaria general de la Presidencia. Aunque cuentan tambi\u00e9n que en las \u00faltimas semanas<strong>, a ra\u00edz de la unidad de los gobernadores, en el Gobierno empezaron a intentar atenuar el conflicto<\/strong>, m\u00e1s all\u00e1 de los dichos en p\u00fablico de Milei.<\/p>\n<\/div>\n<div class=\"sc-45461e9c-0 eqiBeF container-text text-embed \" id=\"element-body-18\">\n<p>A un gobernador lo llam\u00f3 varias veces en la misma semana un ministro clave del Gobierno para resolver temas que ten\u00edan pendientes y que ven\u00edan demorados en cuanto a su ejecuci\u00f3n. &#8220;Est\u00e1n en alerta porque sienten que la situaci\u00f3n del Congreso les puede complicar la gobernabilidad&#8221;, es la reflexi\u00f3n compartida.<\/p>\n<\/div>\n<p><h2>Qu\u00e9 pasar\u00e1 con el veto presidencial<\/h2>\n<\/p>\n<div class=\"sc-45461e9c-0 eqiBeF container-text text-embed \" id=\"element-body-20\">\n<p>El paquete de leyes que la semana pasada sancion\u00f3 el Congreso, con la suba de jubilaciones, la pr\u00f3rroga de la moratoria previsional y la declaraci\u00f3n de la emergencia en discapacidad, genera preocupaci\u00f3n en la Rosada, pese a que Milei dijo que las vetar\u00e1.<\/p>\n<\/div>\n<div class=\"sc-45461e9c-0 eqiBeF container-text text-embed \" id=\"element-body-21\">\n<p>No obstante, <strong>hay confianza en que una vez que el Presidente vete la norma<\/strong>, Diputados le dar\u00e1 respaldo para sostener ese veto, a partir de la votaci\u00f3n de los propios libertarios, m\u00e1s la mayor\u00eda del PRO y otros bloques de buena sinton\u00eda con el jefe de Estado.<\/p>\n<\/div>\n<div class=\"sc-45461e9c-0 eqiBeF container-text text-embed \" id=\"element-body-22\">\n<p>&#8220;Van a tener el n\u00famero para ratificar los vetos en ese paquete de leyes previsionales, pero va a ser dif\u00edcil que pueda bancarlo si se confirman los proyectos de los gobernadores por ATN e impuesto a los combustibles&#8221;, consideran fuentes provinciales.<\/p>\n<\/div>\n<div class=\"sc-45461e9c-0 eqiBeF container-text text-embed \" id=\"element-body-23\">\n<p>En las \u00faltimas horas, quienes trabajaron en los textos de los proyectos de ley tomaron con buen \u00e1nimo <strong>las declaraciones que hizo Federico Sturzenegger<\/strong>. El ministro de Desregulaci\u00f3n y Transformaci\u00f3n del Estado sugiri\u00f3 que Milei apruebe la iniciativa que modifica la distribuci\u00f3n de los Aportes del Tesoro, pero el Gobierno tiene decidido vetarla en caso de que sea ley. <\/p>\n<\/div>\n<\/div>\n<p><br \/>\n<br \/><a href=\"https:\/\/www.clarin.com\/politica\/gobernadores-desafian-milei-hablan-armado-electoral-conjunto-2027_0_omYLtYUuPE.html\">Fuente Clarin.com <\/a><\/p>\n","protected":false},"excerpt":{"rendered":"<p>En medio del conflicto abierto por el reparto de fondos y la media sanci\u00f3n de un paquete de leyes en esa l\u00ednea, un grupo mayoritario de gobernadores avanza con el armado de un frente electoral conjunto para competirle la presidencia a Javier Milei en 2027. Las charlas se vienen dando desde hace meses y hay [&hellip;]<\/p>\n","protected":false},"author":1,"featured_media":42204,"comment_status":"open","ping_status":"open","sticky":false,"template":"","format":"standard","meta":{"footnotes":""},"categories":[2],"tags":[4410,10360,7597,5073,2769,3505,28,77,16],"class_list":["post-42203","post","type-post","status-publish","format-standard","has-post-thumbnail","hentry","category-ultimas-noticias","tag-armado","tag-conjunto","tag-desafian","tag-electoral","tag-gobernadores","tag-hablan","tag-los","tag-milei","tag-para"],"_links":{"self":[{"href":"https:\/\/13.com.ar\/index.php\/wp-json\/wp\/v2\/posts\/42203","targetHints":{"allow":["GET"]}}],"collection":[{"href":"https:\/\/13.com.ar\/index.php\/wp-json\/wp\/v2\/posts"}],"about":[{"href":"https:\/\/13.com.ar\/index.php\/wp-json\/wp\/v2\/types\/post"}],"author":[{"embeddable":true,"href":"https:\/\/13.com.ar\/index.php\/wp-json\/wp\/v2\/users\/1"}],"replies":[{"embeddable":true,"href":"https:\/\/13.com.ar\/index.php\/wp-json\/wp\/v2\/comments?post=42203"}],"version-history":[{"count":0,"href":"https:\/\/13.com.ar\/index.php\/wp-json\/wp\/v2\/posts\/42203\/revisions"}],"wp:featuredmedia":[{"embeddable":true,"href":"https:\/\/13.com.ar\/index.php\/wp-json\/wp\/v2\/media\/42204"}],"wp:attachment":[{"href":"https:\/\/13.com.ar\/index.php\/wp-json\/wp\/v2\/media?parent=42203"}],"wp:term":[{"taxonomy":"category","embeddable":true,"href":"https:\/\/13.com.ar\/index.php\/wp-json\/wp\/v2\/categories?post=42203"},{"taxonomy":"post_tag","embeddable":true,"href":"https:\/\/13.com.ar\/index.php\/wp-json\/wp\/v2\/tags?post=42203"}],"curies":[{"name":"wp","href":"https:\/\/api.w.org\/{rel}","templated":true}]}}