{"id":42200,"date":"2025-07-14T19:06:57","date_gmt":"2025-07-14T22:06:57","guid":{"rendered":"https:\/\/13.com.ar\/index.php\/baja-la-natalidad-y-el-tiempo-ya-corre\/"},"modified":"2025-07-14T19:06:57","modified_gmt":"2025-07-14T22:06:57","slug":"baja-la-natalidad-y-el-tiempo-ya-corre","status":"publish","type":"post","link":"https:\/\/13.com.ar\/index.php\/baja-la-natalidad-y-el-tiempo-ya-corre\/","title":{"rendered":"Baja la natalidad y el tiempo ya corre"},"content":{"rendered":"<p> <br \/>\n<br \/><img decoding=\"async\" src=\"https:\/\/13.com.ar\/wp-content\/uploads\/2025\/06\/Matematica-de-mal-en-peor-y-\u00bfa-quien-le-importa.jpg\" \/><\/p>\n<div id=\"element-body-0\">\n<p>Las cifras son elocuentes:<strong> en apenas 8 a\u00f1os la cantidad de nacimientos en el pa\u00eds se derrumb\u00f3 un 36%<\/strong>: de 777.012 en 2014 se pas\u00f3 a 495.295 en 2022. <\/p>\n<\/div>\n<div id=\"element-body-1\">\n<p>La ca\u00edda ya se est\u00e1 reflejando en las escuelas, con un desplome en la matriculaci\u00f3n en todos los niveles y todo el pa\u00eds. Los \u00faltimos estudios estiman que habr\u00e1 un 31% menos alumnos en los pr\u00f3ximos a\u00f1os.<\/p>\n<\/div>\n<div id=\"element-body-2\">\n<p>Espasm\u00f3dicamente, <strong>el tema escala cada tanto en la agenda p\u00fablica<\/strong>. Muchas veces por la preocupaci\u00f3n de un creciente n\u00famero de personas, de m\u00e1s de 50 a\u00f1os, que tienen hijos grandes, pero no son abuelos. <\/p>\n<\/div>\n<div id=\"element-body-3\">\n<p>El a\u00f1o pasado se hizo viral el posteo de la vicejefa del gobierno porte\u00f1o, Clara Muzzio, que comentaba una nota del New York Times sobre el tema. \u201cEl silencioso dolor de nunca ser abuelo\u201d, era el t\u00edtulo de esa nota.<\/p>\n<\/div>\n<div id=\"element-body-4\">\n<blockquote class=\"twitter-tweet\">\n<p lang=\"es\" dir=\"ltr\">SIN ABUELOS<\/p>\n<p>Por la ca\u00edda de la natalidad, cada vez m\u00e1s personas mayores deben asumir que sus hijos no tendr\u00e1n hijos y que ellos no ser\u00e1n abuelos. Un reciente art\u00edculo de The New York Times titul\u00f3 al fen\u00f3meno como \u201cEl silencioso dolor de nunca ser abuelo\u201d.<\/p>\n<p>Las cifras que\u2026 <a rel=\"nofollow\" target=\"_blank\" href=\"https:\/\/t.co\/m0A8iCJZRy\">pic.twitter.com\/m0A8iCJZRy<\/a><\/p>\n<p>\u2014 Clara Muzzio (@claramuzzio) <a rel=\"nofollow\" target=\"_blank\" href=\"https:\/\/twitter.com\/claramuzzio\/status\/1857776883850699120?ref_src=twsrc%5Etfw\">November 16, 2024<\/a><\/p><\/blockquote>\n<\/div>\n<div id=\"element-body-5\">\n<p>Pero adem\u00e1s de los abuelos que no son, tambi\u00e9n crece la preocupaci\u00f3n por el impacto de la baja natalidad en los sistemas de salud y previsional. <\/p>\n<\/div>\n<div id=\"element-body-6\">\n<p>Y surgen lecturas que llaman la atenci\u00f3n: algunos ven en esta tendencia -que es global, pero se registra con fuerza en el pa\u00eds- <strong>una oportunidad para mejorar la calidad educativa<\/strong>.<\/p>\n<\/div>\n<div id=\"element-body-7\">\n<p>\u00bfC\u00f3mo es eso? S\u00ed, diversos expertos afirman que, con menos alumnos en el sistema, se podr\u00edan armar clases m\u00e1s reducidas y personalizadas, destinarse m\u00e1s docentes al acompa\u00f1amiento de los estudiantes con problemas de rendimiento educativo, o a la capacitaci\u00f3n de m\u00e1s maestros.<\/p>\n<\/div>\n<div id=\"element-body-8\">\n<p>Pero claro, para que todo esto ocurra se necesita algo que suele escasear por estos pagos: <strong>planificaci\u00f3n<\/strong>. <\/p>\n<\/div>\n<div id=\"element-body-9\">\n<p>En las \u00faltimas semanas se conocieron dos datos que lo ponen de manifiesto. Mientras que el 90% de los colegios tienen problemas para hallar docentes -sobre todo en materias clave como ingl\u00e9s e inform\u00e1tica-, se supo que la cantidad de egresados de los profesorados creci\u00f3 54% en la \u00faltima d\u00e9cada. Algo ah\u00ed est\u00e1 fallando.<\/p>\n<\/div>\n<div id=\"element-body-10\">\n<p>El problema de estas inconsistencias es que la oportunidad educativa que abre la baja natalidad<strong> esconde un riesgo, y es que el tiempo ya corre.<\/strong> <\/p>\n<\/div>\n<div id=\"element-body-11\">\n<p>En los pr\u00f3ximos a\u00f1os habr\u00e1 una poblaci\u00f3n econ\u00f3micamente activa reducida que deber\u00e1 sostener a m\u00e1s adultos mayores. Y si no mejoran los aprendizajes, esos j\u00f3venes <strong>podr\u00edan quedar mal preparados para un mundo cada vez m\u00e1s exigente.<\/strong><\/p>\n<\/div>\n<div id=\"element-body-12\">\n<p>Lo que falta planificar, en definitiva, es<strong> un proyecto de pa\u00eds que ponga el foco en el desarrollo.<\/strong> <\/p>\n<\/div>\n<div id=\"element-body-13\">\n<p>Hoy casi nadie discute que se necesita equilibrio fiscal. Pero no parece suficiente. La cuesti\u00f3n de la baja natalidad viene a subrayar que <strong>hay que invertir en educaci\u00f3n y conocimiento<\/strong>. Y que es ahora, o despu\u00e9s puede ser demasiado tarde.<\/p>\n<\/div>\n<p><script async src=\"\/\/platform.twitter.com\/widgets.js\" charset=\"utf-8\"><\/script><br \/>\n<br \/><br \/>\n<br \/><a href=\"https:\/\/www.clarin.com\/opinion\/baja-natalidad-tiempo-corre_0_jjmrkRUNGN.html\">Fuente Clarin.com <\/a><\/p>\n","protected":false},"excerpt":{"rendered":"<p>Las cifras son elocuentes: en apenas 8 a\u00f1os la cantidad de nacimientos en el pa\u00eds se derrumb\u00f3 un 36%: de 777.012 en 2014 se pas\u00f3 a 495.295 en 2022. La ca\u00edda ya se est\u00e1 reflejando en las escuelas, con un desplome en la matriculaci\u00f3n en todos los niveles y todo el pa\u00eds. Los \u00faltimos estudios [&hellip;]<\/p>\n","protected":false},"author":1,"featured_media":32357,"comment_status":"open","ping_status":"open","sticky":false,"template":"","format":"standard","meta":{"footnotes":""},"categories":[2],"tags":[524,8146,15351,561],"class_list":["post-42200","post","type-post","status-publish","format-standard","has-post-thumbnail","hentry","category-ultimas-noticias","tag-baja","tag-corre","tag-natalidad","tag-tiempo"],"_links":{"self":[{"href":"https:\/\/13.com.ar\/index.php\/wp-json\/wp\/v2\/posts\/42200","targetHints":{"allow":["GET"]}}],"collection":[{"href":"https:\/\/13.com.ar\/index.php\/wp-json\/wp\/v2\/posts"}],"about":[{"href":"https:\/\/13.com.ar\/index.php\/wp-json\/wp\/v2\/types\/post"}],"author":[{"embeddable":true,"href":"https:\/\/13.com.ar\/index.php\/wp-json\/wp\/v2\/users\/1"}],"replies":[{"embeddable":true,"href":"https:\/\/13.com.ar\/index.php\/wp-json\/wp\/v2\/comments?post=42200"}],"version-history":[{"count":0,"href":"https:\/\/13.com.ar\/index.php\/wp-json\/wp\/v2\/posts\/42200\/revisions"}],"wp:featuredmedia":[{"embeddable":true,"href":"https:\/\/13.com.ar\/index.php\/wp-json\/wp\/v2\/media\/32357"}],"wp:attachment":[{"href":"https:\/\/13.com.ar\/index.php\/wp-json\/wp\/v2\/media?parent=42200"}],"wp:term":[{"taxonomy":"category","embeddable":true,"href":"https:\/\/13.com.ar\/index.php\/wp-json\/wp\/v2\/categories?post=42200"},{"taxonomy":"post_tag","embeddable":true,"href":"https:\/\/13.com.ar\/index.php\/wp-json\/wp\/v2\/tags?post=42200"}],"curies":[{"name":"wp","href":"https:\/\/api.w.org\/{rel}","templated":true}]}}