{"id":42198,"date":"2025-07-14T19:03:55","date_gmt":"2025-07-14T22:03:55","guid":{"rendered":"https:\/\/13.com.ar\/index.php\/una-arana-saltarina-inedita-fue-hallada-en-misiones-y-su-nombre-rinde-homenaje-a-una-pionera-ambiental\/"},"modified":"2025-07-14T19:03:55","modified_gmt":"2025-07-14T22:03:55","slug":"una-arana-saltarina-inedita-fue-hallada-en-misiones-y-su-nombre-rinde-homenaje-a-una-pionera-ambiental","status":"publish","type":"post","link":"https:\/\/13.com.ar\/index.php\/una-arana-saltarina-inedita-fue-hallada-en-misiones-y-su-nombre-rinde-homenaje-a-una-pionera-ambiental\/","title":{"rendered":"Una ara\u00f1a saltarina in\u00e9dita fue hallada en Misiones y su nombre rinde homenaje a una pionera ambiental"},"content":{"rendered":"<p> <br \/>\n<br \/><img decoding=\"async\" src=\"https:\/\/13.com.ar\/wp-content\/uploads\/2025\/07\/Una-arana-saltarina-inedita-fue-hallada-en-Misiones-y-su.jpg\" \/><\/p>\n<div id=\"element-body-0\">\n<p>Una <strong>peque\u00f1a y colorida ara\u00f1a saltarina<\/strong> fue descubierta en el este de <strong>Misiones<\/strong>, en medio de un fragmento de selva que todav\u00eda respira vida nativa. Pero este hallazgo no solo suma una especie m\u00e1s al cat\u00e1logo de biodiversidad del pa\u00eds: lleva impl\u00edcito un reconocimiento a quien luch\u00f3 durante d\u00e9cadas para proteger ese ecosistema.<\/p>\n<\/div>\n<div id=\"element-body-1\">\n<p>La especie fue nombrada <em>Cylistella daphneae<\/em>, en homenaje a<strong> Pamela Daphne Cooper de Colcombet<\/strong>, pionera en la defensa del monte misionero. El hallazgo fue realizado por el<strong> Grupo de Investigaci\u00f3n de Salticidae de Argentina<\/strong> (<strong>GISA<\/strong>), el primer equipo especializado en ara\u00f1as saltarinas de toda Am\u00e9rica Latina. <\/p>\n<\/div>\n<div id=\"element-body-2\">\n<p>Estos peque\u00f1os invertebrados se caracterizan por su gran capacidad de salto, su aguda visi\u00f3n y sus llamativos colores. \u00bfQu\u00e9 m\u00e1s revel\u00f3 su hallazgo?<\/p>\n<\/div>\n<div id=\"element-body-4\">\n<p>El nombre de la nueva especie no es casual. Fue elegida en reconocimiento a una figura clave en la historia ambiental de Misiones. \u201cEsta ara\u00f1a apareci\u00f3 en un sector de selva que sin duda debe su existencia a una de las \u2018pr\u00f3ceres\u2019 de la conservaci\u00f3n en Misiones, <strong>Pamela Daphne Cooper de Colcombet<\/strong>\u201d, escribi\u00f3 en sus redes sociales <strong>Juli\u00e1n Baigorria<\/strong>, miembro del equipo investigador.<\/p>\n<\/div>\n<div id=\"element-body-5\">\n<p>Daphne, como todos la conoc\u00edan, fue una<strong> ferviente defensora de la biodiversidad<\/strong>. A casi ocho a\u00f1os de su fallecimiento, este gesto se convierte en un homenaje simb\u00f3lico que enlaza la ciencia con la memoria.<\/p>\n<\/div>\n<div id=\"element-body-7\">\n<p>Muchas de las \u00e1reas protegidas que hoy existen en la provincia \u2014reservas, parques y corredores biol\u00f3gicos\u2014 tienen su origen en el impulso que ella supo dar desde el activismo y la gesti\u00f3n ambiental, de acuerdo a un art\u00edculo del sitio web <em>Noticias Ambientales.<\/em><\/p>\n<\/div>\n<div id=\"element-body-9\">\n<p><em>Cylistella daphneae<\/em> no solo enriquece el registro biol\u00f3gico del Bosque Atl\u00e1ntico; tambi\u00e9n recuerda que detr\u00e1s de cada especie protegida hay personas que dedicaron su vida a conservarla.<\/p>\n<\/div>\n<div id=\"element-body-11\">\n<p>\u201cEl trabajo taxon\u00f3mico puede parecer t\u00e9cnico o lejano, pero cuando se conecta con historias humanas y territorios defendidos, cobra otra dimensi\u00f3n\u201d, destac\u00f3 el equipo de GISA al presentar oficialmente la especie. <\/p>\n<\/div>\n<p><br \/>\n<br \/><a href=\"https:\/\/www.clarin.com\/informacion-general\/arana-saltarina-inedita-hallada-misiones-nombre-rinde-homenaje-pionera-ambiental_0_OZLhMNScHd.html\">Fuente Clarin.com <\/a><\/p>\n","protected":false},"excerpt":{"rendered":"<p>Una peque\u00f1a y colorida ara\u00f1a saltarina fue descubierta en el este de Misiones, en medio de un fragmento de selva que todav\u00eda respira vida nativa. Pero este hallazgo no solo suma una especie m\u00e1s al cat\u00e1logo de biodiversidad del pa\u00eds: lleva impl\u00edcito un reconocimiento a quien luch\u00f3 durante d\u00e9cadas para proteger ese ecosistema. La especie [&hellip;]<\/p>\n","protected":false},"author":1,"featured_media":42199,"comment_status":"open","ping_status":"open","sticky":false,"template":"","format":"standard","meta":{"footnotes":""},"categories":[2],"tags":[14833,10566,105,16971,1712,10113,4800,182,12806,2343,23757,73],"class_list":["post-42198","post","type-post","status-publish","format-standard","has-post-thumbnail","hentry","category-ultimas-noticias","tag-ambiental","tag-arana","tag-fue","tag-hallada","tag-homenaje","tag-inedita","tag-misiones","tag-nombre","tag-pionera","tag-rinde","tag-saltarina","tag-una"],"_links":{"self":[{"href":"https:\/\/13.com.ar\/index.php\/wp-json\/wp\/v2\/posts\/42198","targetHints":{"allow":["GET"]}}],"collection":[{"href":"https:\/\/13.com.ar\/index.php\/wp-json\/wp\/v2\/posts"}],"about":[{"href":"https:\/\/13.com.ar\/index.php\/wp-json\/wp\/v2\/types\/post"}],"author":[{"embeddable":true,"href":"https:\/\/13.com.ar\/index.php\/wp-json\/wp\/v2\/users\/1"}],"replies":[{"embeddable":true,"href":"https:\/\/13.com.ar\/index.php\/wp-json\/wp\/v2\/comments?post=42198"}],"version-history":[{"count":0,"href":"https:\/\/13.com.ar\/index.php\/wp-json\/wp\/v2\/posts\/42198\/revisions"}],"wp:featuredmedia":[{"embeddable":true,"href":"https:\/\/13.com.ar\/index.php\/wp-json\/wp\/v2\/media\/42199"}],"wp:attachment":[{"href":"https:\/\/13.com.ar\/index.php\/wp-json\/wp\/v2\/media?parent=42198"}],"wp:term":[{"taxonomy":"category","embeddable":true,"href":"https:\/\/13.com.ar\/index.php\/wp-json\/wp\/v2\/categories?post=42198"},{"taxonomy":"post_tag","embeddable":true,"href":"https:\/\/13.com.ar\/index.php\/wp-json\/wp\/v2\/tags?post=42198"}],"curies":[{"name":"wp","href":"https:\/\/api.w.org\/{rel}","templated":true}]}}