{"id":42197,"date":"2025-07-14T19:00:59","date_gmt":"2025-07-14T22:00:59","guid":{"rendered":"https:\/\/13.com.ar\/index.php\/el-blue-llego-a-1-340-y-el-oficial-ya-suma-mas-de-6-desde-que-empezo-el-mes\/"},"modified":"2025-07-14T19:00:59","modified_gmt":"2025-07-14T22:00:59","slug":"el-blue-llego-a-1-340-y-el-oficial-ya-suma-mas-de-6-desde-que-empezo-el-mes","status":"publish","type":"post","link":"https:\/\/13.com.ar\/index.php\/el-blue-llego-a-1-340-y-el-oficial-ya-suma-mas-de-6-desde-que-empezo-el-mes\/","title":{"rendered":"el blue lleg\u00f3 a $1.340 y el oficial ya suma m\u00e1s de 6% desde que empez\u00f3 el mes"},"content":{"rendered":"<p> <br \/>\n<br \/><img decoding=\"async\" src=\"https:\/\/13.com.ar\/wp-content\/uploads\/2025\/07\/Compra-no-te-la-pierdas-campeon-la-respuesta-de-Luis.jpg\" \/><\/p>\n<div id=\"element-body-0\">\n<p>La presi\u00f3n cambiaria se extendi\u00f3 en el inicio de la semana. A la espera del dato de inflaci\u00f3n que dio a conocer el INDEC por la tarde, el d\u00f3lar <strong>volvi\u00f3 a subir otro escal\u00f3n <\/strong>y ya se aleja del centro de la banda planteada por el Gobierno. El tipo de cambio minorista finaliz\u00f3 en<strong> $1.295, lo que implica una suba diaria de 1,6%<\/strong>. En la calle, el d\u00f3lar blue dio un salto mayor<strong>: subi\u00f3 $40 y lleg\u00f3 a los $1.340, <\/strong>lo que lo pone al borde de su valor m\u00e1ximo en el a\u00f1o, que alcanz\u00f3 el pasado 11 de abril, justo antes de la salida del cepo.<\/p>\n<\/div>\n<div id=\"element-body-1\">\n<p>A los factores estacionales que presionan al tipo de cambio se le sum\u00f3 el efecto de la crisis pol\u00edtica que vive el Gobierno por estos d\u00edas y un factor adicional: el fin de las LEFI, un instrumento para administrar la liquidez de los bancos, que &#8220;<strong>libera&#8221; un stock de $ 15.5 billones.<\/strong> El Gobierno busca canalizar este exceso de liquidez hacia instrumentos de deuda del Tesoro, pero en la City creen que esta &#8220;transici\u00f3n&#8221; es la que le imprime <strong>una mayor volatilidad al d\u00f3lar.<\/strong><\/p>\n<\/div>\n<div id=\"element-body-2\">\n<p>Por un lado, el Tesoro y el Banco Central completaron el proceso de cancelaci\u00f3n de LEFIs y su migraci\u00f3n por t\u00edtulos del Tesoro Nacional en un paso m\u00e1s en pos del saneamiento de la autoridad monetaria. La operaci\u00f3n se formaliz\u00f3 mediante la publicaci\u00f3n este lunes en el Bolet\u00edn Oficial de la resoluci\u00f3n conjunta 32 de las secretar\u00edas de Hacienda y de Finanzas. El cambio por LECAP y BONCAP se concret\u00f3 a valor t\u00e9cnico, por un valor nominal m\u00e1ximo de $28 billones.<\/p>\n<\/div>\n<div id=\"element-body-3\">\n<p>En detalle, el 33% del monto se destin\u00f3 a la LECAP con vencimiento el 15 de agosto de 2025 (S15G5), otro 33% a la LECAP con vencimiento el 12 de septiembre del mismo a\u00f1o (S12S5), y el 34% restante a la BONCAP con vencimiento el 17 de octubre (T17O5). Desde el Ministerio de Econom\u00eda afirmaron que esta decisi\u00f3n busca \u201c<strong>optimizar la administraci\u00f3n de la deuda p\u00fablica de corto plazo, <\/strong>contribuyendo a una curva m\u00e1s ordenada de vencimientos\u201d, en un contexto donde el financiamiento en el mercado contin\u00faa mostrando signos de tensi\u00f3n.<\/p>\n<\/div>\n<div id=\"element-body-4\">\n<p> Al mismo tiempo, la Secretar\u00eda de Finanzas present\u00f3 este lunes el men\u00fa de opciones para la licitaci\u00f3n de deuda de esta semana. Se trata de la reapertura de cinco letras de tasa fija de corto plazo (LECAP) y un bono tambi\u00e9n de tasa fija pero con plazo mayor a un a\u00f1o ( BONCAP). La colocaci\u00f3n tendr\u00e1 lugar el pr\u00f3ximo mi\u00e9rcoles.<\/p>\n<\/div>\n<div id=\"element-body-5\">\n<p>Tras la decisi\u00f3n del Tesoro de <strong>no emitir m\u00e1s LEFIs cerca de $ 5,5 billones se habr\u00edan volcado al mercado<\/strong>, provocando una baja en la tasa inter\u00e9s. &#8220;Las tasas m\u00e1s bajas han sido uno de los factores detr\u00e1s de la presi\u00f3n cambiaria. El BCRA aparentemente intervino mediante operaciones de mercado abierto, y ahora cuenta con Lecaps en lugar de Lefi. Estas operaciones ser\u00e1n necesarias para evitar volatilidad en las tasas bajo el nuevo esquema&#8221;, explicaron en Max Capital.<\/p>\n<\/div>\n<div id=\"element-body-6\">\n<p>La baja de tasas provoca un<strong> efecto cascada <\/strong>y ya se siente en instrumentos usados por los ahorristas de a pie como los plazo fijo o los fondos comunes de inversi\u00f3n<em> money market. <\/em>Ahora casi todas las entidades ofrecen rendimientos por debajo del 30% anual de TNA: el Banco Naci\u00f3n baj\u00f3 su tasa del 30,5% al 28%; el Santander recort\u00f3 del 28% al 26%, el ICBC pas\u00f3 de 29,25% a 27,1%.<\/p>\n<\/div>\n<div id=\"element-body-7\">\n<p>Como renovar estos instrumentos pierde atractivo frente a la inflaci\u00f3n que, pese al &#8220;buen dato&#8221; anunciado por el INDEC este lunes, acumula un 39,4% en los \u00faltimos doce meses, <strong>esos pesos van a presionar al mercado de cambios<\/strong>. Y, aunque el d\u00f3lar oficial se consigue $ 50 menos que el blue en la calle, la demanda en el mercado informal <strong>se mantiene.<\/strong><\/p>\n<\/div>\n<div id=\"element-body-8\">\n<p>En paralelo, en la City creen que tanto el Tesoro como el Banco Central est\u00e1n operando en el mercado de cambios. Por un lado, indican que Luis <u>Caputo<\/u> podr\u00eda aprovechar la ventana de mayor liquidaciones del agro, para continuar con sus compras de d\u00f3lares &#8220;en bloque&#8221;, indic\u00f3 un operador cambiario. El pr\u00f3ximo martes 22 de julio vence el plazo para que el agro <strong>termine de liquidar cerca de US$ 1.060 millones.<\/strong><\/p>\n<\/div>\n<div id=\"element-body-9\">\n<p>Por otro lado, analistas advierten que en las \u00faltimas ruedas el volumen de futuros trep\u00f3 y <strong>no descartan una nueva intervenci\u00f3n del Central <\/strong>para mantener a raya las cotizaciones de los pr\u00f3ximos meses.<\/p>\n<\/div>\n<p><br \/>\n<br \/><a href=\"https:\/\/www.clarin.com\/economia\/dolar-extiende-suba-blue-llego-1340-oficial-suma-6-empezo-mes_0_lKUGWhqSBp.html\">Fuente Clarin.com <\/a><\/p>\n","protected":false},"excerpt":{"rendered":"<p>La presi\u00f3n cambiaria se extendi\u00f3 en el inicio de la semana. A la espera del dato de inflaci\u00f3n que dio a conocer el INDEC por la tarde, el d\u00f3lar volvi\u00f3 a subir otro escal\u00f3n y ya se aleja del centro de la banda planteada por el Gobierno. El tipo de cambio minorista finaliz\u00f3 en $1.295, [&hellip;]<\/p>\n","protected":false},"author":1,"featured_media":38678,"comment_status":"open","ping_status":"open","sticky":false,"template":"","format":"standard","meta":{"footnotes":""},"categories":[2],"tags":[8374,2184,3657,1096,155,196,806,9],"class_list":["post-42197","post","type-post","status-publish","format-standard","has-post-thumbnail","hentry","category-ultimas-noticias","tag-blue","tag-desde","tag-empezo","tag-llego","tag-mas","tag-mes","tag-oficial","tag-suma"],"_links":{"self":[{"href":"https:\/\/13.com.ar\/index.php\/wp-json\/wp\/v2\/posts\/42197","targetHints":{"allow":["GET"]}}],"collection":[{"href":"https:\/\/13.com.ar\/index.php\/wp-json\/wp\/v2\/posts"}],"about":[{"href":"https:\/\/13.com.ar\/index.php\/wp-json\/wp\/v2\/types\/post"}],"author":[{"embeddable":true,"href":"https:\/\/13.com.ar\/index.php\/wp-json\/wp\/v2\/users\/1"}],"replies":[{"embeddable":true,"href":"https:\/\/13.com.ar\/index.php\/wp-json\/wp\/v2\/comments?post=42197"}],"version-history":[{"count":0,"href":"https:\/\/13.com.ar\/index.php\/wp-json\/wp\/v2\/posts\/42197\/revisions"}],"wp:featuredmedia":[{"embeddable":true,"href":"https:\/\/13.com.ar\/index.php\/wp-json\/wp\/v2\/media\/38678"}],"wp:attachment":[{"href":"https:\/\/13.com.ar\/index.php\/wp-json\/wp\/v2\/media?parent=42197"}],"wp:term":[{"taxonomy":"category","embeddable":true,"href":"https:\/\/13.com.ar\/index.php\/wp-json\/wp\/v2\/categories?post=42197"},{"taxonomy":"post_tag","embeddable":true,"href":"https:\/\/13.com.ar\/index.php\/wp-json\/wp\/v2\/tags?post=42197"}],"curies":[{"name":"wp","href":"https:\/\/api.w.org\/{rel}","templated":true}]}}