{"id":42196,"date":"2025-07-14T18:55:00","date_gmt":"2025-07-14T21:55:00","guid":{"rendered":"https:\/\/13.com.ar\/index.php\/prision-preventiva-para-la-mujer-tucumana-que-fue-rapada-golpeada-y-desnudada-en-bolivia-acusada-de-robo\/"},"modified":"2025-07-14T18:55:00","modified_gmt":"2025-07-14T21:55:00","slug":"prision-preventiva-para-la-mujer-tucumana-que-fue-rapada-golpeada-y-desnudada-en-bolivia-acusada-de-robo","status":"publish","type":"post","link":"https:\/\/13.com.ar\/index.php\/prision-preventiva-para-la-mujer-tucumana-que-fue-rapada-golpeada-y-desnudada-en-bolivia-acusada-de-robo\/","title":{"rendered":"Prisi\u00f3n preventiva para la mujer tucumana que fue rapada, golpeada y desnudada en Bolivia acusada de robo"},"content":{"rendered":"<p> <br \/>\n<br \/><img decoding=\"async\" src=\"https:\/\/13.com.ar\/wp-content\/uploads\/2025\/07\/Castigaron-y-humillaron-a-una-mujer-argentina-en-Bolivia-luego.jpg\" \/><\/p>\n<div id=\"element-body-0\">\n<p>La mujer tucumana que fue rapada, golpeada y desnudada en <strong>Bermejo<\/strong>, <strong>Bolivia<\/strong>, acusada de ser parte de una <strong>banda criminal y de haber robado 5 millones de pesos<\/strong> fue sentenciada a <strong>6 meses de prisi\u00f3n preventiva <\/strong>en el pa\u00eds lim\u00edtrofe, seg\u00fan report\u00f3 la justicia local.<\/p>\n<\/div>\n<div id=\"element-body-1\">\n<p>Un tribunal de Bermejo determin\u00f3 el castigo por el robo de dinero del pasado viernes, inform\u00f3 el director de la Fuerza Especial de Lucha Contra el Crimen (Felcc),  Rub\u00e9n Espinoza.<\/p>\n<\/div>\n<div id=\"element-body-2\">\n<p>De acuerdo con reportes de la prensa local,<strong> Corina Bel\u00e9n Fadel,<\/strong> de 32 a\u00f1os, fue trasladada al penal de Morros Blancos, de la capital de Tarija, donde estar\u00e1 seis meses con detenci\u00f3n.<\/p>\n<\/div>\n<div id=\"element-body-3\">\n<p>El funcionario explic\u00f3, seg\u00fan inform\u00f3 <em>El Deber <\/em>de Bolivia, que la mujer fue rescatada por personal de la Polic\u00eda de Frontera de <strong>una multitud que se resist\u00eda a entregarla<\/strong>. Una vez que las autoridades lograron tenerla bajo custodia, la enviaron a una unidad para mujeres en Bermejo.<\/p>\n<\/div>\n<div id=\"element-body-4\">\n<p>Sin embargo, por el hacinamiento, fue trasladada a Morros Blancos.<\/p>\n<\/div>\n<div id=\"element-body-5\">\n<p>Con respecto al caso, el titular de la Felcc dijo: &#8220;Este se puso a conocimiento del Ministerio P\u00fablico de la ciudad de Bermejo y lo llev\u00f3 a la justicia boliviana que <strong>dispuso la detenci\u00f3n preventiva en una audiencia cautelar<\/strong>&#8220;.<\/p>\n<\/div>\n<div id=\"element-body-6\">\n<p>La familia de la mujer, por su parte, hab\u00eda denunciado ante el juez ser <strong>v\u00edctima de tortura y agresiones f\u00edsicas por parte de comerciantes<\/strong> en la Avenida Petrolera, donde fue interceptada.<\/p>\n<\/div>\n<p><h2>As\u00ed fue la violenta escena en la que golpearon, raparon y desnudaron a la mujer argentina en Bolivia<\/h2>\n<\/p>\n<div id=\"element-body-8\">\n<p>El hecho sucedi\u00f3 en la localidad de Bermejo, al sur del pa\u00eds vecino, el pasado viernes y<strong> la escena fue registrada por testigos en el lugar. <\/strong>Las im\u00e1genes se viralizaron en redes sociales.<\/p>\n<\/div>\n<div id=\"element-body-9\">\n<p>Fueron otras mujeres, comerciantes en la zona, quienes i<strong>interceptaron a la supuesta ladrona y le propiciaron el castigo.<\/strong><\/p>\n<\/div>\n<div id=\"element-body-10\">\n<p>La tucumana de 32 a\u00f1os fue identificada por vecinos y comerciantes y <strong>se\u00f1alada como integrante de una banda delictiva que opera en Aguas Blancas<\/strong>, Salta, muy cerca de la localidad boliviana.<\/p>\n<\/div>\n<div id=\"element-body-11\">\n<p>Primero fueron los vecinos y los comerciantes quienes la <strong>golpearon, le cortaron el pelo con ella de rodillas y luego la dejaron en pa\u00f1os menores.<\/strong> Otros le prohib\u00edan a las autoridades interceder.<\/p>\n<\/div>\n<div id=\"element-body-12\">\n<p>Adem\u00e1s, de acuerdo a las im\u00e1genes y medios locales, la amenazaron y hasta algunos<strong> pidieron por combustible para prenderla fuego.<\/strong><\/p>\n<\/div>\n<div id=\"element-body-13\">\n<p>Una vez que se les permiti\u00f3, la arrestaron y la llevaron a una dependencia local.<\/p>\n<\/div>\n<p><br \/>\n<br \/><a href=\"https:\/\/www.clarin.com\/policiales\/prision-preventiva-mujer-tucumana-rapada-golpeada-desnudada-bolivia-acusada-robo_0_U4Tqi03QPA.html\">Fuente Clarin.com <\/a><\/p>\n","protected":false},"excerpt":{"rendered":"<p>La mujer tucumana que fue rapada, golpeada y desnudada en Bermejo, Bolivia, acusada de ser parte de una banda criminal y de haber robado 5 millones de pesos fue sentenciada a 6 meses de prisi\u00f3n preventiva en el pa\u00eds lim\u00edtrofe, seg\u00fan report\u00f3 la justicia local. Un tribunal de Bermejo determin\u00f3 el castigo por el robo [&hellip;]<\/p>\n","protected":false},"author":1,"featured_media":41520,"comment_status":"open","ping_status":"open","sticky":false,"template":"","format":"standard","meta":{"footnotes":""},"categories":[2],"tags":[4653,475,23756,105,2609,138,16,10027,3698,23755,2828,19305],"class_list":["post-42196","post","type-post","status-publish","format-standard","has-post-thumbnail","hentry","category-ultimas-noticias","tag-acusada","tag-bolivia","tag-desnudada","tag-fue","tag-golpeada","tag-mujer","tag-para","tag-preventiva","tag-prision","tag-rapada","tag-robo","tag-tucumana"],"_links":{"self":[{"href":"https:\/\/13.com.ar\/index.php\/wp-json\/wp\/v2\/posts\/42196","targetHints":{"allow":["GET"]}}],"collection":[{"href":"https:\/\/13.com.ar\/index.php\/wp-json\/wp\/v2\/posts"}],"about":[{"href":"https:\/\/13.com.ar\/index.php\/wp-json\/wp\/v2\/types\/post"}],"author":[{"embeddable":true,"href":"https:\/\/13.com.ar\/index.php\/wp-json\/wp\/v2\/users\/1"}],"replies":[{"embeddable":true,"href":"https:\/\/13.com.ar\/index.php\/wp-json\/wp\/v2\/comments?post=42196"}],"version-history":[{"count":0,"href":"https:\/\/13.com.ar\/index.php\/wp-json\/wp\/v2\/posts\/42196\/revisions"}],"wp:featuredmedia":[{"embeddable":true,"href":"https:\/\/13.com.ar\/index.php\/wp-json\/wp\/v2\/media\/41520"}],"wp:attachment":[{"href":"https:\/\/13.com.ar\/index.php\/wp-json\/wp\/v2\/media?parent=42196"}],"wp:term":[{"taxonomy":"category","embeddable":true,"href":"https:\/\/13.com.ar\/index.php\/wp-json\/wp\/v2\/categories?post=42196"},{"taxonomy":"post_tag","embeddable":true,"href":"https:\/\/13.com.ar\/index.php\/wp-json\/wp\/v2\/tags?post=42196"}],"curies":[{"name":"wp","href":"https:\/\/api.w.org\/{rel}","templated":true}]}}