{"id":42194,"date":"2025-07-14T18:39:56","date_gmt":"2025-07-14T21:39:56","guid":{"rendered":"https:\/\/13.com.ar\/index.php\/esta-prenda-que-usa-daniela-celis-no-puede-faltar-en-tu-armario\/"},"modified":"2025-07-14T18:39:56","modified_gmt":"2025-07-14T21:39:56","slug":"esta-prenda-que-usa-daniela-celis-no-puede-faltar-en-tu-armario","status":"publish","type":"post","link":"https:\/\/13.com.ar\/index.php\/esta-prenda-que-usa-daniela-celis-no-puede-faltar-en-tu-armario\/","title":{"rendered":"esta prenda que usa Daniela Celis no puede faltar en tu armario"},"content":{"rendered":"<p> <br \/>\n<br \/><img decoding=\"async\" src=\"https:\/\/13.com.ar\/wp-content\/uploads\/2025\/05\/Lo-ayude-mucho-y-lo-sigo-ayudando.jpg\" \/><\/p>\n<div id=\"element-body-0\">\n<p>La ex Gran Hermano<strong> Daniela Celis<\/strong> sorprendi\u00f3 a todos con un look totalmente sofisticado<strong> <\/strong>y <strong>elegante <\/strong>en sus redes sociales. La influencer, que se separ\u00f3 de <strong>Thiago Medina<\/strong>, mostr\u00f3 un look digno de una fiesta de noche en invierno.<\/p>\n<\/div>\n<div id=\"element-body-1\">\n<p>Se trata de un<strong> body negro<\/strong>, la pieza clave que<strong> no puede faltar en tu armario si quer\u00e9s arrasar en tu pr\u00f3xima salida nocturna<\/strong>. Esta prenda, combinada con medias tupidas y un abrigo largo, es la tendencia ideal para lucir incre\u00edble en las noches fr\u00edas.<\/p>\n<\/div>\n<div id=\"element-body-3\">\n<p>El <strong>body negro es una de las prendas m\u00e1s vers\u00e1tiles y atrevidas para esta temporada de invierno<\/strong>. Si bien es una tendencia que <strong>fue ganando fuerza en las pasarelas internacionales<\/strong>, como en el desfile de Ferrari donde Irina Shayk lo luci\u00f3, tambi\u00e9n encontr\u00f3 su lugar en las calles.<\/p>\n<\/div>\n<div id=\"element-body-4\">\n<p>Esta prenda, al ser tan sencilla y elegante, <strong>puede combinarse de diferentes maneras para crear un look impactante<\/strong> sin perder la comodidad necesaria para una noche de fiesta. <\/p>\n<\/div>\n<div id=\"element-body-5\">\n<p>As\u00ed lo revel\u00f3 Celis en su Instagram, en donde acompa\u00f1\u00f3 las fotos con la siguiente descripci\u00f3n: &#8220;<strong>Viviendo mi mejor versi\u00f3n<\/strong>&#8220;, luego del anuncio de su separaci\u00f3n de Thiago Medina.<\/p>\n<\/div>\n<div id=\"element-body-11\">\n<p>Gracias a su <strong>versatilidad<\/strong>, esta pieza b\u00e1sica<strong> puede ser el centro de atenci\u00f3n de tu outfit<\/strong> si se combina adecuadamente con las tendencias actuales.<\/p>\n<\/div>\n<p><br \/>\n<br \/><a href=\"https:\/\/www.clarin.com\/informacion-general\/vestir-fiesta-noche-invierno-prenda-usa-daniela-celis-puede-faltar-armario_0_2Hiw1VQOXp.html\">Fuente Clarin.com <\/a><\/p>\n","protected":false},"excerpt":{"rendered":"<p>La ex Gran Hermano Daniela Celis sorprendi\u00f3 a todos con un look totalmente sofisticado y elegante en sus redes sociales. La influencer, que se separ\u00f3 de Thiago Medina, mostr\u00f3 un look digno de una fiesta de noche en invierno. Se trata de un body negro, la pieza clave que no puede faltar en tu armario [&hellip;]<\/p>\n","protected":false},"author":1,"featured_media":22884,"comment_status":"open","ping_status":"open","sticky":false,"template":"","format":"standard","meta":{"footnotes":""},"categories":[2],"tags":[19579,22725,21900,300,15127,19709,136,763],"class_list":["post-42194","post","type-post","status-publish","format-standard","has-post-thumbnail","hentry","category-ultimas-noticias","tag-armario","tag-celis","tag-daniela","tag-esta","tag-faltar","tag-prenda","tag-puede","tag-usa"],"_links":{"self":[{"href":"https:\/\/13.com.ar\/index.php\/wp-json\/wp\/v2\/posts\/42194","targetHints":{"allow":["GET"]}}],"collection":[{"href":"https:\/\/13.com.ar\/index.php\/wp-json\/wp\/v2\/posts"}],"about":[{"href":"https:\/\/13.com.ar\/index.php\/wp-json\/wp\/v2\/types\/post"}],"author":[{"embeddable":true,"href":"https:\/\/13.com.ar\/index.php\/wp-json\/wp\/v2\/users\/1"}],"replies":[{"embeddable":true,"href":"https:\/\/13.com.ar\/index.php\/wp-json\/wp\/v2\/comments?post=42194"}],"version-history":[{"count":0,"href":"https:\/\/13.com.ar\/index.php\/wp-json\/wp\/v2\/posts\/42194\/revisions"}],"wp:featuredmedia":[{"embeddable":true,"href":"https:\/\/13.com.ar\/index.php\/wp-json\/wp\/v2\/media\/22884"}],"wp:attachment":[{"href":"https:\/\/13.com.ar\/index.php\/wp-json\/wp\/v2\/media?parent=42194"}],"wp:term":[{"taxonomy":"category","embeddable":true,"href":"https:\/\/13.com.ar\/index.php\/wp-json\/wp\/v2\/categories?post=42194"},{"taxonomy":"post_tag","embeddable":true,"href":"https:\/\/13.com.ar\/index.php\/wp-json\/wp\/v2\/tags?post=42194"}],"curies":[{"name":"wp","href":"https:\/\/api.w.org\/{rel}","templated":true}]}}