{"id":4216,"date":"2025-02-12T12:28:28","date_gmt":"2025-02-12T15:28:28","guid":{"rendered":"https:\/\/13.com.ar\/index.php\/la-presencia-de-chicharritas-aumento-pero-aclaran-que-la-situacion-esta-muy-lejos-de-la-de-hace-un-ano\/"},"modified":"2025-02-12T12:28:28","modified_gmt":"2025-02-12T15:28:28","slug":"la-presencia-de-chicharritas-aumento-pero-aclaran-que-la-situacion-esta-muy-lejos-de-la-de-hace-un-ano","status":"publish","type":"post","link":"https:\/\/13.com.ar\/index.php\/la-presencia-de-chicharritas-aumento-pero-aclaran-que-la-situacion-esta-muy-lejos-de-la-de-hace-un-ano\/","title":{"rendered":"la presencia de chicharritas aument\u00f3 pero aclaran que la situaci\u00f3n est\u00e1 muy lejos de la de hace un a\u00f1o"},"content":{"rendered":"<p> <br \/>\n<br \/><img decoding=\"async\" src=\"https:\/\/13.com.ar\/wp-content\/uploads\/2025\/02\/la-presencia-de-chicharritas-aumento-pero-aclaran-que-la-situacion.jpg\" \/><\/p>\n<div id=\"cuerpo\">\n<div class=\"sc-80531b6b-0 chRIGJ container-text text-embed\">\n<p>Como se esperaba para la actual \u00e9poca del a\u00f1o, en que tanto las condiciones clim\u00e1ticas como la presencia masiva de cultivos de ma\u00edz son propicios para el desarrollo de la chicharrita, <strong>hubo un incremento de la presencia<\/strong> de esta plaga, de acuerdo con el 13\u00b0 informe de la Red Nacional de Monitoreo de Dalbulus maidis, que relev\u00f3 410 localidades de la Argentina entre el 24 de enero y el 7 de febrero de 2025, m\u00e1s 13 de Uruguay. Sin embargo,<strong> la situaci\u00f3n es marcadamente distinta a la del a\u00f1o pasado.<\/strong><\/p>\n<\/div>\n<div class=\"sc-80531b6b-0 chRIGJ container-text text-embed\">\n<p>\u201cSe trata de un incremento esperable para febrero, pero los valores est\u00e1n muy lejos de la campa\u00f1a pasada, cuando para esta \u00e9poca en algunos casos las trampas ya pod\u00edan capturar semanalmente 1.000 chicharritas\u201d, dijo <strong>Alejandro Vera<\/strong>, investigador de la Estaci\u00f3n Experimental Agroindustrial Obispo Colombres (EEAOC) y coordinador de la Red. <\/p>\n<\/div>\n<div class=\"sc-80531b6b-0 chRIGJ container-text text-embed\">\n<p>\u201cPor otro lado, estos incrementos de menor incidencia que la campa\u00f1a pasada se dan cuando en gran parte del \u00e1rea los cultivos de ma\u00edz est\u00e1n con un estado fenol\u00f3gico en vegetativo avanzado (por encima de V6-V8). Es decir, es muy corta la etapa de susceptibilidad a enfermedades con capacidad de afectar el rendimiento que les queda por delante\u201d, agreg\u00f3.<\/p>\n<\/div>\n<div class=\"sc-80531b6b-0 chRIGJ container-text text-embed\">\n<p>Por otro lado, el investigador destac\u00f3 que observan que \u201clos lugares donde se hizo alg\u00fan tipo de intervenci\u00f3n de control cuando hab\u00eda baja incidencia de insectos <strong>han sido exitosos,<\/strong> con respuestas eficaces en las aplicaciones de productos, y las poblaciones se mantienen a raya, sobre todo en Chaco y Tucum\u00e1n\u201d.<\/p>\n<\/div>\n<div class=\"sc-80531b6b-0 chRIGJ container-text text-embed\">\n<p>En el detalle por regiones, se observa que en el NOA se registraron capturas de Dalbulus maidis <strong>en el 69% de las 76 localidades relevadas<\/strong>, con predominio de los niveles m\u00e1s bajos (de 1 a 4 y 5 a 20 adultos por trampa). En esta regi\u00f3n, donde el Dalbulus maidis es un insecto end\u00e9mico, se hace fundamental \u201cmantener e intensificar los monitoreos, especialmente en las \u00e1reas sembradas que atraviesan etapas vegetativas avanzadas y se acercan al final del per\u00edodo cr\u00edtico de susceptibilidad al complejo de achaparramiento\u201d. Adem\u00e1s, sostuvo el informe, es esencial vigilar las zonas donde se han implementado medidas de control, para evaluar la eficacia y de detectar posibles aumentos poblacionales.<\/p>\n<\/div>\n<div class=\"sc-80531b6b-0 chRIGJ container-text text-embed\">\n<p>En el NEA, <strong>de las 75 localidades relevadas, el 67% registr\u00f3 presencia de Dalbulus maidis<\/strong>, con predominio de las categor\u00edas m\u00e1s bajas (1 a 4 y 5 a 20 adultos por trampa). Las localidades con mayor concentraci\u00f3n estuvieron en Chaco y Santa Fe, y en el noreste de Santiago del Estero comenz\u00f3 a detectarse la presencia del vector.<\/p>\n<\/div>\n<div class=\"sc-80531b6b-0 chRIGJ container-text text-embed\">\n<p>En el Litoral, donde se relevaron 35 localidades, se registr\u00f3 una leve disminuci\u00f3n en la proporci\u00f3n de trampas con capturas de adultos (60%). Corrientes present\u00f3, como, en los relevamientos previos, las mayores capturas, y la localidad Mercedes volvi\u00f3 a registrar el valor m\u00e1s alto en la zona. En Entre R\u00edos aumentaron las detecciones, \u201clo que requiere atenci\u00f3n y monitoreo intensivo, sobre todo, en los ma\u00edces tard\u00edos\u201d.<\/p>\n<\/div>\n<div class=\"sc-80531b6b-0 chRIGJ container-text text-embed\">\n<p>En la regi\u00f3n Centro Norte, <strong>un 60% de las 74 localidades relevadas no registr\u00f3 presencia del vector,<\/strong> y en las localidades con capturas predomin\u00f3 la categor\u00eda m\u00e1s baja (1 a 4 adultos por trampa). \u201cSe recomienda mantener un monitoreo frecuente en los lotes de ma\u00edz ya implantados, con el objetivo de mantener bajos los niveles de la plaga, especialmente en las cabeceras de los lotes, donde es m\u00e1s probable detectar de manera temprana la presencia de Dalbulus maidis y poder realizar un control oportuno\u201d, sostuvo el informe.<\/p>\n<\/div>\n<div class=\"sc-80531b6b-0 chRIGJ container-text text-embed\">\n<p>Finalmente, en la regi\u00f3n Centro Sur, <strong>un 93% de las 150 localidades relevadas no registr\u00f3 presencia del vector<\/strong>, aunque se incrementaron las localidades con presencia (1 a 4 adultos) en Buenos Aires y C\u00f3rdoba. Esto refleja \u201cuna ausencia temporal y espacial significativa del vector en esta zona agroecol\u00f3gica. No obstante, en el marco del manejo integrado de plagas, es fundamental mantener un monitoreo constante, especialmente en lotes tard\u00edos donde el ma\u00edz ya est\u00e1 implantado y se encuentra en el tramo final del per\u00edodo susceptible\u201d, sostuvo el informe.<\/p>\n<\/div>\n<\/div>\n<p><br \/>\n<br \/><a href=\"https:\/\/www.clarin.com\/rural\/esperable-febrero-presencia-chicharritas-aumento-aclaran-situacion-lejos-hace-ano_0_uYiNC8ivaU.html\">Fuente Clarin.com <\/a><\/p>\n","protected":false},"excerpt":{"rendered":"<p>Como se esperaba para la actual \u00e9poca del a\u00f1o, en que tanto las condiciones clim\u00e1ticas como la presencia masiva de cultivos de ma\u00edz son propicios para el desarrollo de la chicharrita, hubo un incremento de la presencia de esta plaga, de acuerdo con el 13\u00b0 informe de la Red Nacional de Monitoreo de Dalbulus maidis, [&hellip;]<\/p>\n","protected":false},"author":1,"featured_media":4217,"comment_status":"open","ping_status":"open","sticky":false,"template":"","format":"standard","meta":{"footnotes":""},"categories":[2],"tags":[6275,530,544,6274,300,1192,6276,188,265,2830,2233],"class_list":["post-4216","post","type-post","status-publish","format-standard","has-post-thumbnail","hentry","category-ultimas-noticias","tag-aclaran","tag-ano","tag-aumento","tag-chicharritas","tag-esta","tag-hace","tag-lejos","tag-muy","tag-pero","tag-presencia","tag-situacion"],"_links":{"self":[{"href":"https:\/\/13.com.ar\/index.php\/wp-json\/wp\/v2\/posts\/4216","targetHints":{"allow":["GET"]}}],"collection":[{"href":"https:\/\/13.com.ar\/index.php\/wp-json\/wp\/v2\/posts"}],"about":[{"href":"https:\/\/13.com.ar\/index.php\/wp-json\/wp\/v2\/types\/post"}],"author":[{"embeddable":true,"href":"https:\/\/13.com.ar\/index.php\/wp-json\/wp\/v2\/users\/1"}],"replies":[{"embeddable":true,"href":"https:\/\/13.com.ar\/index.php\/wp-json\/wp\/v2\/comments?post=4216"}],"version-history":[{"count":0,"href":"https:\/\/13.com.ar\/index.php\/wp-json\/wp\/v2\/posts\/4216\/revisions"}],"wp:featuredmedia":[{"embeddable":true,"href":"https:\/\/13.com.ar\/index.php\/wp-json\/wp\/v2\/media\/4217"}],"wp:attachment":[{"href":"https:\/\/13.com.ar\/index.php\/wp-json\/wp\/v2\/media?parent=4216"}],"wp:term":[{"taxonomy":"category","embeddable":true,"href":"https:\/\/13.com.ar\/index.php\/wp-json\/wp\/v2\/categories?post=4216"},{"taxonomy":"post_tag","embeddable":true,"href":"https:\/\/13.com.ar\/index.php\/wp-json\/wp\/v2\/tags?post=4216"}],"curies":[{"name":"wp","href":"https:\/\/api.w.org\/{rel}","templated":true}]}}