{"id":4212,"date":"2025-02-12T12:22:28","date_gmt":"2025-02-12T15:22:28","guid":{"rendered":"https:\/\/13.com.ar\/index.php\/hoy-es-como-conocer-a-messi-o-a-maradona-jovenes\/"},"modified":"2025-02-12T12:22:28","modified_gmt":"2025-02-12T15:22:28","slug":"hoy-es-como-conocer-a-messi-o-a-maradona-jovenes","status":"publish","type":"post","link":"https:\/\/13.com.ar\/index.php\/hoy-es-como-conocer-a-messi-o-a-maradona-jovenes\/","title":{"rendered":"Hoy es como conocer a Messi o a Maradona j\u00f3venes"},"content":{"rendered":"<p> <br \/>\n<\/p>\n<div id=\"cuerpo\">\n<div class=\"sc-80531b6b-0 chRIGJ container-text text-embed\">\n<p>No es una novedad que el fen\u00f3meno <strong>Franco Colapinto<\/strong> arrasa por donde pase. Y la \u00faltima demostraci\u00f3n fue su llegada al equipo Alpine, en donde rompi\u00f3 todas las audiencias en redes sociales. Y los tiene a todos enamorados, incluso al director global de marketing del Grupo Renault, quien <strong>compar\u00f3 su figura con Lionel Messi y Diego Maradona<\/strong>.<\/p>\n<\/div>\n<div class=\"sc-80531b6b-0 chRIGJ container-text text-embed\">\n<p>Alpine es una de las compa\u00f1\u00edas del grupo franc\u00e9s y Arnaud Belloni es el responsable de marketing para todas las marcas. En charla con <strong>Clar\u00edn<\/strong>, consider\u00f3 que &#8220;Colapinto es la nueva cara de Argentina&#8221;.<\/p>\n<\/div>\n<div class=\"sc-80531b6b-0 chRIGJ container-text text-embed\">\n<p>El ejecutivo franc\u00e9s pas\u00f3 por Argentina para llevar a cabo una de sus tareas: filmar comerciales para TV de los distintos modelos de las marcas del grupo. En este caso, fue del nuevo Renault Rafale, un <em>crossover <\/em>mediano que tuvo muy buena recepci\u00f3n en el mercado franc\u00e9s.<\/p>\n<\/div>\n<div class=\"sc-80531b6b-0 chRIGJ container-text text-embed\">\n<p>En este sentido, Belloni le anticip\u00f3 a Clar\u00edn que acaba de obtener la aprobaci\u00f3n &#8220;del propio Luca de Meo, CEO del Grupo Renault, <strong>para rodar un nuevo comercial para TV sobre Franco Colapinto hecho en Argentina<\/strong>&#8220;.<\/p>\n<\/div>\n<div class=\"sc-80531b6b-0 chRIGJ container-text text-embed\">\n<p>Fue el propio De Meo que le dio la bienvenida al piloto argentino al Alpine F1 Team con un posteo que cerraba con el <em>hashtag <\/em><strong>#vamosnene<\/strong>. Bienvenida que, por cierto, no tuvo ning\u00fan otro piloto de la escuder\u00eda francesa. Hace un par de semanas, el presidente de Renault Argentina, Pablo Sibilla,confirmaba que el piloto argentino va a manejar un modelo de la marca del rombo cuando venga al pa\u00eds.<\/p>\n<\/div>\n<div class=\"sc-198be8ec-0 cynXbu image-embed  image-embed \"><picture class=\"sc-198be8ec-1 kOjRiQ\"><source media=\"(min-width: 975px)\" width=\"720\" height=\"480\" \/><img alt=\"Arnaud Belloni, director global de marketing del Grupo Renault, con la remera #vamosnene.\" loading=\"lazy\" width=\"720\" height=\"480\" decoding=\"async\" data-nimg=\"1\" style=\"color:transparent\" src=\"https:\/\/13.com.ar\/wp-content\/uploads\/2025\/02\/Hoy-es-como-conocer-a-Messi-o-a-Maradona-jovenes.jpg\"\/><span class=\"epigraphe\">Arnaud Belloni, director global de marketing del Grupo Renault, con la remera #vamosnene.<\/span><span class=\"bkg\"\/><span class=\"picture-open\"><button class=\"open-image\" aria-label=\"Open Image\"\/><\/span><\/picture><\/div>\n<p><h2>&#8220;Colapinto es la nueva cara de Argentina&#8221;<\/h2>\n<\/p>\n<div class=\"sc-80531b6b-0 chRIGJ container-text text-embed\">\n<p>El paso de Belloni por la Argentina permiti\u00f3 conocer tambi\u00e9n la estrategia de la empresa en la regi\u00f3n y en el mundo, luego de un plan de productos &#8220;d\u00e9bil&#8221; que hubo en el pasado. Pero claro, la charla se cerr\u00f3 con el fen\u00f3meno Colapinto.<\/p>\n<\/div>\n<div class=\"sc-80531b6b-0 chRIGJ container-text text-embed\">\n<p>&#8220;Nuestra primera prioridad hace cuatro a\u00f1os era<strong> recuperarnos de una fuerte crisis que tuvimos<\/strong>. La nueva estrategia nos permiti\u00f3 hacer una transici\u00f3n de una marca asociada a los autos chicos hacia segmentos superiores de modelos medianos. Y est\u00e1 funcionando muy bien&#8221;, detall\u00f3 Belloni y a\u00f1adi\u00f3: &#8220;Adem\u00e1s, lanzamos la electrificaci\u00f3n de la gama con la familia E-Tech, de la que se desprenden tres tecnolog\u00edas: h\u00edbridos, h\u00edbridos enchufables y el\u00e9ctricos. Eso nos permiti\u00f3 estar fuertes para desarrollar una estrategia para Am\u00e9rica Latina&#8221;.<\/p>\n<\/div>\n<div class=\"sc-80531b6b-0 chRIGJ container-text text-embed\">\n<p><strong>-\u00bfC\u00f3mo es esa estrategia para Am\u00e9rica Latina?<\/strong><\/p>\n<\/div>\n<div class=\"sc-80531b6b-0 chRIGJ container-text text-embed\">\n<p>Al igual que en Europa, en esta parte del mundo tambi\u00e9n ten\u00edamos un plan de productos d\u00e9bil en los \u00faltimos a\u00f1os. Por eso decidimos reconstruir esa estrategia, yendo tambi\u00e9n hacia segmentos m\u00e1s grandes. Primero fue la llegada del Kardian, con mucho suceso. Eso lo apuntalamos con un modelo como Arkana, que llega pronto a la Argentina, y el renovado Koleos. Y al mismo tiempo estamos apostando por la electrificaci\u00f3n tambi\u00e9n en Latinoam\u00e9rica aunque todav\u00eda es un mercado peque\u00f1o. Y tendremos nuevos anuncios en los pr\u00f3ximos meses para la regi\u00f3n que todav\u00eda no puedo mencionar, pero daremos pasos altos.<\/p>\n<\/div>\n<div class=\"sc-198be8ec-0 cynXbu image-embed  image-embed \"><picture class=\"sc-198be8ec-1 kOjRiQ\"><source media=\"(min-width: 975px)\" width=\"720\" height=\"480\" \/><img alt=\"Renault Kardian, el primero de una serie de modelos que renovar\u00e1n la gama de la marca.\" loading=\"lazy\" width=\"720\" height=\"480\" decoding=\"async\" data-nimg=\"1\" style=\"color:transparent\" src=\"https:\/\/13.com.ar\/wp-content\/uploads\/2025\/02\/1739373748_797_Hoy-es-como-conocer-a-Messi-o-a-Maradona-jovenes.jpg\"\/><span class=\"epigraphe\">Renault Kardian, el primero de una serie de modelos que renovar\u00e1n la gama de la marca.<\/span><span class=\"bkg\"\/><span class=\"picture-open\"><button class=\"open-image\" aria-label=\"Open Image\"\/><\/span><\/picture><\/div>\n<div class=\"sc-80531b6b-0 chRIGJ container-text text-embed\">\n<p><strong>-Mencion\u00f3 Kardian como el primero de esta estrategia, \u00bfQu\u00e9 tan importante fue?<\/strong><\/p>\n<\/div>\n<div class=\"sc-80531b6b-0 chRIGJ container-text text-embed\">\n<p>-Se trata de un auto creado para Latinoam\u00e9rica. Y en donde se lanz\u00f3 tuvo \u00e9xito. En Colombia, por ejemplo, le permiti\u00f3 a Renault volver a ser la n\u00famero uno en ese mercado. Es un gran auto, con el tama\u00f1o correcto, un habit\u00e1culo con mucho confort, buena calidad de materiales, muy buen motor y un gran equipamiento.<\/p>\n<\/div>\n<div class=\"sc-80531b6b-0 chRIGJ container-text text-embed\">\n<p><strong>-\u00bfConoceremos este a\u00f1o el dise\u00f1o final de la nueva pickup que Renault va a fabricar en C\u00f3rdoba?<\/strong><\/p>\n<\/div>\n<div class=\"sc-80531b6b-0 chRIGJ container-text text-embed\">\n<p><strong>-\u00bfQu\u00e9 diferencias hay entre un cliente europeo y uno latinoamericano?<\/strong><\/p>\n<\/div>\n<div class=\"sc-80531b6b-0 chRIGJ container-text text-embed\">\n<p>-Vengo muy seguido a Latinoam\u00e9rica, tanto para visitar cuestiones de la compa\u00f1\u00eda como para rodar distintos comerciales. Vengo seguido a la Argentina, a Chile y a Uruguay. Hace 10 a\u00f1os hab\u00eda diferencias, pero hoy con mercados abiertos, cada vez m\u00e1s gente reclama el mismo producto que en Europa. Todav\u00eda hace falta un auto econ\u00f3mico y popular para llegar a la mayor cantidad de gente. Pero cada vez m\u00e1s usuarios reclaman lo \u00faltimo en tecnolog\u00eda como en cualquier otro mercado del mundo. Y la competencia nos obliga a acelerar en ese sentido, especialmente con las empresas chinas.<\/p>\n<\/div>\n<div class=\"sc-198be8ec-0 cynXbu image-embed  image-embed \"><picture class=\"sc-198be8ec-1 kOjRiQ\"><source media=\"(min-width: 975px)\" width=\"720\" height=\"480\" \/><img alt=\"Franco Colapinto, en un d\u00eda de trabajo con el Alpine F1 Team. Foto: Instagram @alpinef1team\" loading=\"lazy\" width=\"720\" height=\"480\" decoding=\"async\" data-nimg=\"1\" style=\"color:transparent\" src=\"https:\/\/13.com.ar\/wp-content\/uploads\/2025\/02\/1739373748_799_Hoy-es-como-conocer-a-Messi-o-a-Maradona-jovenes.jpg\"\/><span class=\"epigraphe\">Franco Colapinto, en un d\u00eda de trabajo con el Alpine F1 Team. Foto: Instagram @alpinef1team<\/span><span class=\"bkg\"\/><span class=\"picture-open\"><button class=\"open-image\" aria-label=\"Open Image\"\/><\/span><\/picture><\/div>\n<div class=\"sc-80531b6b-0 chRIGJ container-text text-embed\">\n<p><strong>-\u00bfQu\u00e9 significa para Renault la llegada de un fen\u00f3meno medi\u00e1tico como Franco Colapinto?<\/strong><\/p>\n<\/div>\n<div class=\"sc-80531b6b-0 chRIGJ container-text text-embed\">\n<p>-Me acaban de aprobar, el propio Luca de Meo, CEO del Grupo Renault, un nuevo comercial para TV sobre Franco Colapinto hecho en Argentina. Hoy Colapinto es como conocer a Messi o a Maradona cuando eran muy j\u00f3venes. Es como (Kylian) Mbapp\u00e9 para un franc\u00e9s. Es un \u00edcono, muy j\u00f3ven todav\u00eda, pero ya es un \u00edcono. Y viene para darnos un mensaje de \u00e9xito y glamour. Creo que es la nueva cara de la Argentina. Creo que son muy afortunados por tener a Colapinto.<\/p>\n<\/div>\n<div class=\"sc-4306f4f9-0 bAPCpp\">\n<div class=\"inner-card-m\">\n<div class=\"related-content\">\n<p><span class=\"body-title\">Mir\u00e1 tambi\u00e9n<\/span><\/p>\n<h3>Con simulador de F\u00f3rmula 1 y los mejores amenities de Miami: c\u00f3mo es el edificio de lujo de Mercedes-Benz<\/h3>\n<source media=\"(min-width: 975px)\" width=\"340\" height=\"340\" \/><img alt=\"Con simulador de F\u00f3rmula 1 y los mejores amenities de Miami: c\u00f3mo es el edificio de lujo de Mercedes-Benz\" loading=\"lazy\" width=\"340\" height=\"340\" decoding=\"async\" data-nimg=\"1\" style=\"color:transparent\" src=\"https:\/\/13.com.ar\/wp-content\/uploads\/2025\/02\/1739373748_954_Hoy-es-como-conocer-a-Messi-o-a-Maradona-jovenes.jpg\"\/><\/div>\n<\/div>\n<\/div>\n<div class=\"sc-4306f4f9-0 bAPCpp\">\n<div class=\"inner-card-m\">\n<div class=\"related-content\">\n<p><span class=\"body-title\">Mir\u00e1 tambi\u00e9n<\/span><\/p>\n<h3>Promociones de febrero: cu\u00e1les son las automotrices que ofrecen cr\u00e9ditos a tasa 0% hasta en 24 meses<\/h3>\n<source media=\"(min-width: 975px)\" width=\"340\" height=\"340\" \/><img alt=\"Promociones de febrero: cu\u00e1les son las automotrices que ofrecen cr\u00e9ditos a tasa 0% hasta en 24 meses\" loading=\"lazy\" width=\"340\" height=\"340\" decoding=\"async\" data-nimg=\"1\" style=\"color:transparent\" src=\"https:\/\/13.com.ar\/wp-content\/uploads\/2025\/02\/1739373748_57_Hoy-es-como-conocer-a-Messi-o-a-Maradona-jovenes.jpg\"\/><\/div>\n<\/div>\n<\/div>\n<\/div>\n<p><br \/>\n<br \/><a href=\"https:\/\/www.clarin.com\/autos\/alpine-enamorados-franco-colapinto-hoy-conocer-messi-maradona-jovenes_0_JawmWWSksP.html\">Fuente Clarin.com <\/a><\/p>\n","protected":false},"excerpt":{"rendered":"<p>No es una novedad que el fen\u00f3meno Franco Colapinto arrasa por donde pase. Y la \u00faltima demostraci\u00f3n fue su llegada al equipo Alpine, en donde rompi\u00f3 todas las audiencias en redes sociales. Y los tiene a todos enamorados, incluso al director global de marketing del Grupo Renault, quien compar\u00f3 su figura con Lionel Messi y [&hellip;]<\/p>\n","protected":false},"author":1,"featured_media":4213,"comment_status":"open","ping_status":"open","sticky":false,"template":"","format":"standard","meta":{"footnotes":""},"categories":[2],"tags":[66,2683,147,2922,6269,708],"class_list":["post-4212","post","type-post","status-publish","format-standard","has-post-thumbnail","hentry","category-ultimas-noticias","tag-como","tag-conocer","tag-hoy","tag-jovenes","tag-maradona","tag-messi"],"_links":{"self":[{"href":"https:\/\/13.com.ar\/index.php\/wp-json\/wp\/v2\/posts\/4212","targetHints":{"allow":["GET"]}}],"collection":[{"href":"https:\/\/13.com.ar\/index.php\/wp-json\/wp\/v2\/posts"}],"about":[{"href":"https:\/\/13.com.ar\/index.php\/wp-json\/wp\/v2\/types\/post"}],"author":[{"embeddable":true,"href":"https:\/\/13.com.ar\/index.php\/wp-json\/wp\/v2\/users\/1"}],"replies":[{"embeddable":true,"href":"https:\/\/13.com.ar\/index.php\/wp-json\/wp\/v2\/comments?post=4212"}],"version-history":[{"count":0,"href":"https:\/\/13.com.ar\/index.php\/wp-json\/wp\/v2\/posts\/4212\/revisions"}],"wp:featuredmedia":[{"embeddable":true,"href":"https:\/\/13.com.ar\/index.php\/wp-json\/wp\/v2\/media\/4213"}],"wp:attachment":[{"href":"https:\/\/13.com.ar\/index.php\/wp-json\/wp\/v2\/media?parent=4212"}],"wp:term":[{"taxonomy":"category","embeddable":true,"href":"https:\/\/13.com.ar\/index.php\/wp-json\/wp\/v2\/categories?post=4212"},{"taxonomy":"post_tag","embeddable":true,"href":"https:\/\/13.com.ar\/index.php\/wp-json\/wp\/v2\/tags?post=4212"}],"curies":[{"name":"wp","href":"https:\/\/api.w.org\/{rel}","templated":true}]}}