{"id":4210,"date":"2025-02-12T12:19:27","date_gmt":"2025-02-12T15:19:27","guid":{"rendered":"https:\/\/13.com.ar\/index.php\/situacion-extrema-la-cifra-que-alarma-y-la-esperanza-del-alivio-de-la-lluvia\/"},"modified":"2025-02-12T12:19:27","modified_gmt":"2025-02-12T15:19:27","slug":"situacion-extrema-la-cifra-que-alarma-y-la-esperanza-del-alivio-de-la-lluvia","status":"publish","type":"post","link":"https:\/\/13.com.ar\/index.php\/situacion-extrema-la-cifra-que-alarma-y-la-esperanza-del-alivio-de-la-lluvia\/","title":{"rendered":"&#8220;situaci\u00f3n extrema&#8221;, la cifra que alarma y la esperanza del alivio de la lluvia"},"content":{"rendered":"<p> <br \/>\n<br \/><img decoding=\"async\" src=\"https:\/\/13.com.ar\/wp-content\/uploads\/2025\/02\/situacion-extrema-la-cifra-que-alarma-y-la-esperanza-del.jpg\" \/><\/p>\n<div id=\"cuerpo\">\n<div class=\"sc-80531b6b-0 chRIGJ container-text text-embed\">\n<p>El Instituto Nacional de Tecnolog\u00eda Agropecuaria (INTA) le puso cifras a la devastaci\u00f3n que produjo <strong>el fuego en Corrientes en lo que va de 2025.<\/strong> En base a un relevamiento satelital, establecieron que hasta el 8 de febrero las llamas arrasaron poco m\u00e1s de <strong>94.000 hect\u00e1reas,<\/strong> lo cual equivale al 1,1% de toda su superficie.<\/p>\n<\/div>\n<div class=\"sc-80531b6b-0 chRIGJ container-text text-embed\">\n<p>Los departamentos correntinos m\u00e1s afectados por los incendios son <strong>Curuz\u00fa Cuati\u00e1, Mercedes y Paso de los Libres<\/strong>, con casi 51.500 hect\u00e1reas, lo cual representa m\u00e1s del 50 por ciento del total, de acuerdo con el trabajo que realizaron Ditmar Kurtz y Grisel Saucedo, de la Estaci\u00f3n Experimental Corrientes del INTA.<\/p>\n<\/div>\n<div class=\"sc-80531b6b-0 chRIGJ container-text text-embed\">\n<p>La vegetaci\u00f3n m\u00e1s consumida por las llamas es la de pastizales. En la zona centro sur de la provincia el fuego consumi\u00f3 35.434 hect\u00e1reas; en el Noroeste provincial otras 9.935 hect\u00e1reas; y en el Nordeste el da\u00f1o alcanz\u00f3 las 2.692 hect\u00e1reas. <strong>Esas 48.000 hect\u00e1reas de campos se destinan principalmente a la ganader\u00eda.<\/strong><\/p>\n<\/div>\n<div class=\"sc-80531b6b-0 chRIGJ container-text text-embed\">\n<p>Las llamas tambi\u00e9n arrasaron <strong>10.724 hect\u00e1reas de bosques nativos y 2.539 de forestaciones,<\/strong> 5.229 hect\u00e1reas de ba\u00f1ados y esteros; y 6.881 hect\u00e1reas de vegetaci\u00f3n en los valles aluviales (inundables).<\/p>\n<\/div>\n<div class=\"sc-80531b6b-0 chRIGJ container-text text-embed\">\n<p>El fuego provoc\u00f3 tambi\u00e9n la muerte de una incontable cantidad de animales, en tanto que otros se vieron obligados a emigrar para escapar de las llamas.<\/p>\n<\/div>\n<div class=\"sc-80531b6b-0 chRIGJ container-text text-embed\">\n<p>El informe del INTA se\u00f1ala adem\u00e1s que <strong>el tama\u00f1o promedio de los incendios es de 23 hect\u00e1reas,<\/strong> pero las fotograf\u00edas satelitales detectaron tambi\u00e9n extensiones de hasta 18.348 hect\u00e1reas arrasadas. Del an\u00e1lisis de las im\u00e1genes surge que el 58% de los incendios afectaron menos de cinco hect\u00e1reas; el 39% consumieron entre cinco y 100 hect\u00e1reas y s\u00f3lo el 3% super\u00f3 esa superficie.<\/p>\n<\/div>\n<div class=\"sc-80531b6b-0 chRIGJ container-text text-embed\">\n<p>El Gobierno de Corrientes detall\u00f3 que en la noche de este martes <strong>se manten\u00edan activos ocho incendios<\/strong> en las localidades de Tatacu\u00e1, Curuz\u00fa Cuati\u00e1 (dos frentes), Bonpland, San Luis del Palmar, Derqui, Empedrado y Riachuelo mientras persiste la ola de elevadas temperaturas y sequ\u00eda.<\/p>\n<\/div>\n<div class=\"sc-80531b6b-0 chRIGJ container-text text-embed\">\n<p>El coordinador del Comando Operativo de Emergencias de Corrientes, Bruno Lovinson, sostuvo en Radio Dos que<strong> \u201cla situaci\u00f3n de los incendios es extrema\u201d<\/strong> en la provincia, pero se mostr\u00f3 esperanzado en que las lluvias anunciadas para este mi\u00e9rcoles y jueves traigan algo de alivio a los departamentos m\u00e1s castigados.<\/p>\n<\/div>\n<div class=\"sc-80531b6b-0 chRIGJ container-text text-embed\">\n<p>\u201cSe esperan lluvias para hoy (mi\u00e9rcoles) en la zona de Mercedes y si se cumple el pron\u00f3stico tendr\u00edamos la zona m\u00e1s caliente bajo control\u201d, agreg\u00f3. Las precipitaciones podr\u00edan volver el s\u00e1bado y abarcar todo el territorio provincial.<\/p>\n<\/div>\n<div class=\"sc-80531b6b-0 chRIGJ container-text text-embed\">\n<p>Seg\u00fan Lovinson, <strong>\u201cpara el lunes o martes de la semana que viene ya no deber\u00edamos tener incendios.<\/strong> Eso ser\u00eda un gran alivio para todos, no solamente para el campo, que es el que viene sufriendo de las mayores p\u00e9rdidas sino tambi\u00e9n para los bomberos voluntarios, que son los que est\u00e1n combatiendo todos los d\u00edas\u201d, dijo.<\/p>\n<\/div>\n<div class=\"sc-80531b6b-0 chRIGJ container-text text-embed\">\n<p>El funcionario se mostr\u00f3 preocupado porque este martes \u201cpr\u00e1cticamente todos los incendios tuvieron la particularidad de ser descontrolados. Eso nos lleva a mover muchos recursos\u201d, detall\u00f3.<\/p>\n<\/div>\n<div class=\"sc-80531b6b-0 chRIGJ container-text text-embed\">\n<p>Alejandro Bodoira, coordinador del Consorcio de Manejo del Fuego y asesor del Departamento de Protecci\u00f3n de Recursos Forestales de Corrientes, sostuvo que a diferencia de lo que ocurri\u00f3 en los primeros meses de 2022, cuando los incendios consumieron m\u00e1s del 10 por ciento de la superficie de Corrientes en medio de una hist\u00f3rica sequ\u00eda, <strong>\u201choy d\u00eda hay m\u00e1s agua y humedad en el suelo,<\/strong> lo que posibilita que el fuego se detenga al llegar a arroyos o lagunas\u201d.<\/p>\n<\/div>\n<\/div>\n<p><br \/>\n<br \/><a href=\"https:\/\/www.clarin.com\/sociedad\/incendios-corrientes-situacion-extrema-cifra-alarma-esperanza-alivio-lluvia_0_FcaDFJLEqh.html\">Fuente Clarin.com <\/a><\/p>\n","protected":false},"excerpt":{"rendered":"<p>El Instituto Nacional de Tecnolog\u00eda Agropecuaria (INTA) le puso cifras a la devastaci\u00f3n que produjo el fuego en Corrientes en lo que va de 2025. En base a un relevamiento satelital, establecieron que hasta el 8 de febrero las llamas arrasaron poco m\u00e1s de 94.000 hect\u00e1reas, lo cual equivale al 1,1% de toda su superficie. [&hellip;]<\/p>\n","protected":false},"author":1,"featured_media":4211,"comment_status":"open","ping_status":"open","sticky":false,"template":"","format":"standard","meta":{"footnotes":""},"categories":[2],"tags":[6268,2346,233,100,467,1918,2536,2233],"class_list":["post-4210","post","type-post","status-publish","format-standard","has-post-thumbnail","hentry","category-ultimas-noticias","tag-alarma","tag-alivio","tag-cifra","tag-del","tag-esperanza","tag-extrema","tag-lluvia","tag-situacion"],"_links":{"self":[{"href":"https:\/\/13.com.ar\/index.php\/wp-json\/wp\/v2\/posts\/4210","targetHints":{"allow":["GET"]}}],"collection":[{"href":"https:\/\/13.com.ar\/index.php\/wp-json\/wp\/v2\/posts"}],"about":[{"href":"https:\/\/13.com.ar\/index.php\/wp-json\/wp\/v2\/types\/post"}],"author":[{"embeddable":true,"href":"https:\/\/13.com.ar\/index.php\/wp-json\/wp\/v2\/users\/1"}],"replies":[{"embeddable":true,"href":"https:\/\/13.com.ar\/index.php\/wp-json\/wp\/v2\/comments?post=4210"}],"version-history":[{"count":0,"href":"https:\/\/13.com.ar\/index.php\/wp-json\/wp\/v2\/posts\/4210\/revisions"}],"wp:featuredmedia":[{"embeddable":true,"href":"https:\/\/13.com.ar\/index.php\/wp-json\/wp\/v2\/media\/4211"}],"wp:attachment":[{"href":"https:\/\/13.com.ar\/index.php\/wp-json\/wp\/v2\/media?parent=4210"}],"wp:term":[{"taxonomy":"category","embeddable":true,"href":"https:\/\/13.com.ar\/index.php\/wp-json\/wp\/v2\/categories?post=4210"},{"taxonomy":"post_tag","embeddable":true,"href":"https:\/\/13.com.ar\/index.php\/wp-json\/wp\/v2\/tags?post=4210"}],"curies":[{"name":"wp","href":"https:\/\/api.w.org\/{rel}","templated":true}]}}