{"id":4204,"date":"2025-02-12T12:10:27","date_gmt":"2025-02-12T15:10:27","guid":{"rendered":"https:\/\/13.com.ar\/index.php\/una-diputada-se-solidarizo-y-recordo-cuando-milei-tambien-echo-a-su-marido-de-la-anses\/"},"modified":"2025-02-12T12:10:27","modified_gmt":"2025-02-12T15:10:27","slug":"una-diputada-se-solidarizo-y-recordo-cuando-milei-tambien-echo-a-su-marido-de-la-anses","status":"publish","type":"post","link":"https:\/\/13.com.ar\/index.php\/una-diputada-se-solidarizo-y-recordo-cuando-milei-tambien-echo-a-su-marido-de-la-anses\/","title":{"rendered":"una diputada se solidariz\u00f3 y record\u00f3 cuando Milei tambi\u00e9n ech\u00f3 a su marido de la ANSeS"},"content":{"rendered":"<p> <br \/>\n<br \/><img decoding=\"async\" src=\"https:\/\/13.com.ar\/wp-content\/uploads\/2025\/02\/una-diputada-se-solidarizo-y-recordo-cuando-Milei-tambien-echo.jpg\" \/><\/p>\n<div>\n<p>Torres present\u00f3 una moci\u00f3n de privilegio para pedirle al Presidente que se expida por el despido de Cavallo y lanz\u00f3 una dura cr\u00edtica contra Milei. En ese maco, la diputada plante\u00f3 que para el mandatario <strong>&#8220;las mujeres no podemos opinar&#8221;<\/strong>. &#8220;Estamos de una manera u otra sometidas al g\u00e9nero masculino. Es una posici\u00f3n retr\u00f3grada, obsoleta, vetusta. No reconoce personas aut\u00f3nomas&#8221;, denunci\u00f3.<\/p>\n<\/div>\n<div>\n<p>Y record\u00f3 que su marido, Osvaldo Giordano, fue echado de la ANSeS en febrero de 2024 como represalia del Gobierno por el voto en contra de la diputada a la Ley Bases. &#8220;\u00bfAcaso la mujer de Giordano no vot\u00f3 en contra de la ley? Bueno, <strong>es un problema de \u00e9l si duerme con el enemigo, est\u00e1 durmiendo con un traidor<\/strong>. Es la vida&#8221;, hab\u00eda dicho Milei.<\/p>\n<\/div>\n<div>\n<p>&#8220;Tambi\u00e9n me surge una cuesti\u00f3n, que es la aplicaci\u00f3n de la guillotina si el sometimiento al g\u00e9nero masculino no es posible. Me hace acordar a \u00e9pocas del pasado&#8221;, remarc\u00f3 Torres, disparando a\u00fan m\u00e1s contra el Presidente.<\/p>\n<\/div>\n<div>\n<p>El pasado lunes, en declaraciones a radio <em>Rivadavia<\/em>, Milei justific\u00f3 la expulsi\u00f3n de Cavallo esgrimiendo que la economista cordobesa &#8220;escribi\u00f3 con su pap\u00e1&#8221; el libro &#8220;Historia Econ\u00f3mica de la Argentina&#8221; y, a su entender, &#8220;el pap\u00e1 est\u00e1 todo el tiempo torpedeando y saboteando el programa econ\u00f3mico, por lo tanto, no se puede estar en la misa y la procesi\u00f3n. O se est\u00e1 de un lado o se est\u00e1 del otro&#8221;.<\/p>\n<\/div>\n<div>\n<p>Tambi\u00e9n vincul\u00f3 a su ahora ex representante ante la OEA con su opini\u00f3n de que Cavallo (el ex ministro de Menem) tiene &#8220;intereses pol\u00edticos&#8221; que &#8220;claramente&#8221;, enfatiz\u00f3, &#8220;no son los del gobierno&#8221;.<\/p>\n<\/div>\n<div>\n<p>La economista era una de las embajadoras pol\u00edticas del gobierno libertario y lleg\u00f3 a la OEA casi al principio de la gesti\u00f3n. Pero su v\u00ednculo filial termin\u00f3 decantando su salida porque, puertas adentro del oficialismo,<strong> hab\u00eda conformidad con su desempe\u00f1o<\/strong>. Cavallo estaba apadrinada, entre otros tambi\u00e9n por el jefe de Gabinete, Guillermo Francos, y el canciller Gerardo Werthein.<\/p>\n<\/div>\n<p><br \/>\n<br \/><a href=\"https:\/\/www.clarin.com\/politica\/expulsion-hija-cavallo-colo-sesion-ficha-limpia-diputada-solidarizo-recordo-milei-echo-marido-anses_0_2rZVyaCuFs.html\">Fuente Clarin.com <\/a><\/p>\n","protected":false},"excerpt":{"rendered":"<p>Torres present\u00f3 una moci\u00f3n de privilegio para pedirle al Presidente que se expida por el despido de Cavallo y lanz\u00f3 una dura cr\u00edtica contra Milei. En ese maco, la diputada plante\u00f3 que para el mandatario &#8220;las mujeres no podemos opinar&#8221;. &#8220;Estamos de una manera u otra sometidas al g\u00e9nero masculino. Es una posici\u00f3n retr\u00f3grada, obsoleta, [&hellip;]<\/p>\n","protected":false},"author":1,"featured_media":4205,"comment_status":"open","ping_status":"open","sticky":false,"template":"","format":"standard","meta":{"footnotes":""},"categories":[2],"tags":[994,677,3721,5704,931,77,2332,6266,440,73],"class_list":["post-4204","post","type-post","status-publish","format-standard","has-post-thumbnail","hentry","category-ultimas-noticias","tag-anses","tag-cuando","tag-diputada","tag-echo","tag-marido","tag-milei","tag-recordo","tag-solidarizo","tag-tambien","tag-una"],"_links":{"self":[{"href":"https:\/\/13.com.ar\/index.php\/wp-json\/wp\/v2\/posts\/4204","targetHints":{"allow":["GET"]}}],"collection":[{"href":"https:\/\/13.com.ar\/index.php\/wp-json\/wp\/v2\/posts"}],"about":[{"href":"https:\/\/13.com.ar\/index.php\/wp-json\/wp\/v2\/types\/post"}],"author":[{"embeddable":true,"href":"https:\/\/13.com.ar\/index.php\/wp-json\/wp\/v2\/users\/1"}],"replies":[{"embeddable":true,"href":"https:\/\/13.com.ar\/index.php\/wp-json\/wp\/v2\/comments?post=4204"}],"version-history":[{"count":0,"href":"https:\/\/13.com.ar\/index.php\/wp-json\/wp\/v2\/posts\/4204\/revisions"}],"wp:featuredmedia":[{"embeddable":true,"href":"https:\/\/13.com.ar\/index.php\/wp-json\/wp\/v2\/media\/4205"}],"wp:attachment":[{"href":"https:\/\/13.com.ar\/index.php\/wp-json\/wp\/v2\/media?parent=4204"}],"wp:term":[{"taxonomy":"category","embeddable":true,"href":"https:\/\/13.com.ar\/index.php\/wp-json\/wp\/v2\/categories?post=4204"},{"taxonomy":"post_tag","embeddable":true,"href":"https:\/\/13.com.ar\/index.php\/wp-json\/wp\/v2\/tags?post=4204"}],"curies":[{"name":"wp","href":"https:\/\/api.w.org\/{rel}","templated":true}]}}