{"id":41842,"date":"2025-07-13T12:06:57","date_gmt":"2025-07-13T15:06:57","guid":{"rendered":"https:\/\/13.com.ar\/index.php\/midieron-en-las-8-provincias-que-renuevan-senadores-y-en-7-gana-la-libertad-avanza\/"},"modified":"2025-07-13T12:06:57","modified_gmt":"2025-07-13T15:06:57","slug":"midieron-en-las-8-provincias-que-renuevan-senadores-y-en-7-gana-la-libertad-avanza","status":"publish","type":"post","link":"https:\/\/13.com.ar\/index.php\/midieron-en-las-8-provincias-que-renuevan-senadores-y-en-7-gana-la-libertad-avanza\/","title":{"rendered":"midieron en las 8 provincias que renuevan senadores y en 7 gana La Libertad Avanza"},"content":{"rendered":"<p> <br \/>\n<\/p>\n<div id=\"cuerpo\">\n<div class=\"sc-45461e9c-0 eqiBeF container-text text-embed \" id=\"element-body-0\">\n<p>La dur\u00edsima derrota que sufri\u00f3 el Gobierno en el Senado esta \u00faltima semana, donde en un sola sesi\u00f3n aprobaron leyes para favorecer a los jubilados, los discapacitados y las provincias, mostr\u00f3 <strong>un escenario que podr\u00eda cambiar<\/strong> sensiblemente desde el 10 de diciembre. No se tratar\u00eda s\u00f3lo de una expresi\u00f3n de deseos el oficialismo: <strong>Clar\u00edn<\/strong> accedi\u00f3 este domingo a <strong>nuevas encuestas<\/strong> que midieron en las <strong>ocho provincias <\/strong>que renuevan sus representantes en la<strong> C\u00e1mara alta<\/strong> y <strong>La Libertad Avanza<\/strong> (sola o con aliados) aparece como favorita en siete.<\/p>\n<\/div>\n<div class=\"sc-45461e9c-0 eqiBeF container-text text-embed \" id=\"element-body-1\">\n<p>El estudio lo hizo <strong><em>CB Consultora Opini\u00f3n P\u00fablica<\/em><\/strong>, una firma con origen en C\u00f3rdoba, conocida desde principios de 2020, cuando comenz\u00f3 a publicar un ranking de gobernadores. Al a\u00f1o siguiente public\u00f3 un trabajo similar, previo a las votaci\u00f3n nacional, y acert\u00f3 en siete de los ocho distritos que pon\u00edan en juego bancas de senadores. <\/p>\n<\/div>\n<div class=\"sc-45461e9c-0 eqiBeF container-text text-embed \" id=\"element-body-2\">\n<p>El 26 de octubre pr\u00f3ximo, las provincias que renuevan son<strong> Chaco, Entre R\u00edos, Neuqu\u00e9n, R\u00edo Negro, Salta, Santiago del Estero, Tierra del Fuego y Ciudad de Buenos Aires<\/strong>. <\/p>\n<\/div>\n<div class=\"sc-45461e9c-0 eqiBeF container-text text-embed \" id=\"element-body-3\">\n<p><strong>De esos 24 lugares, el que m\u00e1s pone en juego es el kirchnerismo, que arriesga 15 de las 34 que tiene actualmente con un interbloque de tres bancadas. De las 9 restantes, 4 pertenecen a la UCR, 2 al PRO y 3 a diferentes fuerzas provinciales.<\/strong><\/p>\n<\/div>\n<div class=\"sc-45461e9c-0 eqiBeF container-text text-embed \" id=\"element-body-4\">\n<p>La Libertad Avanza parte de una debilidad actual que puede transformarse en una fortaleza futura: no pone en juego ninguno de los seis lugares que tiene actualmente. Y en caso de confirmarse los pron\u00f3sticos <strong>podr\u00eda acercarse a los 20, entre propios y aliados<\/strong>.<\/p>\n<\/div>\n<div class=\"sc-45461e9c-0 eqiBeF container-text text-embed \" id=\"element-body-5\">\n<p>Consciente de que seguir\u00e1 lejos de la mayor\u00eda, tanto en Diputados como en el Senado, <strong>la Casa Rosada apunta a conseguir un tercio en ambas c\u00e1maras<\/strong>, que la ayuden por ejemplo para sostener los vetos presidenciales como los ya anunciados para las leyes que acaban de aprobarse y que, seg\u00fan el Gobierno, ponen en riesgo el plan econ\u00f3mico por el aumento del gasto.<\/p>\n<\/div>\n<div class=\"sc-45461e9c-0 eqiBeF container-text text-embed \" id=\"element-body-6\">\n<p><strong>En la C\u00e1mara alta, ese n\u00famero m\u00e1gico es 24 sobre un total de 72. La mayor\u00eda para sesionar y garantizar la aprobaci\u00f3n de leyes requiere de 37. Visto del lado opositor, el que se alejar\u00eda de esta cifra tambi\u00e9n fundamental es el kirchnerismo. Hoy est\u00e1 a solo 3 senadores.<\/strong><\/p>\n<\/div>\n<p><h2>Los libertarios favoritos, salvo en Santiago del Estero<\/h2>\n<\/p>\n<div class=\"sc-45461e9c-0 eqiBeF container-text text-embed \" id=\"element-body-8\">\n<p>El informe de<strong><em> CB<\/em><\/strong>, muy prematuro porque a\u00fan <strong>no est\u00e1n definidas las alianzas <\/strong>y no se sabe por caso si La Libertad Avanza cerrar\u00e1 acuerdos en CABA, Entre R\u00edos y Chaco, entre otros, ubica a <strong>los libertarios arriba <\/strong>en todas las provincias <strong>menos en Santiago del Estero<\/strong>.<\/p>\n<\/div>\n<div class=\"sc-45461e9c-0 eqiBeF container-text text-embed \" id=\"element-body-9\">\n<p>All\u00ed, parece inexpugnable el fort\u00edn electoral que tiene construido el radical K Gerardo Zamora. Con un dato no menor: los 3 senadores santiague\u00f1os actualmente integran el interbloque kirchnerista y en octubre<strong> podr\u00edan perder el de la minor\u00eda.<\/strong><\/p>\n<\/div>\n<div class=\"sc-98b114a2-0 bkqiHH image-embed  image-embed \" id=\"element-body-10\"><picture class=\"sc-98b114a2-1 jRUlDm\"><source media=\"(min-width: 975px)\" width=\"720\" height=\"480\" \/><img alt=\"Encuesta de CB Consultora Opini\u00f3n P\u00fablica para la elecci\u00f3n de senadores en Santiago del Estero.\" loading=\"lazy\" width=\"720\" height=\"480\" decoding=\"async\" data-nimg=\"1\" style=\"color:transparent\" src=\"https:\/\/13.com.ar\/wp-content\/uploads\/2025\/07\/midieron-en-las-8-provincias-que-renuevan-senadores-y-en.jpg\"\/><span class=\"epigraphe\">Encuesta de CB Consultora Opini\u00f3n P\u00fablica para la elecci\u00f3n de senadores en Santiago del Estero.<\/span><span class=\"picture-open\"><button class=\"open-image\" aria-label=\"Open Image\"\/><\/span><\/picture><\/div>\n<div class=\"sc-45461e9c-0 eqiBeF container-text text-embed \" id=\"element-body-11\">\n<p>Al menos as\u00ed lo pronostica <strong><em>CB<\/em><\/strong>: el <strong>Frente C\u00edvico <\/strong>de Zamora tiene <strong>36,7%<\/strong> de intenci\u00f3n de voto para senadores, contra <strong>19,4%<\/strong> de <strong>La Libertad Avanza<\/strong> y <strong>13,6%<\/strong> del <strong>Partido Justicialista<\/strong>. De concretarse estos resultados, los libertarios le sacar\u00edan el senador al PJ, que es aliado del gobernadores y le permite tener hoy tres representantes en la C\u00e1mara alta que le respondan. <\/p>\n<\/div>\n<div class=\"sc-45461e9c-0 eqiBeF container-text text-embed \" id=\"element-body-12\">\n<p>De las otras siete provincias donde LLA aparece arriba, en cuatro la consultora lo midi\u00f3 sin aliados. Con estos resultados en los primeros lugares:<\/p>\n<\/div>\n<div class=\"sc-98b114a2-0 bkqiHH image-embed  image-embed \" id=\"element-body-13\"><picture class=\"sc-98b114a2-1 jRUlDm\"><source media=\"(min-width: 975px)\" width=\"720\" height=\"480\" \/><img alt=\"Encuesta de CB Consultora Opini\u00f3n P\u00fablica para la elecci\u00f3n de senadores en Tierra del Fuego.\" loading=\"lazy\" width=\"720\" height=\"480\" decoding=\"async\" data-nimg=\"1\" style=\"color:transparent\" src=\"https:\/\/13.com.ar\/wp-content\/uploads\/2025\/07\/1752419217_354_midieron-en-las-8-provincias-que-renuevan-senadores-y-en.jpg\"\/><span class=\"epigraphe\">Encuesta de CB Consultora Opini\u00f3n P\u00fablica para la elecci\u00f3n de senadores en Tierra del Fuego.<\/span><span class=\"picture-open\"><button class=\"open-image\" aria-label=\"Open Image\"\/><\/span><\/picture><\/div>\n<div class=\"sc-45461e9c-0 eqiBeF container-text text-embed \" id=\"element-body-14\">\n<p><em><u>Tierra del Fuego<\/u><\/em>: <strong>La Libertad Avanza 36,7%<\/strong>, Partido Justicialista 26,8% y UCR 2,5%.<\/p>\n<\/div>\n<div class=\"sc-98b114a2-0 bkqiHH image-embed  image-embed \" id=\"element-body-15\"><picture class=\"sc-98b114a2-1 jRUlDm\"><source media=\"(min-width: 975px)\" width=\"720\" height=\"480\" \/><img alt=\"Encuesta de CB Consultora Opini\u00f3n P\u00fablica para la elecci\u00f3n de senadores en Salta.\" loading=\"lazy\" width=\"720\" height=\"480\" decoding=\"async\" data-nimg=\"1\" style=\"color:transparent\" src=\"https:\/\/13.com.ar\/wp-content\/uploads\/2025\/07\/1752419217_825_midieron-en-las-8-provincias-que-renuevan-senadores-y-en.jpg\"\/><span class=\"epigraphe\">Encuesta de CB Consultora Opini\u00f3n P\u00fablica para la elecci\u00f3n de senadores en Salta.<\/span><span class=\"picture-open\"><button class=\"open-image\" aria-label=\"Open Image\"\/><\/span><\/picture><\/div>\n<div class=\"sc-45461e9c-0 eqiBeF container-text text-embed \" id=\"element-body-16\">\n<p><em><u>Salta<\/u><\/em>: <strong>La Libertad Avanza 37,9%<\/strong>, Partido Justicialista 30,9% y Espacio de Juan Carlos Romero 5,3%.<\/p>\n<\/div>\n<div class=\"sc-98b114a2-0 bkqiHH image-embed  image-embed \" id=\"element-body-17\"><picture class=\"sc-98b114a2-1 jRUlDm\"><source media=\"(min-width: 975px)\" width=\"720\" height=\"480\" \/><img alt=\"Encuesta de CB Consultora Opini\u00f3n P\u00fablica para la elecci\u00f3n senadores en R\u00edo Negro.\" loading=\"lazy\" width=\"720\" height=\"480\" decoding=\"async\" data-nimg=\"1\" style=\"color:transparent\" src=\"https:\/\/13.com.ar\/wp-content\/uploads\/2025\/07\/1752419217_656_midieron-en-las-8-provincias-que-renuevan-senadores-y-en.jpg\"\/><span class=\"epigraphe\">Encuesta de CB Consultora Opini\u00f3n P\u00fablica para la elecci\u00f3n senadores en R\u00edo Negro.<\/span><span class=\"picture-open\"><button class=\"open-image\" aria-label=\"Open Image\"\/><\/span><\/picture><\/div>\n<div class=\"sc-45461e9c-0 eqiBeF container-text text-embed \" id=\"element-body-18\">\n<p><em><u>R\u00edo Negro<\/u><\/em>: <strong>La Libertad Avanza 32%<\/strong>, Juntos Somos R\u00edo Negro 27,1% y Partido Justicialista 21,1%.<\/p>\n<\/div>\n<div class=\"sc-98b114a2-0 bkqiHH image-embed  image-embed \" id=\"element-body-19\"><picture class=\"sc-98b114a2-1 jRUlDm\"><source media=\"(min-width: 975px)\" width=\"720\" height=\"480\" \/><img alt=\"Encuesta de CB Consultora Opini\u00f3n P\u00fablica para la elecci\u00f3n de senadores en Neuqu\u00e9n.\" loading=\"lazy\" width=\"720\" height=\"480\" decoding=\"async\" data-nimg=\"1\" style=\"color:transparent\" src=\"https:\/\/13.com.ar\/wp-content\/uploads\/2025\/07\/1752419217_399_midieron-en-las-8-provincias-que-renuevan-senadores-y-en.jpg\"\/><span class=\"epigraphe\">Encuesta de CB Consultora Opini\u00f3n P\u00fablica para la elecci\u00f3n de senadores en Neuqu\u00e9n.<\/span><span class=\"picture-open\"><button class=\"open-image\" aria-label=\"Open Image\"\/><\/span><\/picture><\/div>\n<div class=\"sc-45461e9c-0 eqiBeF container-text text-embed \" id=\"element-body-20\">\n<p><em><u>Neuqu\u00e9n<\/u><\/em>: <strong>La Libertad Avanza 32,5%<\/strong>, La Neuquinidad 26,3% y Partido Justicialista 14,9%.<\/p>\n<\/div>\n<div class=\"sc-45461e9c-0 eqiBeF container-text text-embed \" id=\"element-body-21\">\n<p>En los otros tres distritos donde lidera,<strong> LLA fue medida en alianza<\/strong>. En CABA, donde ya gan\u00f3 en la elecci\u00f3n local, aparece m\u00e1s fuerte que el PRO. Mientras que en Entre R\u00edos y Chaco, se acoplar\u00eda a los oficialismos de los gobernadores Rogelio Frigerio y Leandro Zdero. Con este \u00faltimo, ya fueron juntos en la legislativa provincial y ganaron.<\/p>\n<\/div>\n<div class=\"sc-98b114a2-0 bkqiHH image-embed  image-embed \" id=\"element-body-22\"><picture class=\"sc-98b114a2-1 jRUlDm\"><source media=\"(min-width: 975px)\" width=\"720\" height=\"480\" \/><img alt=\"Encuesta de CB Consultora Opini\u00f3n P\u00fablica para la elecci\u00f3n de senadores en CABA.\" loading=\"lazy\" width=\"720\" height=\"480\" decoding=\"async\" data-nimg=\"1\" style=\"color:transparent\" src=\"https:\/\/13.com.ar\/wp-content\/uploads\/2025\/07\/1752419217_161_midieron-en-las-8-provincias-que-renuevan-senadores-y-en.jpg\"\/><span class=\"epigraphe\">Encuesta de CB Consultora Opini\u00f3n P\u00fablica para la elecci\u00f3n de senadores en CABA.<\/span><span class=\"picture-open\"><button class=\"open-image\" aria-label=\"Open Image\"\/><\/span><\/picture><\/div>\n<div class=\"sc-45461e9c-0 eqiBeF container-text text-embed \" id=\"element-body-23\">\n<p><em><u>CABA<\/u><\/em>: <strong>La Libertad Avanza + PRO 47,6%<\/strong>, Partido Justicialista 27,5% y Larreta + Coalici\u00f3n C\u00edvica 7,6%.<\/p>\n<\/div>\n<div class=\"sc-98b114a2-0 bkqiHH image-embed  image-embed \" id=\"element-body-24\"><picture class=\"sc-98b114a2-1 jRUlDm\"><source media=\"(min-width: 975px)\" width=\"720\" height=\"480\" \/><img alt=\"Encuesta de CB Consultora Opini\u00f3n P\u00fablica para la elecci\u00f3n de senadores en Chaco.\" loading=\"lazy\" width=\"720\" height=\"480\" decoding=\"async\" data-nimg=\"1\" style=\"color:transparent\" src=\"https:\/\/13.com.ar\/wp-content\/uploads\/2025\/07\/1752419217_669_midieron-en-las-8-provincias-que-renuevan-senadores-y-en.jpg\"\/><span class=\"epigraphe\">Encuesta de CB Consultora Opini\u00f3n P\u00fablica para la elecci\u00f3n de senadores en Chaco.<\/span><span class=\"picture-open\"><button class=\"open-image\" aria-label=\"Open Image\"\/><\/span><\/picture><\/div>\n<div class=\"sc-45461e9c-0 eqiBeF container-text text-embed \" id=\"element-body-25\">\n<p><em><u>Chaco<\/u><\/em>: <strong>UCR de Zdero + La Libertad Avanza <\/strong>38,9%, PJ de Capitanich 30,9% y PJ no K 10,7%.<\/p>\n<\/div>\n<div class=\"sc-98b114a2-0 bkqiHH image-embed  image-embed \" id=\"element-body-26\"><picture class=\"sc-98b114a2-1 jRUlDm\"><source media=\"(min-width: 975px)\" width=\"720\" height=\"480\" \/><img alt=\"Encuesta de CB Consultora Opini\u00f3n P\u00fablica para la elecci\u00f3n de senadores en Entre R\u00edos.\" loading=\"lazy\" width=\"720\" height=\"480\" decoding=\"async\" data-nimg=\"1\" style=\"color:transparent\" src=\"https:\/\/13.com.ar\/wp-content\/uploads\/2025\/07\/1752419217_996_midieron-en-las-8-provincias-que-renuevan-senadores-y-en.jpg\"\/><span class=\"epigraphe\">Encuesta de CB Consultora Opini\u00f3n P\u00fablica para la elecci\u00f3n de senadores en Entre R\u00edos.<\/span><span class=\"picture-open\"><button class=\"open-image\" aria-label=\"Open Image\"\/><\/span><\/picture><\/div>\n<div class=\"sc-45461e9c-0 eqiBeF container-text text-embed \" id=\"element-body-27\">\n<p><em><u>Entre R\u00edos<\/u><\/em>: <strong>PRO de Frigerio + La Libertad Avanza 36,2%<\/strong>, Partido Justicialista 28,3% y Otro 9,5%.<\/p>\n<\/div>\n<\/div>\n<p><br \/>\n<br \/><a href=\"https:\/\/www.clarin.com\/politica\/nuevas-encuestas-midieron-8-provincias-renuevan-senadores-7-gano-mismo-espacio_0_hjuO2eyMjz.html\">Fuente Clarin.com <\/a><\/p>\n","protected":false},"excerpt":{"rendered":"<p>La dur\u00edsima derrota que sufri\u00f3 el Gobierno en el Senado esta \u00faltima semana, donde en un sola sesi\u00f3n aprobaron leyes para favorecer a los jubilados, los discapacitados y las provincias, mostr\u00f3 un escenario que podr\u00eda cambiar sensiblemente desde el 10 de diciembre. No se tratar\u00eda s\u00f3lo de una expresi\u00f3n de deseos el oficialismo: Clar\u00edn accedi\u00f3 [&hellip;]<\/p>\n","protected":false},"author":1,"featured_media":41843,"comment_status":"open","ping_status":"open","sticky":false,"template":"","format":"standard","meta":{"footnotes":""},"categories":[2],"tags":[253,3655,48,1792,8084,49,23672,3080],"class_list":["post-41842","post","type-post","status-publish","format-standard","has-post-thumbnail","hentry","category-ultimas-noticias","tag-avanza","tag-gana","tag-las","tag-libertad","tag-midieron","tag-provincias","tag-renuevan","tag-senadores"],"_links":{"self":[{"href":"https:\/\/13.com.ar\/index.php\/wp-json\/wp\/v2\/posts\/41842","targetHints":{"allow":["GET"]}}],"collection":[{"href":"https:\/\/13.com.ar\/index.php\/wp-json\/wp\/v2\/posts"}],"about":[{"href":"https:\/\/13.com.ar\/index.php\/wp-json\/wp\/v2\/types\/post"}],"author":[{"embeddable":true,"href":"https:\/\/13.com.ar\/index.php\/wp-json\/wp\/v2\/users\/1"}],"replies":[{"embeddable":true,"href":"https:\/\/13.com.ar\/index.php\/wp-json\/wp\/v2\/comments?post=41842"}],"version-history":[{"count":0,"href":"https:\/\/13.com.ar\/index.php\/wp-json\/wp\/v2\/posts\/41842\/revisions"}],"wp:featuredmedia":[{"embeddable":true,"href":"https:\/\/13.com.ar\/index.php\/wp-json\/wp\/v2\/media\/41843"}],"wp:attachment":[{"href":"https:\/\/13.com.ar\/index.php\/wp-json\/wp\/v2\/media?parent=41842"}],"wp:term":[{"taxonomy":"category","embeddable":true,"href":"https:\/\/13.com.ar\/index.php\/wp-json\/wp\/v2\/categories?post=41842"},{"taxonomy":"post_tag","embeddable":true,"href":"https:\/\/13.com.ar\/index.php\/wp-json\/wp\/v2\/tags?post=41842"}],"curies":[{"name":"wp","href":"https:\/\/api.w.org\/{rel}","templated":true}]}}