{"id":4170,"date":"2025-02-12T10:04:29","date_gmt":"2025-02-12T13:04:29","guid":{"rendered":"https:\/\/13.com.ar\/index.php\/busqueda-desesperada-de-un-reconocido-abogado-porteno-que-se-perdio-en-una-montana-en-mendoza\/"},"modified":"2025-02-12T10:04:29","modified_gmt":"2025-02-12T13:04:29","slug":"busqueda-desesperada-de-un-reconocido-abogado-porteno-que-se-perdio-en-una-montana-en-mendoza","status":"publish","type":"post","link":"https:\/\/13.com.ar\/index.php\/busqueda-desesperada-de-un-reconocido-abogado-porteno-que-se-perdio-en-una-montana-en-mendoza\/","title":{"rendered":"B\u00fasqueda desesperada de un reconocido abogado porte\u00f1o que se perdi\u00f3 en una monta\u00f1a en Mendoza"},"content":{"rendered":"<p> <br \/>\n<br \/><img decoding=\"async\" src=\"https:\/\/13.com.ar\/wp-content\/uploads\/2025\/02\/Busqueda-desesperada-de-un-reconocido-abogado-porteno-que-se-perdio.jpg\" \/><\/p>\n<div>\n<p>Un abogado porte\u00f1o radicado en Mendoza est\u00e1 <strong>desaparecido desde el lunes<\/strong> en el cerro <strong>El Plata, en la Cordillera de los Andes<\/strong>, donde se perdi\u00f3 haciendo andinismo.<\/p>\n<\/div>\n<div>\n<p>Se trata de <strong>Fernando Reto Reynal<\/strong>, de 44 a\u00f1os, un andinista con experiencia que parti\u00f3 con su compa\u00f1ero Samuel Solanilla hacia el cerro El Plata, a 5.956 metros sobre el nivel del mar, con el objetivo de <strong>hacer cumbre<\/strong>.<\/p>\n<\/div>\n<div>\n<p>Pero seg\u00fan informan medios locales, <strong>durante el ascenso se separaron<\/strong>. Solanilla lleg\u00f3 a la cima alrededor de las 10 de la ma\u00f1ana, pero Reto Reynal qued\u00f3 rezagado. Su amigo emprendi\u00f3 el descenso y lo vio a unos 5.500 metros de altura en una zona que se conoce como Upa y retorn\u00f3 al campamento El Salto, donde estaban haciendo base. <strong>Pero Reto Reynal nunca regres\u00f3.<\/strong><\/p>\n<\/div>\n<div>\n<p>Desde entonces, lo est\u00e1n buscando las patrullas de rescate, con <strong>muchas complicaciones por el mal tiempo<\/strong>. Estimaban que si mejoraba el clima hoy sumar\u00eda un helic\u00f3ptero para intensificar la b\u00fasqueda.<\/p>\n<\/div>\n<div>\n<p>Reto Reynal es un <strong>reconocido abogado<\/strong>, integrante del estudio O&#8217;Farrell, al que ingres\u00f3 en 2018. Est\u00e1 especializado en derecho laboral y previsional y es asesor legal de importantes empresas de distintos rubros.<\/p>\n<\/div>\n<div>\n<p>Seg\u00fan inform\u00f3 MDZ, Reto Reynal viv\u00eda en Buenos Aires, pero se enamor\u00f3 de una mendocina y hace seis a\u00f1os se fue a vivir a esa provincia. Se separ\u00f3 de su pareja, pero igual se qued\u00f3 viviendo en Mendoza y se volvi\u00f3 <strong>fan\u00e1tico del monta\u00f1ismo<\/strong>, haciendo salidas todos los fines de semana.<\/p>\n<\/div>\n<div>\n<p>Con la experiencia ganada, encar\u00f3 esta semana el ascenso al cerro El Plata, una de las <strong>monta\u00f1as m\u00e1s desafiantes<\/strong> de la Cordillera.<\/p>\n<\/div>\n<p><br \/>\n<br \/><a href=\"https:\/\/www.clarin.com\/sociedad\/busqueda-desesperada-reconocido-abogado-porteno-perdio-montana-mendoza_0_8nqthqKzQC.html\">Fuente Clarin.com <\/a><\/p>\n","protected":false},"excerpt":{"rendered":"<p>Un abogado porte\u00f1o radicado en Mendoza est\u00e1 desaparecido desde el lunes en el cerro El Plata, en la Cordillera de los Andes, donde se perdi\u00f3 haciendo andinismo. Se trata de Fernando Reto Reynal, de 44 a\u00f1os, un andinista con experiencia que parti\u00f3 con su compa\u00f1ero Samuel Solanilla hacia el cerro El Plata, a 5.956 metros [&hellip;]<\/p>\n","protected":false},"author":1,"featured_media":4171,"comment_status":"open","ping_status":"open","sticky":false,"template":"","format":"standard","meta":{"footnotes":""},"categories":[2],"tags":[1242,5588,6235,642,495,88,6236,1315,73],"class_list":["post-4170","post","type-post","status-publish","format-standard","has-post-thumbnail","hentry","category-ultimas-noticias","tag-abogado","tag-busqueda","tag-desesperada","tag-mendoza","tag-montana","tag-perdio","tag-porteno","tag-reconocido","tag-una"],"_links":{"self":[{"href":"https:\/\/13.com.ar\/index.php\/wp-json\/wp\/v2\/posts\/4170","targetHints":{"allow":["GET"]}}],"collection":[{"href":"https:\/\/13.com.ar\/index.php\/wp-json\/wp\/v2\/posts"}],"about":[{"href":"https:\/\/13.com.ar\/index.php\/wp-json\/wp\/v2\/types\/post"}],"author":[{"embeddable":true,"href":"https:\/\/13.com.ar\/index.php\/wp-json\/wp\/v2\/users\/1"}],"replies":[{"embeddable":true,"href":"https:\/\/13.com.ar\/index.php\/wp-json\/wp\/v2\/comments?post=4170"}],"version-history":[{"count":0,"href":"https:\/\/13.com.ar\/index.php\/wp-json\/wp\/v2\/posts\/4170\/revisions"}],"wp:featuredmedia":[{"embeddable":true,"href":"https:\/\/13.com.ar\/index.php\/wp-json\/wp\/v2\/media\/4171"}],"wp:attachment":[{"href":"https:\/\/13.com.ar\/index.php\/wp-json\/wp\/v2\/media?parent=4170"}],"wp:term":[{"taxonomy":"category","embeddable":true,"href":"https:\/\/13.com.ar\/index.php\/wp-json\/wp\/v2\/categories?post=4170"},{"taxonomy":"post_tag","embeddable":true,"href":"https:\/\/13.com.ar\/index.php\/wp-json\/wp\/v2\/tags?post=4170"}],"curies":[{"name":"wp","href":"https:\/\/api.w.org\/{rel}","templated":true}]}}