{"id":4153,"date":"2025-02-12T09:29:40","date_gmt":"2025-02-12T12:29:40","guid":{"rendered":"https:\/\/13.com.ar\/index.php\/el-papa-se-recupera-lentamente-de-su-bronquitis-y-otra-vez-llama-a-frenar-las-guerras\/"},"modified":"2025-02-12T09:29:40","modified_gmt":"2025-02-12T12:29:40","slug":"el-papa-se-recupera-lentamente-de-su-bronquitis-y-otra-vez-llama-a-frenar-las-guerras","status":"publish","type":"post","link":"https:\/\/13.com.ar\/index.php\/el-papa-se-recupera-lentamente-de-su-bronquitis-y-otra-vez-llama-a-frenar-las-guerras\/","title":{"rendered":"El Papa se recupera lentamente de su bronquitis y otra vez llama a frenar las guerras"},"content":{"rendered":"<p> <br \/>\n<\/p>\n<div id=\"cuerpo\">\n<div class=\"sc-80531b6b-0 chRIGJ container-text text-embed\">\n<p>Favorecido visiblemente por dos d\u00edas de reposo en la Casa de Santa Marta, el hotel vaticano donde se aloja, el<strong> Papa<\/strong> se recuper\u00f3 en parte del ataque de bronquitis que impresion\u00f3 a la multitud de 30 mil militares que lo escuch\u00f3 y vio el domingo en la plaza de San Pedro.<\/p>\n<\/div>\n<div class=\"sc-80531b6b-0 chRIGJ container-text text-embed\">\n<p>La audiencia general de los mi\u00e9rcoles fue trasladada esta semana para reparar al pont\u00edfice argentino de los fr\u00edos y los vientos del invierno romano y Francisco intervino varias veces, pero sin leer la catequesis, el discurso m\u00e1s largo, que pas\u00f3 a un ayudante en la gran sala de las audiencias generales, repleta de fieles que lo aclamaban con entusiasmo.<\/p>\n<\/div>\n<div class=\"sc-80531b6b-0 chRIGJ container-text text-embed\">\n<p>En los saludos en varias lenguas, el Papa habl\u00f3 personalmente a los fieles de lengua espa\u00f1ola e italiana.<\/p>\n<\/div>\n<div class=\"sc-80531b6b-0 chRIGJ container-text text-embed\">\n<p>A fines de la audencia genera<strong>l volvi\u00f3 a lanzar su llamado a que los fieles hagan \u201cde todo\u201d para que cesen violencias y conflictos<\/strong>.<\/p>\n<\/div>\n<div class=\"sc-80531b6b-0 chRIGJ container-text text-embed\">\n<p>Pidi\u00f3 a los cat\u00f3licos de todo el mundo rezar por la paz y \u201chacer penitencia por la paz\u201d.<\/p>\n<\/div>\n<div class=\"sc-198be8ec-0 cynXbu image-embed  image-embed \"><picture class=\"sc-198be8ec-1 kOjRiQ\"><source media=\"(min-width: 975px)\" width=\"720\" height=\"480\" \/><img alt=\"El Papa saluda a la multitud tras la Audiencia General, que este mi\u00e9rcoles se hizo bajo techo para protegerlo del fr\u00edo. Foto: AP  \" loading=\"lazy\" width=\"720\" height=\"480\" decoding=\"async\" data-nimg=\"1\" style=\"color:transparent\" src=\"https:\/\/13.com.ar\/wp-content\/uploads\/2025\/02\/El-Papa-se-recupera-lentamente-de-su-bronquitis-y-otra.jpg\"\/><span class=\"epigraphe\">El Papa saluda a la multitud tras la Audiencia General, que este mi\u00e9rcoles se hizo bajo techo para protegerlo del fr\u00edo. Foto: AP  <\/span><span class=\"bkg\"\/><span class=\"picture-open\"><button class=\"open-image\" aria-label=\"Open Image\"\/><\/span><\/picture><\/div>\n<p><h2>Sin tos, pero todav\u00eda fr\u00e1gil<\/h2>\n<\/p>\n<div class=\"sc-80531b6b-0 chRIGJ container-text text-embed\">\n<p>Francisco durante toda la audiencia se sent\u00eda llamado por la multitud en la gigantesca sala de audiencias y devolvi\u00f3 los saludos con ambos manos. No se lo vio toser en ning\u00fan momento.<\/p>\n<\/div>\n<div class=\"sc-80531b6b-0 chRIGJ container-text text-embed\">\n<p>El domingo hab\u00eda sufrido debido a la bronquitis un \u201chambre de aire\u201d que lo oblig\u00f3 a renunciar a la lectura de la homil\u00eda que estaba leyendo a treinta mil militares de todo el mundo reunidos en la plaza de San Pedro.<\/p>\n<\/div>\n<div class=\"sc-80531b6b-0 chRIGJ container-text text-embed\">\n<p>En el llamado final de la audiencia de este mi\u00e9rcoles, el Papa ley\u00f3 con voz firme su mensaje de paz. \u201cNo hemos nacido para matar sino para hacer crecer a los pueblos para que encuentren los caminos de paz&#8221;.<\/p>\n<\/div>\n<div class=\"sc-80531b6b-0 chRIGJ container-text text-embed\">\n<p>Francisco dijo que en el mundo de hoy &#8220;aparecen siempre m\u00e1s fr\u00e1giles treguas y negociaciones y la \u00fanica certidumbre para ser el ruido de las armas\u201d.<\/p>\n<\/div>\n<div class=\"sc-80531b6b-0 chRIGJ container-text text-embed\">\n<p>\u201cHermanos, hermanas. Oremos por la paz, hagamos todo por la paz. No olvidemos que la guerra es una derrota, siempre\u201d, remarc\u00f3.<\/p>\n<\/div>\n<div class=\"sc-80531b6b-0 chRIGJ container-text text-embed\">\n<p>&#8220;Pienso a tantos pa\u00edses que est\u00e1n en guerra. Hermanos, hermanas, oremos por la paz, hagamos todo por la paz&#8221;, prosigui\u00f3 Francisco.<\/p>\n<\/div>\n<div class=\"sc-80531b6b-0 chRIGJ container-text text-embed\">\n<p>El Papa evoc\u00f3 como hace siempre los pa\u00edses castigados. \u201cLa martirizada Ucrainia&#8230;\u00a1Cu\u00e1nto sufre!\u201d. Hizo una pausa y agreg\u00f3. \u201cPiensen en Palestina e Israel, en Myamar, el Nord Kiwu, Sudan del Sur \u00a1Tantos pa\u00edses en guerra\u201d. Francisco considera que tantos conflictos demuestran que est\u00e1 en curso \u201cuna guerra mundial por pedazos\u201d.<\/p>\n<\/div>\n<div class=\"sc-198be8ec-0 cynXbu image-embed  image-embed \"><picture class=\"sc-198be8ec-1 kOjRiQ\"><source media=\"(min-width: 975px)\" width=\"720\" height=\"480\" \/><img alt=\"La salud del Papa Francisco, de 88 a\u00f1os, vuelve a encender alarmas en el Vaticano. Foto: REUTERS \" loading=\"lazy\" width=\"720\" height=\"480\" decoding=\"async\" data-nimg=\"1\" style=\"color:transparent\" src=\"https:\/\/13.com.ar\/wp-content\/uploads\/2025\/02\/1739363380_841_El-Papa-se-recupera-lentamente-de-su-bronquitis-y-otra.jpg\"\/><span class=\"epigraphe\">La salud del Papa Francisco, de 88 a\u00f1os, vuelve a encender alarmas en el Vaticano. Foto: REUTERS <\/span><span class=\"bkg\"\/><span class=\"picture-open\"><button class=\"open-image\" aria-label=\"Open Image\"\/><\/span><\/picture><\/div>\n<div class=\"sc-80531b6b-0 chRIGJ container-text text-embed\">\n<p>Jorge Bergolio pidi\u00f3:  \u201cHagamos peitencia por la paz\u201d.<\/p>\n<\/div>\n<div class=\"sc-80531b6b-0 chRIGJ container-text text-embed\">\n<p><strong>Respir\u00e1ndo con dificultad <\/strong>debido a la bronquitis , el Papa dijo durante el saludo a los fieles, que pidan a Dios mantener el coraz\u00f3n de cada uno \u201chumilde y abierto\u201d para escuchar \u201cel grito de nuestros hermanos\u201d y \u201csaber recoocer su presencia en las debilidades y en las heridas del mundo\u201d.<\/p>\n<\/div>\n<div class=\"sc-80531b6b-0 chRIGJ container-text text-embed\">\n<p>A los peregrinos polacos les lanz\u00f3 un llamado \u201ca ver a Jes\u00fas en qui\u00e9n que lucha en el abandono y en las circunstancias dif\u00edciles.\u201d<\/p>\n<\/div>\n<div class=\"sc-80531b6b-0 chRIGJ container-text text-embed\">\n<p>El buen resultado del descansado del lunes y martes que le permiti\u00f3 prepararse fisicamente para la audiencia general de este mi\u00e9rcoles en un espacio cerrado al reparo del invierno romano, demuestra que <strong>el exceso de trabajo es el peor adversario para el anciano pont\u00edfice de 88 a\u00f1os<\/strong>. <\/p>\n<\/div>\n<div class=\"sc-80531b6b-0 chRIGJ container-text text-embed\">\n<p>En 2023 debi\u00f3 ser internado tres d\u00edas por un ataque de bronquitis. Desde entonces, puntualmente todos los inviernos se repiten los problemas, agravados por la edad y los achaques.<\/p>\n<\/div>\n<\/div>\n<p><br \/>\n<br \/><a href=\"https:\/\/www.clarin.com\/mundo\/papa-recupera-lentamente-bronquitis-vez-llama-frenar-guerras_0_tCE4F1JBmV.html\">Fuente Clarin.com <\/a><\/p>\n","protected":false},"excerpt":{"rendered":"<p>Favorecido visiblemente por dos d\u00edas de reposo en la Casa de Santa Marta, el hotel vaticano donde se aloja, el Papa se recuper\u00f3 en parte del ataque de bronquitis que impresion\u00f3 a la multitud de 30 mil militares que lo escuch\u00f3 y vio el domingo en la plaza de San Pedro. La audiencia general de [&hellip;]<\/p>\n","protected":false},"author":1,"featured_media":4154,"comment_status":"open","ping_status":"open","sticky":false,"template":"","format":"standard","meta":{"footnotes":""},"categories":[2],"tags":[4820,1651,6221,48,6220,3192,305,2919,124,111],"class_list":["post-4153","post","type-post","status-publish","format-standard","has-post-thumbnail","hentry","category-ultimas-noticias","tag-bronquitis","tag-frenar","tag-guerras","tag-las","tag-lentamente","tag-llama","tag-otra","tag-papa","tag-recupera","tag-vez"],"_links":{"self":[{"href":"https:\/\/13.com.ar\/index.php\/wp-json\/wp\/v2\/posts\/4153","targetHints":{"allow":["GET"]}}],"collection":[{"href":"https:\/\/13.com.ar\/index.php\/wp-json\/wp\/v2\/posts"}],"about":[{"href":"https:\/\/13.com.ar\/index.php\/wp-json\/wp\/v2\/types\/post"}],"author":[{"embeddable":true,"href":"https:\/\/13.com.ar\/index.php\/wp-json\/wp\/v2\/users\/1"}],"replies":[{"embeddable":true,"href":"https:\/\/13.com.ar\/index.php\/wp-json\/wp\/v2\/comments?post=4153"}],"version-history":[{"count":0,"href":"https:\/\/13.com.ar\/index.php\/wp-json\/wp\/v2\/posts\/4153\/revisions"}],"wp:featuredmedia":[{"embeddable":true,"href":"https:\/\/13.com.ar\/index.php\/wp-json\/wp\/v2\/media\/4154"}],"wp:attachment":[{"href":"https:\/\/13.com.ar\/index.php\/wp-json\/wp\/v2\/media?parent=4153"}],"wp:term":[{"taxonomy":"category","embeddable":true,"href":"https:\/\/13.com.ar\/index.php\/wp-json\/wp\/v2\/categories?post=4153"},{"taxonomy":"post_tag","embeddable":true,"href":"https:\/\/13.com.ar\/index.php\/wp-json\/wp\/v2\/tags?post=4153"}],"curies":[{"name":"wp","href":"https:\/\/api.w.org\/{rel}","templated":true}]}}