{"id":4136,"date":"2025-02-12T08:24:30","date_gmt":"2025-02-12T11:24:30","guid":{"rendered":"https:\/\/13.com.ar\/index.php\/estos-son-los-precios-de-los-autos-marca-por-marca-en-febrero-de-2025\/"},"modified":"2025-02-12T08:24:30","modified_gmt":"2025-02-12T11:24:30","slug":"estos-son-los-precios-de-los-autos-marca-por-marca-en-febrero-de-2025","status":"publish","type":"post","link":"https:\/\/13.com.ar\/index.php\/estos-son-los-precios-de-los-autos-marca-por-marca-en-febrero-de-2025\/","title":{"rendered":"estos son los precios de los autos marca por marca en febrero de 2025"},"content":{"rendered":"<p> <br \/>\n<br \/><img decoding=\"async\" src=\"https:\/\/13.com.ar\/wp-content\/uploads\/2025\/02\/estos-son-los-precios-de-los-autos-marca-por-marca.jpg\" \/><\/p>\n<div>\n<p>El <strong>mercado automotor<\/strong> <strong>argentino<\/strong> inici\u00f3 febrero con un importante reacomodamiento en los <strong>valores de los veh\u00edculos<\/strong>, luego de la eliminaci\u00f3n del primer escal\u00f3n de <strong>impuestos internos<\/strong> dispuesta por el <strong>Gobierno Nacional<\/strong>. Esta decisi\u00f3n se enmarca dentro de un paquete de medidas destinadas a incentivar la <strong>compra de autos nuevos<\/strong> y <strong>aliviar la presi\u00f3n tributaria<\/strong> sobre el sector.<\/p>\n<\/div>\n<div>\n<p>Desde hace a\u00f1os, los <strong>impuestos internos<\/strong> son un factor determinante en la <strong>evoluci\u00f3n de los precios de los veh\u00edculos<\/strong>, afectando principalmente a <strong>modelos de alta gama e importados<\/strong>. Con la reciente <strong>quita impositiva<\/strong>, se gener\u00f3 una reducci\u00f3n de costos que impacta directamente en el <strong>precio final al p\u00fablico<\/strong>, lo que representa una oportunidad para aquellos consumidores que estaban esperando una baja en los valores antes de concretar su <strong>compra<\/strong>.<\/p>\n<\/div>\n<div>\n<p>A continuaci\u00f3n, se detallan los precios actualizados de <strong>distintos modelos de cada marca<\/strong>, reflejando el nuevo panorama del <strong>mercado automotor argentino<\/strong>.<\/p>\n<\/div>\n<div>\n<p>Las <strong>marcas<\/strong> reaccionaron de manera diversa a la baja impositiva. Algunas, como <strong>Ford<\/strong> y <strong>Toyota<\/strong>, aplicaron reducciones directas sobre los modelos que estaban alcanzados por la tributaci\u00f3n, mientras que otras, como <strong>Nissan<\/strong> y <strong>Honda<\/strong>, ajustaron los valores de sus <strong>SUV<\/strong> y <strong>modelos h\u00edbridos<\/strong>. En el caso de <strong>Chevrolet<\/strong> y <strong>Renault<\/strong>, la actualizaci\u00f3n de precios tambi\u00e9n afect\u00f3 a sus pick-ups y autos m\u00e1s vendidos.<\/p>\n<\/div>\n<div>\n<p>Adem\u00e1s, la <strong>medida<\/strong> gener\u00f3 un reacomodamiento en la estrategia comercial de cada compa\u00f1\u00eda. Muchas automotrices decidieron compensar a sus <strong>concesionarios<\/strong> por los veh\u00edculos adquiridos previamente a un costo mayor, mientras que otras optaron por absorber parte del impacto para mantener la competitividad de sus <strong>modelos<\/strong>.<\/p>\n<\/div>\n<div>\n<p>Con la <strong>quita de impuestos<\/strong>, algunas marcas aplicaron importantes reducciones en sus listas oficiales. Entre los modelos m\u00e1s representativos de cada automotriz, estos son los valores actualizados, seg\u00fan la lista de precios de cada marca:<\/p>\n<\/div>\n<p><br \/>\n<br \/><a href=\"https:\/\/www.clarin.com\/informacion-general\/impuestos-precios-autos-marca-marca-febrero-2025_0_URoPVZ0XM6.html\">Fuente Clarin.com <\/a><\/p>\n","protected":false},"excerpt":{"rendered":"<p>El mercado automotor argentino inici\u00f3 febrero con un importante reacomodamiento en los valores de los veh\u00edculos, luego de la eliminaci\u00f3n del primer escal\u00f3n de impuestos internos dispuesta por el Gobierno Nacional. Esta decisi\u00f3n se enmarca dentro de un paquete de medidas destinadas a incentivar la compra de autos nuevos y aliviar la presi\u00f3n tributaria sobre [&hellip;]<\/p>\n","protected":false},"author":1,"featured_media":4137,"comment_status":"open","ping_status":"open","sticky":false,"template":"","format":"standard","meta":{"footnotes":""},"categories":[2],"tags":[2320,1509,1823,28,1238,142,1064,406],"class_list":["post-4136","post","type-post","status-publish","format-standard","has-post-thumbnail","hentry","category-ultimas-noticias","tag-autos","tag-estos","tag-febrero","tag-los","tag-marca","tag-por","tag-precios","tag-son"],"_links":{"self":[{"href":"https:\/\/13.com.ar\/index.php\/wp-json\/wp\/v2\/posts\/4136","targetHints":{"allow":["GET"]}}],"collection":[{"href":"https:\/\/13.com.ar\/index.php\/wp-json\/wp\/v2\/posts"}],"about":[{"href":"https:\/\/13.com.ar\/index.php\/wp-json\/wp\/v2\/types\/post"}],"author":[{"embeddable":true,"href":"https:\/\/13.com.ar\/index.php\/wp-json\/wp\/v2\/users\/1"}],"replies":[{"embeddable":true,"href":"https:\/\/13.com.ar\/index.php\/wp-json\/wp\/v2\/comments?post=4136"}],"version-history":[{"count":0,"href":"https:\/\/13.com.ar\/index.php\/wp-json\/wp\/v2\/posts\/4136\/revisions"}],"wp:featuredmedia":[{"embeddable":true,"href":"https:\/\/13.com.ar\/index.php\/wp-json\/wp\/v2\/media\/4137"}],"wp:attachment":[{"href":"https:\/\/13.com.ar\/index.php\/wp-json\/wp\/v2\/media?parent=4136"}],"wp:term":[{"taxonomy":"category","embeddable":true,"href":"https:\/\/13.com.ar\/index.php\/wp-json\/wp\/v2\/categories?post=4136"},{"taxonomy":"post_tag","embeddable":true,"href":"https:\/\/13.com.ar\/index.php\/wp-json\/wp\/v2\/tags?post=4136"}],"curies":[{"name":"wp","href":"https:\/\/api.w.org\/{rel}","templated":true}]}}