{"id":4134,"date":"2025-02-12T08:09:31","date_gmt":"2025-02-12T11:09:31","guid":{"rendered":"https:\/\/13.com.ar\/index.php\/naturaleza-sabores-y-festivales-para-disfrutar-al-maximo\/"},"modified":"2025-02-12T08:09:31","modified_gmt":"2025-02-12T11:09:31","slug":"naturaleza-sabores-y-festivales-para-disfrutar-al-maximo","status":"publish","type":"post","link":"https:\/\/13.com.ar\/index.php\/naturaleza-sabores-y-festivales-para-disfrutar-al-maximo\/","title":{"rendered":"naturaleza, sabores y festivales para disfrutar al m\u00e1ximo"},"content":{"rendered":"<p> <br \/>\n<\/p>\n<div id=\"cuerpo\">\n<div class=\"sc-80531b6b-0 chRIGJ container-text text-embed\">\n<p><strong>Brand Studio para Agencia C\u00f3rdoba Turismo   <\/strong><\/p>\n<\/div>\n<div class=\"sc-80531b6b-0 chRIGJ container-text text-embed\">\n<p>Cuando el verano llega a Argentina, la <strong>provincia de C\u00f3rdoba se convierte en uno de los destinos m\u00e1s atractivos del pa\u00eds<\/strong>. Con una combinaci\u00f3n perfecta de paisajes naturales, una oferta gastron\u00f3mica excepcional y una cartelera repleta de festivales y eventos, C\u00f3rdoba invita a los viajeros a vivir experiencias inolvidables.<\/p>\n<\/div>\n<p><h2>Turismo de naturaleza: aventura y relax<\/h2>\n<\/p>\n<div class=\"sc-198be8ec-0 cynXbu image-embed  image-embed \"><picture class=\"sc-198be8ec-1 kOjRiQ\"><source media=\"(min-width: 975px)\" width=\"720\" height=\"480\" \/><img alt=\"C\u00f3rdoba tiene una combinaci\u00f3n perfecta de paisajes naturales.\" loading=\"lazy\" width=\"720\" height=\"480\" decoding=\"async\" data-nimg=\"1\" style=\"color:transparent\" src=\"https:\/\/13.com.ar\/wp-content\/uploads\/2025\/02\/naturaleza-sabores-y-festivales-para-disfrutar-al-maximo.jpg\"\/><span class=\"epigraphe\">C\u00f3rdoba tiene una combinaci\u00f3n perfecta de paisajes naturales.<\/span><span class=\"bkg\"\/><span class=\"picture-open\"><button class=\"open-image\" aria-label=\"Open Image\"\/><\/span><\/picture><\/div>\n<div class=\"sc-80531b6b-0 chRIGJ container-text text-embed\">\n<p>Las sierras cordobesas, con sus r\u00edos, arroyos y lagos, ofrecen el escenario ideal para quienes buscan conectar con la naturaleza. Para los amantes del ecoturismo, la provincia cuenta con parques nacionales y reservas naturales donde <strong>es posible practicar trekking, senderismo y cicloturismo.<\/strong><\/p>\n<\/div>\n<div class=\"sc-80531b6b-0 chRIGJ container-text text-embed\">\n<p>Una de las propuestas m\u00e1s originales es el <strong>astroturismo, una experiencia que permite admirar el cielo estrellado en lugares alejados de la contaminaci\u00f3n lum\u00ednica<\/strong>. La regi\u00f3n de Traslasierra, por ejemplo, se ha convertido en un punto de referencia para quienes desean observar el firmamento en su esplendor. <\/p>\n<\/div>\n<div class=\"sc-198be8ec-0 cynXbu image-embed  image-embed \"><picture class=\"sc-198be8ec-1 kOjRiQ\"><source media=\"(min-width: 975px)\" width=\"720\" height=\"480\" \/><img alt=\"Astroturismo: una experiencia que permite admirar el cielo estrellado. \" loading=\"lazy\" width=\"720\" height=\"480\" decoding=\"async\" data-nimg=\"1\" style=\"color:transparent\" src=\"https:\/\/13.com.ar\/wp-content\/uploads\/2025\/02\/1739358571_504_naturaleza-sabores-y-festivales-para-disfrutar-al-maximo.jpg\"\/><span class=\"epigraphe\">Astroturismo: una experiencia que permite admirar el cielo estrellado. <\/span><span class=\"bkg\"\/><span class=\"picture-open\"><button class=\"open-image\" aria-label=\"Open Image\"\/><\/span><\/picture><\/div>\n<div class=\"sc-80531b6b-0 chRIGJ container-text text-embed\">\n<p>Por otro lado, quienes buscan emociones m\u00e1s intensas pueden optar por actividades como cabalgatas, rafting, parapente o escalada, deportes que permiten disfrutar la geograf\u00eda serrana de una manera diferente.<\/p>\n<\/div>\n<p><h2>Sabores de C\u00f3rdoba: un viaje por la gastronom\u00eda local<\/h2>\n<\/p>\n<div class=\"sc-80531b6b-0 chRIGJ container-text text-embed\">\n<p><strong>La gastronom\u00eda cordobesa es otro de los grandes atractivos<\/strong> de la provincia. Durante el verano, los turistas pueden recorrer los Caminos del Vino, una ruta que conecta bodegas con producciones de alta calidad. Tambi\u00e9n se destacan los circuitos del queso, la miel y el olivo, que permiten conocer de cerca el proceso de elaboraci\u00f3n de estos productos y, por supuesto, degustarlos.<\/p>\n<\/div>\n<div class=\"sc-198be8ec-0 cynXbu image-embed  image-embed \"><picture class=\"sc-198be8ec-1 kOjRiQ\"><source media=\"(min-width: 975px)\" width=\"720\" height=\"480\" \/><img alt=\"C\u00f3rdoba cuenta con una oferta gastron\u00f3mica excepcional. \" loading=\"lazy\" width=\"720\" height=\"480\" decoding=\"async\" data-nimg=\"1\" style=\"color:transparent\" src=\"https:\/\/13.com.ar\/wp-content\/uploads\/2025\/02\/1739358571_161_naturaleza-sabores-y-festivales-para-disfrutar-al-maximo.jpg\"\/><span class=\"epigraphe\">C\u00f3rdoba cuenta con una oferta gastron\u00f3mica excepcional. <\/span><span class=\"bkg\"\/><span class=\"picture-open\"><button class=\"open-image\" aria-label=\"Open Image\"\/><\/span><\/picture><\/div>\n<div class=\"sc-80531b6b-0 chRIGJ container-text text-embed\">\n<p>Entre los platos tradicionales, la <strong>&#8220;cazuela serrana&#8221;, el &#8220;cabrito a la llama&#8221; y las famosas &#8220;empanadas cordobesas&#8221; son infaltables en la mesa<\/strong>. Para el postre, nada mejor que un cl\u00e1sico &#8220;alfajor cordob\u00e9s&#8221; o una porci\u00f3n de &#8220;arrope de cha\u00f1ar&#8221;, dos delicias que reflejan la identidad culinaria de la regi\u00f3n.<\/p>\n<\/div>\n<p><h2>Fiestas y festivales: el alma festiva de C\u00f3rdoba<\/h2>\n<\/p>\n<div class=\"sc-80531b6b-0 chRIGJ container-text text-embed\">\n<p>El verano en C\u00f3rdoba no ser\u00eda el mismo sin sus festivales. <strong>Desde diciembre hasta febrero, la provincia se llena de eventos que celebran la m\u00fasica, la danza y las tradiciones populares.<\/strong><\/p>\n<\/div>\n<div class=\"sc-198be8ec-0 cynXbu image-embed  image-embed \"><picture class=\"sc-198be8ec-1 kOjRiQ\"><source media=\"(min-width: 975px)\" width=\"720\" height=\"480\" \/><img alt=\"En el verano C\u00f3rdoba se llena de eventos que celebran la m\u00fasica, la danza y las tradiciones populares.\" loading=\"lazy\" width=\"720\" height=\"480\" decoding=\"async\" data-nimg=\"1\" style=\"color:transparent\" src=\"https:\/\/13.com.ar\/wp-content\/uploads\/2025\/02\/1739358571_564_naturaleza-sabores-y-festivales-para-disfrutar-al-maximo.jpg\"\/><span class=\"epigraphe\">En el verano C\u00f3rdoba se llena de eventos que celebran la m\u00fasica, la danza y las tradiciones populares.<\/span><span class=\"bkg\"\/><span class=\"picture-open\"><button class=\"open-image\" aria-label=\"Open Image\"\/><\/span><\/picture><\/div>\n<div class=\"sc-80531b6b-0 chRIGJ container-text text-embed\">\n<p>Uno de los m\u00e1s emblem\u00e1ticos es el <strong>Festival Nacional de Folklore de Cosqu\u00edn<\/strong>, que re\u00fane a los principales exponentes de la m\u00fasica tradicional argentina. Tambi\u00e9n se destacan el <strong>Festival de Doma y Folklore de Jes\u00fas Mar\u00eda, el Encuentro de Colectividades de Alta Gracia y el Festival Nacional del Cuarteto<\/strong>, que rinde homenaje al g\u00e9nero m\u00e1s popular de la regi\u00f3n.<\/p>\n<\/div>\n<div class=\"sc-80531b6b-0 chRIGJ container-text text-embed\">\n<p>Estos eventos no solo ofrecen espect\u00e1culos de primer nivel, sino que tambi\u00e9n son una oportunidad para degustar platos t\u00edpicos, disfrutar de ferias de artesanos y sumergirse en la cultura local.<\/p>\n<\/div>\n<p><h2>Camino de Santo Brochero: espiritualidad e historia<\/h2>\n<\/p>\n<div class=\"sc-198be8ec-0 cynXbu image-embed  image-embed \"><picture class=\"sc-198be8ec-1 kOjRiQ\"><source media=\"(min-width: 975px)\" width=\"720\" height=\"480\" \/><img alt=\"El Camino de Brochero, una propuesta tur\u00edstica y cultural para evocar al santo cordob\u00e9s.\" loading=\"lazy\" width=\"720\" height=\"480\" decoding=\"async\" data-nimg=\"1\" style=\"color:transparent\" src=\"https:\/\/13.com.ar\/wp-content\/uploads\/2025\/02\/1739358571_210_naturaleza-sabores-y-festivales-para-disfrutar-al-maximo.jpg\"\/><span class=\"epigraphe\">El Camino de Brochero, una propuesta tur\u00edstica y cultural para evocar al santo cordob\u00e9s.<\/span><span class=\"bkg\"\/><span class=\"picture-open\"><button class=\"open-image\" aria-label=\"Open Image\"\/><\/span><\/picture><\/div>\n<div class=\"sc-80531b6b-0 chRIGJ container-text text-embed\">\n<p>Para quienes buscan una experiencia diferente, <strong>el Camino de Santo Brochero es una propuesta imperdible<\/strong>. Este recorrido sigue los pasos de Jos\u00e9 Gabriel del Rosario Brochero, el primer santo argentino, y atraviesa parajes de gran belleza natural.<\/p>\n<\/div>\n<div class=\"sc-80531b6b-0 chRIGJ container-text text-embed\">\n<p>El camino es ideal para quienes desean combinar turismo, espiritualidad y cultura. A lo largo del trayecto, <strong>los visitantes pueden conocer iglesias hist\u00f3ricas, capillas rurales y sitios vinculados a la vida del &#8220;Cura Gaucho&#8221;<\/strong>, como se lo conoce popularmente.<\/p>\n<\/div>\n<p><h2>Un destino para todos los gustos<\/h2>\n<\/p>\n<div class=\"sc-198be8ec-0 cynXbu image-embed  image-embed \"><picture class=\"sc-198be8ec-1 kOjRiQ\"><source media=\"(min-width: 975px)\" width=\"720\" height=\"480\" \/><img alt=\"C\u00f3rdoba tiene las mejores postales para disfrutar el verano al m\u00e1ximo.\" loading=\"lazy\" width=\"720\" height=\"480\" decoding=\"async\" data-nimg=\"1\" style=\"color:transparent\" src=\"https:\/\/13.com.ar\/wp-content\/uploads\/2025\/02\/1739358571_553_naturaleza-sabores-y-festivales-para-disfrutar-al-maximo.jpg\"\/><span class=\"epigraphe\">C\u00f3rdoba tiene las mejores postales para disfrutar el verano al m\u00e1ximo.<\/span><span class=\"bkg\"\/><span class=\"picture-open\"><button class=\"open-image\" aria-label=\"Open Image\"\/><\/span><\/picture><\/div>\n<div class=\"sc-80531b6b-0 chRIGJ container-text text-embed\">\n<p>C\u00f3rdoba ofrece un sinf\u00edn de opciones para todos los viajeros, ya sea que busquen descanso, aventura, cultura o gastronom\u00eda. Con paisajes incomparables, una identidad culinaria marcada y una agenda de festivales vibrante, la provincia es el destino perfecto para disfrutar el verano al m\u00e1ximo.<\/p>\n<\/div>\n<div class=\"sc-80531b6b-0 chRIGJ container-text text-embed\">\n<p>Para m\u00e1s informaci\u00f3n sobre destinos y actividades, <strong>visit\u00e1 www.cordobaturismo.gov.ar.<\/strong><\/p>\n<\/div>\n<\/div>\n<p><br \/>\n<br \/><a href=\"https:\/\/www.clarin.com\/brandstudio\/cordoba-verano-naturaleza-sabores-festivales-disfrutar-maximo_0_wYR5oGF62w.html\">Fuente Clarin.com <\/a><\/p>\n","protected":false},"excerpt":{"rendered":"<p>Brand Studio para Agencia C\u00f3rdoba Turismo Cuando el verano llega a Argentina, la provincia de C\u00f3rdoba se convierte en uno de los destinos m\u00e1s atractivos del pa\u00eds. Con una combinaci\u00f3n perfecta de paisajes naturales, una oferta gastron\u00f3mica excepcional y una cartelera repleta de festivales y eventos, C\u00f3rdoba invita a los viajeros a vivir experiencias inolvidables. [&hellip;]<\/p>\n","protected":false},"author":1,"featured_media":4135,"comment_status":"open","ping_status":"open","sticky":false,"template":"","format":"standard","meta":{"footnotes":""},"categories":[2],"tags":[2493,2654,528,6200,16,5175],"class_list":["post-4134","post","type-post","status-publish","format-standard","has-post-thumbnail","hentry","category-ultimas-noticias","tag-disfrutar","tag-festivales","tag-maximo","tag-naturaleza","tag-para","tag-sabores"],"_links":{"self":[{"href":"https:\/\/13.com.ar\/index.php\/wp-json\/wp\/v2\/posts\/4134","targetHints":{"allow":["GET"]}}],"collection":[{"href":"https:\/\/13.com.ar\/index.php\/wp-json\/wp\/v2\/posts"}],"about":[{"href":"https:\/\/13.com.ar\/index.php\/wp-json\/wp\/v2\/types\/post"}],"author":[{"embeddable":true,"href":"https:\/\/13.com.ar\/index.php\/wp-json\/wp\/v2\/users\/1"}],"replies":[{"embeddable":true,"href":"https:\/\/13.com.ar\/index.php\/wp-json\/wp\/v2\/comments?post=4134"}],"version-history":[{"count":0,"href":"https:\/\/13.com.ar\/index.php\/wp-json\/wp\/v2\/posts\/4134\/revisions"}],"wp:featuredmedia":[{"embeddable":true,"href":"https:\/\/13.com.ar\/index.php\/wp-json\/wp\/v2\/media\/4135"}],"wp:attachment":[{"href":"https:\/\/13.com.ar\/index.php\/wp-json\/wp\/v2\/media?parent=4134"}],"wp:term":[{"taxonomy":"category","embeddable":true,"href":"https:\/\/13.com.ar\/index.php\/wp-json\/wp\/v2\/categories?post=4134"},{"taxonomy":"post_tag","embeddable":true,"href":"https:\/\/13.com.ar\/index.php\/wp-json\/wp\/v2\/tags?post=4134"}],"curies":[{"name":"wp","href":"https:\/\/api.w.org\/{rel}","templated":true}]}}