{"id":4132,"date":"2025-02-12T08:06:39","date_gmt":"2025-02-12T11:06:39","guid":{"rendered":"https:\/\/13.com.ar\/index.php\/la-sesion-por-ficha-limpia-que-impulsa-javier-milei-este-12-de-febrero\/"},"modified":"2025-02-12T08:06:39","modified_gmt":"2025-02-12T11:06:39","slug":"la-sesion-por-ficha-limpia-que-impulsa-javier-milei-este-12-de-febrero","status":"publish","type":"post","link":"https:\/\/13.com.ar\/index.php\/la-sesion-por-ficha-limpia-que-impulsa-javier-milei-este-12-de-febrero\/","title":{"rendered":"la sesi\u00f3n por Ficha Limpia que impulsa Javier Milei, este 12 de febrero"},"content":{"rendered":"<p> <br \/>\n<br \/><img decoding=\"async\" src=\"https:\/\/13.com.ar\/wp-content\/uploads\/2025\/02\/la-sesion-por-Ficha-Limpia-que-impulsa-Javier-Milei-este.jpg\" \/><\/p>\n<p><h2>El Gobierno busca un gui\u00f1o en Diputados para darle media sanci\u00f3n a Ficha Limpia<\/h2>\n<\/p>\n<div>\n<p>Desde las 10, la C\u00e1mara de Diputados trata este mi\u00e9rcoles el proyecto de Ficha Limpia en el cual el Gobierno de Javier Milei espera darle media sanci\u00f3n a la iniciativa que pondr\u00eda en jaque una eventual candidatura de Cristina Kirchner al impedir la presentaci\u00f3n para la elecci\u00f3n de cargos nacionales de quienes tengan condena en segunda instancia por delitos de corrupci\u00f3n.<\/p>\n<\/div>\n<div>\n<p>En una sesi\u00f3n que promete ser de alto voltaje, la Casa Rosada cedi\u00f3 a las presiones de los bloques dialoguistas y modific\u00f3 el texto original eliminando un p\u00e1rrafo que pod\u00eda volver a frustrar el tratamiento del proyecto, despu\u00e9s de dos intentos fallidos el a\u00f1o pasado. En el oficialismo hay optimismo de que tendr\u00e1n el n\u00famero de 129 diputados para el qu\u00f3rum y la mayor\u00eda absoluta que exige el reglamento por tratarse de una reforma electoral.<\/p>\n<\/div>\n<div>\n<p>Si bien la propuesta tiene los votos para avanzar en Diputados, en el Senado, el oficialismo admite que es dif\u00edcil que pueda aprobarla porque el peronismo, con 34 senadores, est\u00e1 a dos votos de bloquearla. Es que, por tratarse de una reforma electoral, se necesita de una mayor\u00eda calificada de 37 apoyos.<\/p>\n<\/div>\n<p><br \/>\n<br \/><a href=\"https:\/\/www.clarin.com\/politica\/javier-milei-ficha-limpia-diputados-vivo-oficialismo-busca-darle-media-sancion-proyecto-podria-complicar-cristina-kirchner_0_JNpVoYp45x.html\">Fuente Clarin.com <\/a><\/p>\n","protected":false},"excerpt":{"rendered":"<p>El Gobierno busca un gui\u00f1o en Diputados para darle media sanci\u00f3n a Ficha Limpia Desde las 10, la C\u00e1mara de Diputados trata este mi\u00e9rcoles el proyecto de Ficha Limpia en el cual el Gobierno de Javier Milei espera darle media sanci\u00f3n a la iniciativa que pondr\u00eda en jaque una eventual candidatura de Cristina Kirchner al [&hellip;]<\/p>\n","protected":false},"author":1,"featured_media":4133,"comment_status":"open","ping_status":"open","sticky":false,"template":"","format":"standard","meta":{"footnotes":""},"categories":[2],"tags":[139,1823,4236,4246,273,4237,77,142,4254],"class_list":["post-4132","post","type-post","status-publish","format-standard","has-post-thumbnail","hentry","category-ultimas-noticias","tag-este","tag-febrero","tag-ficha","tag-impulsa","tag-javier","tag-limpia","tag-milei","tag-por","tag-sesion"],"_links":{"self":[{"href":"https:\/\/13.com.ar\/index.php\/wp-json\/wp\/v2\/posts\/4132","targetHints":{"allow":["GET"]}}],"collection":[{"href":"https:\/\/13.com.ar\/index.php\/wp-json\/wp\/v2\/posts"}],"about":[{"href":"https:\/\/13.com.ar\/index.php\/wp-json\/wp\/v2\/types\/post"}],"author":[{"embeddable":true,"href":"https:\/\/13.com.ar\/index.php\/wp-json\/wp\/v2\/users\/1"}],"replies":[{"embeddable":true,"href":"https:\/\/13.com.ar\/index.php\/wp-json\/wp\/v2\/comments?post=4132"}],"version-history":[{"count":0,"href":"https:\/\/13.com.ar\/index.php\/wp-json\/wp\/v2\/posts\/4132\/revisions"}],"wp:featuredmedia":[{"embeddable":true,"href":"https:\/\/13.com.ar\/index.php\/wp-json\/wp\/v2\/media\/4133"}],"wp:attachment":[{"href":"https:\/\/13.com.ar\/index.php\/wp-json\/wp\/v2\/media?parent=4132"}],"wp:term":[{"taxonomy":"category","embeddable":true,"href":"https:\/\/13.com.ar\/index.php\/wp-json\/wp\/v2\/categories?post=4132"},{"taxonomy":"post_tag","embeddable":true,"href":"https:\/\/13.com.ar\/index.php\/wp-json\/wp\/v2\/tags?post=4132"}],"curies":[{"name":"wp","href":"https:\/\/api.w.org\/{rel}","templated":true}]}}