{"id":4122,"date":"2025-02-12T06:39:34","date_gmt":"2025-02-12T09:39:34","guid":{"rendered":"https:\/\/13.com.ar\/index.php\/los-misteriosos-afiches-de-cristina-kirchner-para-responder-al-desafio-de-axel-kicillof-en-el-pj\/"},"modified":"2025-02-12T06:39:34","modified_gmt":"2025-02-12T09:39:34","slug":"los-misteriosos-afiches-de-cristina-kirchner-para-responder-al-desafio-de-axel-kicillof-en-el-pj","status":"publish","type":"post","link":"https:\/\/13.com.ar\/index.php\/los-misteriosos-afiches-de-cristina-kirchner-para-responder-al-desafio-de-axel-kicillof-en-el-pj\/","title":{"rendered":"Los misteriosos afiches de Cristina Kirchner para responder al desaf\u00edo de Axel Kicillof en el PJ"},"content":{"rendered":"<p> <br \/>\n<br \/><img decoding=\"async\" src=\"https:\/\/13.com.ar\/wp-content\/uploads\/2025\/02\/Los-misteriosos-afiches-de-Cristina-Kirchner-para-responder-al-desafio.jpg\" \/><\/p>\n<div>\n<p>La disputa por el liderazgo en el peronismo en la previa de las definiciones electorales sum\u00f3 un <strong>cap\u00edtulo anal\u00f3gico con afiches callejeros <\/strong>en el centro porte\u00f1o. Hasta en ese formato se reflej\u00f3 la pulseada recurrente en el espacio luego de una derrota, con la discusi\u00f3n sobre si la jefatura de las \u00faltimas dos d\u00e9cadas seguir\u00e1 vigente o prevalecer\u00e1 la \u201crenovaci\u00f3n\u201d como figura para alumbrar una etapa con una conducci\u00f3n diferente.<\/p>\n<\/div>\n<div>\n<p><strong>\u201cCristina es presente\u201d<\/strong>, apareci\u00f3 como consigna en los afiches con la imagen de la presidenta del PJ y al pie el escudo peronista con la frase \u201cPrimero la Patria\u201d, el nombre de la lista con la que la ex mandataria se present\u00f3 a la contienda partidaria que al final no se concret\u00f3 por la falta de avales que la jueza Mar\u00eda Servini le endilg\u00f3 al armado d\u00edscolo del gobernador riojano Ricardo Quintela.<\/p>\n<\/div>\n<div>\n<p>El prop\u00f3sito de reafirmar la vigencia de Cristina Kirchner forma parte del <strong>duelo discursivo <\/strong>entre los dirigentes alineados con el Instituto Patria y los impulsores de una mayor centralidad de Axel Kicillof en este turno electoral y de cara a 2027, un enfrentamiento que tendr\u00e1 como uno de los mojones decisivos la resoluci\u00f3n del calendario electoral bonaerense, con el desdoblamiento del comicio provincial resistido por la titular del PJ.<\/p>\n<\/div>\n<div>\n<p><strong>\u201cEl futuro es con Axel\u201d<\/strong>, desafiaban los afiches en el conurbano y tambi\u00e9n en el centro porte\u00f1o hace unas semanas, en una movida armada por Daniel Men\u00e9ndez, subsecretario de Econom\u00eda Popular de la gobernaci\u00f3n bonaerense. Dirigentes del peronismo porte\u00f1o atribuyeron la r\u00e9plica cristinista a La C\u00e1mpora, aunque desde la organizaci\u00f3n conducida por M\u00e1ximo Kirchner lo negaron.<\/p>\n<\/div>\n<div>\n<p><strong>\u201c\u00bfQu\u00e9 argentino no quiere que Messi juegue? Tener a Cristina como candidata para nosotros es un activo\u201d<\/strong>, asegur\u00f3 este martes a El Destape el senador Mariano Recalde, presidente del PJ de la Ciudad. M\u00e1s all\u00e1 de la posibilidad concreta en la provincia de Buenos Aires en un momento hab\u00eda circulado la versi\u00f3n de que la ex mandataria analizaba postularse en la Ciudad, una hip\u00f3tesis desestimada por los referentes peronistas en el distrito.<\/p>\n<\/div>\n<div>\n<p>La discusi\u00f3n temporal y por la prevalencia en el liderazgo arranc\u00f3 hace un tiempo y hubo un discurso de Kicillof que aceler\u00f3 la confrontaci\u00f3n que seg\u00fan algunos referentes del espacio ser\u00e1 de dif\u00edcil resoluci\u00f3n m\u00e1s all\u00e1 de un eventual acuerdo puntual en el cierre electoral de este a\u00f1o. Fue en el acto por el D\u00eda de la Lealtad peronista, en Berisso.<\/p>\n<\/div>\n<div>\n<p><strong>\u201cLos mejores d\u00edas siempre fueron peronistas, los d\u00edas m\u00e1s felices fueron con Cristina y los d\u00edas mejores que se vienen tienen que estar en el futuro<\/strong>\u201d, plante\u00f3 aquella vez el gobernador, rodeado de intendentes y dirigentes enfrentados con La C\u00e1mpora que celebraron lo que consideraron una muestra de su intenci\u00f3n de encabezar un proyecto \u201csuperador\u201d del kirchnerismo.<\/p>\n<\/div>\n<div>\n<p>Para los referentes vinculados a la presidenta del PJ fue la confirmaci\u00f3n del quiebre que estaba en marcha &#8211;<strong>\u201cqued\u00f3 claro que la quiere jubilar\u201d<\/strong>, sentenciaron- y que se produndizar\u00eda en los meses siguientes. La relaci\u00f3n entre la ex presidenta y el mandatario bonaerense qued\u00f3 interrumpida, sin di\u00e1logo, y para muchos posiblemente sin retorno. <strong>\u201cEso ya est\u00e1 quebrado, por m\u00e1s que el peronismo se termine ordenando para esta elecci\u00f3n<\/strong>\u201d, descont\u00f3 un referente de trato cotidiano con Cristina. <strong>\u201cPat\u00e9tico\u201d<\/strong>, calificaron del lado de Kicillof la respuesta en formato de afiche.<\/p>\n<\/div>\n<p><br \/>\n<br \/><a href=\"https:\/\/www.clarin.com\/politica\/misteriosos-afiches-cristina-kirchner-responder-desafio-axel-kicillof-pj_0_DaGNpE46VM.html\">Fuente Clarin.com <\/a><\/p>\n","protected":false},"excerpt":{"rendered":"<p>La disputa por el liderazgo en el peronismo en la previa de las definiciones electorales sum\u00f3 un cap\u00edtulo anal\u00f3gico con afiches callejeros en el centro porte\u00f1o. Hasta en ese formato se reflej\u00f3 la pulseada recurrente en el espacio luego de una derrota, con la discusi\u00f3n sobre si la jefatura de las \u00faltimas dos d\u00e9cadas seguir\u00e1 [&hellip;]<\/p>\n","protected":false},"author":1,"featured_media":4123,"comment_status":"open","ping_status":"open","sticky":false,"template":"","format":"standard","meta":{"footnotes":""},"categories":[2],"tags":[4960,1687,497,559,488,1381,28,6189,16,162],"class_list":["post-4122","post","type-post","status-publish","format-standard","has-post-thumbnail","hentry","category-ultimas-noticias","tag-afiches","tag-axel","tag-cristina","tag-desafio","tag-kicillof","tag-kirchner","tag-los","tag-misteriosos","tag-para","tag-responder"],"_links":{"self":[{"href":"https:\/\/13.com.ar\/index.php\/wp-json\/wp\/v2\/posts\/4122","targetHints":{"allow":["GET"]}}],"collection":[{"href":"https:\/\/13.com.ar\/index.php\/wp-json\/wp\/v2\/posts"}],"about":[{"href":"https:\/\/13.com.ar\/index.php\/wp-json\/wp\/v2\/types\/post"}],"author":[{"embeddable":true,"href":"https:\/\/13.com.ar\/index.php\/wp-json\/wp\/v2\/users\/1"}],"replies":[{"embeddable":true,"href":"https:\/\/13.com.ar\/index.php\/wp-json\/wp\/v2\/comments?post=4122"}],"version-history":[{"count":0,"href":"https:\/\/13.com.ar\/index.php\/wp-json\/wp\/v2\/posts\/4122\/revisions"}],"wp:featuredmedia":[{"embeddable":true,"href":"https:\/\/13.com.ar\/index.php\/wp-json\/wp\/v2\/media\/4123"}],"wp:attachment":[{"href":"https:\/\/13.com.ar\/index.php\/wp-json\/wp\/v2\/media?parent=4122"}],"wp:term":[{"taxonomy":"category","embeddable":true,"href":"https:\/\/13.com.ar\/index.php\/wp-json\/wp\/v2\/categories?post=4122"},{"taxonomy":"post_tag","embeddable":true,"href":"https:\/\/13.com.ar\/index.php\/wp-json\/wp\/v2\/tags?post=4122"}],"curies":[{"name":"wp","href":"https:\/\/api.w.org\/{rel}","templated":true}]}}