{"id":4104,"date":"2025-02-12T06:06:29","date_gmt":"2025-02-12T09:06:29","guid":{"rendered":"https:\/\/13.com.ar\/index.php\/el-gobierno-transfirio-la-direccion-nacional-de-manejo-del-fuego-al-ministerio-de-seguridad-nacional\/"},"modified":"2025-02-12T06:06:29","modified_gmt":"2025-02-12T09:06:29","slug":"el-gobierno-transfirio-la-direccion-nacional-de-manejo-del-fuego-al-ministerio-de-seguridad-nacional","status":"publish","type":"post","link":"https:\/\/13.com.ar\/index.php\/el-gobierno-transfirio-la-direccion-nacional-de-manejo-del-fuego-al-ministerio-de-seguridad-nacional\/","title":{"rendered":"El Gobierno transfiri\u00f3 la Direcci\u00f3n Nacional de Manejo del Fuego al Ministerio de Seguridad Nacional"},"content":{"rendered":"<p> <br \/>\n<br \/><img decoding=\"async\" src=\"https:\/\/13.com.ar\/wp-content\/uploads\/2025\/02\/El-Gobierno-transfirio-la-Direccion-Nacional-de-Manejo-del-Fuego.jpg\" \/><\/p>\n<div>\n<p>El Gobierno transfiri\u00f3 este mi\u00e9rcoles la<strong> Direcci\u00f3n Nacional de Manejo del Fuego<\/strong> y sus unidades dependientes desde la Subsecretar\u00eda de Ambiente<strong> a la Secretar\u00eda de Articulaci\u00f3n Federal<\/strong> del Ministerio de Seguridad.<\/p>\n<\/div>\n<div>\n<p>La medida, tomada en el marco de los incendios que afectan a distintos puntos del pa\u00eds, principalmente en la Patagonia, fue oficializada por intermedio del <strong>Decreto 81\/2025<\/strong> que se public\u00f3 en la \u00faltima edici\u00f3n del <strong>Bolet\u00edn Oficial <\/strong>con las firmas de Javier Milei, Guillermo Francos y Patricia Bullrich.<\/p>\n<\/div>\n<div>\n<p>\u201cLa precitada transferencia comprende las unidades organizativas que le dependen a dicha Direcci\u00f3n Nacional, como as\u00ed tambi\u00e9n los cr\u00e9ditos presupuestarios, bienes, personal y dotaciones vigentes a la fecha y el personal con su actual situaci\u00f3n de revista y los Niveles de Funciones Ejecutivas previstos en el Decreto N\u00ba 2098 del 3 de diciembre de 2008\u201d, indica la normativa.<\/p>\n<\/div>\n<div>\n<p>Adem\u00e1s, se aclar\u00f3 que \u201cdesde el dictado del Decreto N\u00b0 1136\/24 y hasta tanto se efect\u00faen las adecuaciones presupuestarias correspondientes, la administraci\u00f3n del Fondo Nacional del Manejo del Fuego continuar\u00e1 a cargo del Servicio Administrativo Financiero correspondiente de la Jefatura de Gabinete de Ministros, el que brindar\u00e1 el soporte administrativo y financiero al Servicio Nacional de Manejo del Fuego conforme las instrucciones que imparta el Ministerio de Seguridad Nacional en su calidad de Autoridad de Aplicaci\u00f3n de la Ley N\u00b0 26.815\u201d.<\/p>\n<\/div>\n<div>\n<p>De esta manera, la Direcci\u00f3n Nacional de Manejo del Fuego pasar\u00e1 a depender directamente de la Subsecretar\u00eda de Apoyo Federal a Emergencias.<\/p>\n<\/div>\n<div>\n<p>As\u00ed, se sigui\u00f3 en la misma l\u00ednea que se inici\u00f3 a fines de diciembre, cuando a trav\u00e9s del decreto 1136\/2024 se decidi\u00f3 el traspaso de la gesti\u00f3n del Servicio Nacional del Manejo del Fuego al Ministerio de Seguridad.<\/p>\n<\/div>\n<p><br \/>\n<br \/><a href=\"https:\/\/www.clarin.com\/politica\/gobierno-transfirio-direccion-nacional-manejo-fuego-ministerio-seguridad-nacional_0_uUTyFEALr9.html\">Fuente Clarin.com <\/a><\/p>\n","protected":false},"excerpt":{"rendered":"<p>El Gobierno transfiri\u00f3 este mi\u00e9rcoles la Direcci\u00f3n Nacional de Manejo del Fuego y sus unidades dependientes desde la Subsecretar\u00eda de Ambiente a la Secretar\u00eda de Articulaci\u00f3n Federal del Ministerio de Seguridad. La medida, tomada en el marco de los incendios que afectan a distintos puntos del pa\u00eds, principalmente en la Patagonia, fue oficializada por intermedio [&hellip;]<\/p>\n","protected":false},"author":1,"featured_media":4105,"comment_status":"open","ping_status":"open","sticky":false,"template":"","format":"standard","meta":{"footnotes":""},"categories":[2],"tags":[100,6163,853,71,6164,6165,2349,316,6162],"class_list":["post-4104","post","type-post","status-publish","format-standard","has-post-thumbnail","hentry","category-ultimas-noticias","tag-del","tag-direccion","tag-fuego","tag-gobierno","tag-manejo","tag-ministerio","tag-nacional","tag-seguridad","tag-transfirio"],"_links":{"self":[{"href":"https:\/\/13.com.ar\/index.php\/wp-json\/wp\/v2\/posts\/4104","targetHints":{"allow":["GET"]}}],"collection":[{"href":"https:\/\/13.com.ar\/index.php\/wp-json\/wp\/v2\/posts"}],"about":[{"href":"https:\/\/13.com.ar\/index.php\/wp-json\/wp\/v2\/types\/post"}],"author":[{"embeddable":true,"href":"https:\/\/13.com.ar\/index.php\/wp-json\/wp\/v2\/users\/1"}],"replies":[{"embeddable":true,"href":"https:\/\/13.com.ar\/index.php\/wp-json\/wp\/v2\/comments?post=4104"}],"version-history":[{"count":0,"href":"https:\/\/13.com.ar\/index.php\/wp-json\/wp\/v2\/posts\/4104\/revisions"}],"wp:featuredmedia":[{"embeddable":true,"href":"https:\/\/13.com.ar\/index.php\/wp-json\/wp\/v2\/media\/4105"}],"wp:attachment":[{"href":"https:\/\/13.com.ar\/index.php\/wp-json\/wp\/v2\/media?parent=4104"}],"wp:term":[{"taxonomy":"category","embeddable":true,"href":"https:\/\/13.com.ar\/index.php\/wp-json\/wp\/v2\/categories?post=4104"},{"taxonomy":"post_tag","embeddable":true,"href":"https:\/\/13.com.ar\/index.php\/wp-json\/wp\/v2\/tags?post=4104"}],"curies":[{"name":"wp","href":"https:\/\/api.w.org\/{rel}","templated":true}]}}