{"id":4102,"date":"2025-02-12T05:42:32","date_gmt":"2025-02-12T08:42:32","guid":{"rendered":"https:\/\/13.com.ar\/index.php\/propuestas-para-conocer-gente-cara-a-cara-en-tiempos-de-apps-de-citas\/"},"modified":"2025-02-12T05:42:32","modified_gmt":"2025-02-12T08:42:32","slug":"propuestas-para-conocer-gente-cara-a-cara-en-tiempos-de-apps-de-citas","status":"publish","type":"post","link":"https:\/\/13.com.ar\/index.php\/propuestas-para-conocer-gente-cara-a-cara-en-tiempos-de-apps-de-citas\/","title":{"rendered":"propuestas para conocer gente &#8220;cara a cara&#8221;, en tiempos de apps de citas"},"content":{"rendered":"<p> <br \/>\n<\/p>\n<div id=\"cuerpo\">\n<div class=\"sc-80531b6b-0 chRIGJ container-text text-embed\">\n<p>Cada <strong>13 de febrero <\/strong>se celebra el <strong>D\u00eda del Soltero<\/strong>, m\u00e1s conocido como el &#8220;<strong>anti San Valent\u00edn<\/strong>&#8220;. La efem\u00e9ride es la contrapartida, creada entre el humor y la resistencia, al tradicional <strong>D\u00eda de los Enamorados<\/strong>.<\/p>\n<\/div>\n<div class=\"sc-80531b6b-0 chRIGJ container-text text-embed\">\n<p>En Argentina ya son muchas las personas que se suman al festejo y distintos eventos invitan a los solteros y las solteras a disfrutar de originales propuestas. <strong>Clar\u00edn <\/strong>dialog\u00f3 con los organizadores de algunas de ellas, que crecen a\u00f1o tras a\u00f1o. Al contrario que en una app de citas, aqu\u00ed el punto en com\u00fan es el &#8220;cara a cara&#8221; como condici\u00f3n no negociable.<\/p>\n<\/div>\n<p><h2>Vinito y Amigos<\/h2>\n<\/p>\n<div class=\"sc-80531b6b-0 chRIGJ container-text text-embed\">\n<p><strong>Vinitos y Amigos<\/strong> es una creaci\u00f3n de Victoria Acosta y Tom\u00e1s Gil. \u201cLa idea surgi\u00f3 surgi\u00f3 despu\u00e9s de la frustraci\u00f3n que ambos ten\u00edamos por usar aplicaciones de citas. Conversando con nuestro entorno m\u00e1s cercano, conocer gente con quien charlar o formar pareja era muy dif\u00edcil en esta era de las pantallas. Llegamos a la conclusi\u00f3n que no hab\u00eda mejor alternativa que volver a la vieja escuela y hacer &#8216;match&#8217; frente a frente\u201d, resumi\u00f3 Victoria.<\/p>\n<\/div>\n<div class=\"sc-80531b6b-0 chRIGJ container-text text-embed\">\n<p>As\u00ed, pensaron en un evento para quienes, como ellos, prefieren algo m\u00e1s tangible que las apps: el mismo se basa en mesas mixtas, compartidas por seis personas o m\u00e1s, que se agrupan luego de llenar un formulario (seg\u00fan las respuestas que dan, se les asigna un grupo con el cual se estima que tendr\u00e1n mayor <strong>afinidad<\/strong>).<\/p>\n<\/div>\n<div class=\"sc-80531b6b-0 chRIGJ container-text text-embed\">\n<p>Acosta mencion\u00f3 que se trata de una experiencia donde participan personas de diferentes rangos etarios y de muchos lugares diferentes. \u201cLos concurrentes var\u00edan de <strong>20 a 50 a\u00f1os, aproximadamente<\/strong>, y hay para todos los gustos e intereses. Nosotros incentivamos mucho a que se animen a venir solos, pero muchas veces vienen con sus amigos, aunque no podemos garantizarles sentarlos en las mismas mesas\u201d.<\/p>\n<\/div>\n<div class=\"sc-198be8ec-0 cynXbu image-embed  image-embed \"><picture class=\"sc-198be8ec-1 kOjRiQ\"><source media=\"(min-width: 975px)\" width=\"2000\" height=\"1500\" \/><img alt=\"Vinito y amigos convoca a unas 80 personas en cada edici\u00f3n. Foto gentileza.\" loading=\"lazy\" width=\"2000\" height=\"1500\" decoding=\"async\" data-nimg=\"1\" style=\"color:transparent\" src=\"https:\/\/13.com.ar\/wp-content\/uploads\/2025\/02\/propuestas-para-conocer-gente-cara-a-cara-en-tiempos-de.jpg\"\/><span class=\"epigraphe\">Vinito y amigos convoca a unas 80 personas en cada edici\u00f3n. Foto gentileza.<\/span><span class=\"bkg\"\/><span class=\"picture-open\"><button class=\"open-image\" aria-label=\"Open Image\"\/><\/span><\/picture><\/div>\n<div class=\"sc-80531b6b-0 chRIGJ container-text text-embed\">\n<p>Vinito y Amigos se realiza desde hace casi un a\u00f1o en Sello Austral, una vinoteca con propuestas gastron\u00f3micas en el barrio de Retiro (Reconquista 1038), con m\u00e1s de 80 personas en cada edici\u00f3n. \u201cNos enorgullece decir que siempre hay buena onda y la pasan bien\u201d, asegur\u00f3 la anfitriona, al tiempo que adelant\u00f3 que se est\u00e1n expandiendo y sumando una segunda sede en la Ciudad, y planeando llegar a otras provincias e incluso pa\u00edses.<\/p>\n<\/div>\n<div class=\"sc-80531b6b-0 chRIGJ container-text text-embed\">\n<p>La versi\u00f3n del <strong>14 de febrero<\/strong>, dijo la vocera, incluye con su entrada una copa de vino, DJ, juegos especiales, regalos y premios. \u201cTodos los viernes sumamos peque\u00f1as modificaciones en la carta, en la propuesta de tragos, en los juegos y las din\u00e1micas, para que puedan repetir todos los viernes sin aburrirse\u201d, aclar\u00f3. Y cerr\u00f3: \u201cEs un espacio muy lindo para hacer <strong>v\u00ednculos nuevos<\/strong>, comer rico y tomar vino, en un ambiente relajado, sin la presi\u00f3n de las citas\u201d.<\/p>\n<\/div>\n<div class=\"sc-198be8ec-0 cynXbu image-embed  image-embed \"><picture class=\"sc-198be8ec-1 kOjRiQ\"><source media=\"(min-width: 975px)\" width=\"2000\" height=\"1500\" \/><img alt=\"Vinito y amigos, en la vinoteca Sello Austral. Foto gentileza.\" loading=\"lazy\" width=\"2000\" height=\"1500\" decoding=\"async\" data-nimg=\"1\" style=\"color:transparent\" src=\"https:\/\/13.com.ar\/wp-content\/uploads\/2025\/02\/1739349752_125_propuestas-para-conocer-gente-cara-a-cara-en-tiempos-de.jpg\"\/><span class=\"epigraphe\">Vinito y amigos, en la vinoteca Sello Austral. Foto gentileza.<\/span><span class=\"bkg\"\/><span class=\"picture-open\"><button class=\"open-image\" aria-label=\"Open Image\"\/><\/span><\/picture><\/div>\n<p><h2>Tinder Night<\/h2>\n<\/p>\n<div class=\"sc-80531b6b-0 chRIGJ container-text text-embed\">\n<p>La <strong>Tinder Night <\/strong>se realiza dos veces al mes en el Centro Cultural Armoza (Miller 3036). \u201cEl objetivo es ayudar a conectar personas de manera m\u00e1s natural que a trav\u00e9s de una pantalla. As\u00ed, proponemos distintas din\u00e1micas para ayudar a romper el hielo m\u00e1s f\u00e1cil\u201d, dijo Hern\u00e1n Armozza, uno de sus creadores.<\/p>\n<\/div>\n<div class=\"sc-80531b6b-0 chRIGJ container-text text-embed\">\n<p>La mayor\u00eda de los asistentes (aproximadamente 150 en cada edici\u00f3n) van de los 30 a los 45 a\u00f1os, aunque esto no es restrictivo. Pueden ir solos o en grupo.<\/p>\n<\/div>\n<div class=\"sc-80531b6b-0 chRIGJ container-text text-embed\">\n<p>En el lugar se propone una serie de juegos para \u201cromper el hielo\u201d de manera m\u00e1s f\u00e1cil. Entre los ejemplos que mencion\u00f3 Armozza se destacan el bingo de coincidencias, donde la finalidad es que la gente se vincule a trav\u00e9s de intereses en com\u00fan; o el juego de los refranes, donde cada participante recibe la mitad de un dicho tradicional y debe encontrar a su otra mitad para ganarse un trago, lo cual \u201cobliga\u201d a todos a hablar con muchas de las personas presentes.<\/p>\n<\/div>\n<div class=\"sc-80531b6b-0 chRIGJ container-text text-embed\">\n<p>En la <strong>Tinder anti San Valent\u00edn<\/strong> de este 14 de febrero habr\u00e1 propuestas tem\u00e1ticas, asegur\u00f3 el vocero, quien coordina los eventos junto a su pareja, Melisa Dabbah.<\/p>\n<\/div>\n<div class=\"sc-198be8ec-0 cynXbu image-embed  image-embed \"><picture class=\"sc-198be8ec-1 kOjRiQ\"><source media=\"(min-width: 975px)\" width=\"2000\" height=\"1500\" \/><img alt=\"La Tinder Night se realiza dos veces al mes en el Centro Cultural Armoza. Foto gentileza. \" loading=\"lazy\" width=\"2000\" height=\"1500\" decoding=\"async\" data-nimg=\"1\" style=\"color:transparent\" src=\"https:\/\/13.com.ar\/wp-content\/uploads\/2025\/02\/1739349752_452_propuestas-para-conocer-gente-cara-a-cara-en-tiempos-de.jpg\"\/><span class=\"epigraphe\">La Tinder Night se realiza dos veces al mes en el Centro Cultural Armoza. Foto gentileza. <\/span><span class=\"bkg\"\/><span class=\"picture-open\"><button class=\"open-image\" aria-label=\"Open Image\"\/><\/span><\/picture><\/div>\n<div class=\"sc-80531b6b-0 chRIGJ container-text text-embed\">\n<p>La entrada incluye una consumici\u00f3n que puede ser copa de vino, cerveza, trago o bebida sin alcohol. El lugar cuenta adem\u00e1s con gastronom\u00eda casera.<\/p>\n<\/div>\n<p><h2>BelenCita Club de Encuentros<\/h2>\n<\/p>\n<div class=\"sc-80531b6b-0 chRIGJ container-text text-embed\">\n<p>En 2022 Bel\u00e9n Bona ide\u00f3 un club de encuentros que, gracias a un juego de palabras, bautiz\u00f3 \u201c<strong>BelenCita<\/strong>\u201d. En ese momento surgi\u00f3 como un evento donde la finalidad era que la gente se conociera. \u201cEl amor fue una excusa en realidad, porque enseguida me di cuenta que lo que estaba generando eran grupos y espacios de vinculaci\u00f3n\u201d, sostuvo Bona.<\/p>\n<\/div>\n<div class=\"sc-80531b6b-0 chRIGJ container-text text-embed\">\n<p>De a poco, el proyecto fue creciendo y la acptaci\u00f3n fue en aumento. \u201cEmpec\u00e9 a crear din\u00e1micas, juegos y consignas para que la gente se vincule en grupo. Y termin\u00e9 generando un m\u00e9todo de vinculaci\u00f3n propio, que consta de toda una serie de pasos para que personas que llegan solas completamente, al cabo de una hora y media terminen sintiendo que est\u00e1n con un grupo de gente amiga que se conoce ese evento\u201d, explic\u00f3.<\/p>\n<\/div>\n<div class=\"sc-80531b6b-0 chRIGJ container-text text-embed\">\n<p>Si bien BelenCita naci\u00f3 en Mar del Plata, poco despu\u00e9s lleg\u00f3 a la Ciudad de Buenos Aires y de all\u00ed al resto del pa\u00eds. Su versi\u00f3n para el D\u00eda de los Enamorados ser\u00e1 un viaje de solteros a <strong>Mendoza <\/strong>del 13 al 16 de febrero, en un complejo de caba\u00f1as en <strong>Luj\u00e1n de Cuyo<\/strong>.<\/p>\n<\/div>\n<div class=\"sc-80531b6b-0 chRIGJ container-text text-embed\">\n<p>Una bodega, un club n\u00e1utico, veleros, pool party, trekking, asado, un evento a ciegas y una cena afrodis\u00edaca son s\u00f3lo algunas de las propuestas y actividades que realizar\u00e1n unas 30 personas de entre 30 y 50 a\u00f1os.<\/p>\n<\/div>\n<div class=\"sc-80531b6b-0 chRIGJ container-text text-embed\">\n<p>Bel\u00e9n defiende el \u201ccara a cara\u201d por sobre las aplicaciones de citas y dem\u00e1s: \u201cCreo que <strong>el contacto humano es sumamente necesario<\/strong>, estamos completamente embotados en la virtualidad y nos estamos volviendo demasiado aut\u00f3matas. Veo c\u00f3mo la gente tiene ganas de emocionarse estando con otros y, la verdad, me parece maravilloso\u201d, admiti\u00f3.<\/p>\n<\/div>\n<div class=\"sc-198be8ec-0 cynXbu image-embed  image-embed \"><picture class=\"sc-198be8ec-1 kOjRiQ\"><source media=\"(min-width: 975px)\" width=\"2000\" height=\"1500\" \/><img alt=\"Uno de los campamentos de BelenCita. Foto gentileza.\" loading=\"lazy\" width=\"2000\" height=\"1500\" decoding=\"async\" data-nimg=\"1\" style=\"color:transparent\" src=\"https:\/\/13.com.ar\/wp-content\/uploads\/2025\/02\/1739349752_68_propuestas-para-conocer-gente-cara-a-cara-en-tiempos-de.jpg\"\/><span class=\"epigraphe\">Uno de los campamentos de BelenCita. Foto gentileza.<\/span><span class=\"bkg\"\/><span class=\"picture-open\"><button class=\"open-image\" aria-label=\"Open Image\"\/><\/span><\/picture><\/div>\n<div class=\"sc-80531b6b-0 chRIGJ container-text text-embed\">\n<p>Cada evento tiene su franja etaria: 20 a 35, 30 a 50 y mayores de 45 a\u00f1os. \u201c<strong>Mi objetivo final no es que vengan a encontrar pareja, sino trabajar con la soledad<\/strong>. Entonces, disfrutar con otros desconocidos que est\u00e1n en la misma creo que es necesario\u201d, asegur\u00f3 la mujer.<\/p>\n<\/div>\n<div class=\"sc-80531b6b-0 chRIGJ container-text text-embed\">\n<p>El verano es la estaci\u00f3n que le permite ir m\u00e1s all\u00e1 de las reuniones breves. \u201cAh\u00ed doy un paso m\u00e1s y creo, aparte de los eventos guiados que son de un par de horas, los campamentos que son de un d\u00eda y medio y los viajes que son de entre 3 y 4 d\u00edas. La idea es generar un espacio de convivencia entre personas solteras; son viajes creativos con propuestas para que la gente se conozca\u201d, concluy\u00f3.<\/p>\n<\/div>\n<\/div>\n<p><br \/>\n<br \/><a href=\"https:\/\/www.clarin.com\/relaciones\/dia-soltero-propuestas-conocer-gente-cara-cara-tiempos-apps-citas_0_LE5KEMYBc7.html\">Fuente Clarin.com <\/a><\/p>\n","protected":false},"excerpt":{"rendered":"<p>Cada 13 de febrero se celebra el D\u00eda del Soltero, m\u00e1s conocido como el &#8220;anti San Valent\u00edn&#8220;. La efem\u00e9ride es la contrapartida, creada entre el humor y la resistencia, al tradicional D\u00eda de los Enamorados. En Argentina ya son muchas las personas que se suman al festejo y distintos eventos invitan a los solteros y [&hellip;]<\/p>\n","protected":false},"author":1,"featured_media":4103,"comment_status":"open","ping_status":"open","sticky":false,"template":"","format":"standard","meta":{"footnotes":""},"categories":[2],"tags":[2602,2812,2603,2683,519,16,60,1098],"class_list":["post-4102","post","type-post","status-publish","format-standard","has-post-thumbnail","hentry","category-ultimas-noticias","tag-apps","tag-cara","tag-citas","tag-conocer","tag-gente","tag-para","tag-propuestas","tag-tiempos"],"_links":{"self":[{"href":"https:\/\/13.com.ar\/index.php\/wp-json\/wp\/v2\/posts\/4102","targetHints":{"allow":["GET"]}}],"collection":[{"href":"https:\/\/13.com.ar\/index.php\/wp-json\/wp\/v2\/posts"}],"about":[{"href":"https:\/\/13.com.ar\/index.php\/wp-json\/wp\/v2\/types\/post"}],"author":[{"embeddable":true,"href":"https:\/\/13.com.ar\/index.php\/wp-json\/wp\/v2\/users\/1"}],"replies":[{"embeddable":true,"href":"https:\/\/13.com.ar\/index.php\/wp-json\/wp\/v2\/comments?post=4102"}],"version-history":[{"count":0,"href":"https:\/\/13.com.ar\/index.php\/wp-json\/wp\/v2\/posts\/4102\/revisions"}],"wp:featuredmedia":[{"embeddable":true,"href":"https:\/\/13.com.ar\/index.php\/wp-json\/wp\/v2\/media\/4103"}],"wp:attachment":[{"href":"https:\/\/13.com.ar\/index.php\/wp-json\/wp\/v2\/media?parent=4102"}],"wp:term":[{"taxonomy":"category","embeddable":true,"href":"https:\/\/13.com.ar\/index.php\/wp-json\/wp\/v2\/categories?post=4102"},{"taxonomy":"post_tag","embeddable":true,"href":"https:\/\/13.com.ar\/index.php\/wp-json\/wp\/v2\/tags?post=4102"}],"curies":[{"name":"wp","href":"https:\/\/api.w.org\/{rel}","templated":true}]}}