{"id":4100,"date":"2025-02-12T05:39:37","date_gmt":"2025-02-12T08:39:37","guid":{"rendered":"https:\/\/13.com.ar\/index.php\/que-desencadena-los-brotes-del-sindrome-de-sjogren\/"},"modified":"2025-02-12T05:39:37","modified_gmt":"2025-02-12T08:39:37","slug":"que-desencadena-los-brotes-del-sindrome-de-sjogren","status":"publish","type":"post","link":"https:\/\/13.com.ar\/index.php\/que-desencadena-los-brotes-del-sindrome-de-sjogren\/","title":{"rendered":"Qu\u00e9 desencadena los brotes del s\u00edndrome de Sj\u00f6gren"},"content":{"rendered":"<p> <br \/>\n<\/p>\n<div id=\"cuerpo\">\n<div class=\"sc-80531b6b-0 chRIGJ container-text text-embed\">\n<p>Si una persona tiene los ojos secos, con ardor, picaz\u00f3n o como si tuvieran arena dentro, o sequedad de boca, como si estuviera llena de algod\u00f3n y con dificultades para hablar o tratar, es probable que sufra del <strong>s\u00edndrome de Sj\u00f6rgen<\/strong>.<\/p>\n<\/div>\n<div class=\"sc-80531b6b-0 chRIGJ container-text text-embed\">\n<p>Tal como lo define la <em>Cl\u00ednica Mayo<\/em>, de Estados Unidos, el s\u00edndrome \u201c<strong>suele acompa\u00f1ar otros trastornos del sistema inmunitario<\/strong>, como la artritis reumatoide y el lupus\u201d. Pero, por lo general, afecta primero las membranas mucosas y las gl\u00e1ndulas que producen humedad en los ojos y la boca.<\/p>\n<\/div>\n<div class=\"sc-80531b6b-0 chRIGJ container-text text-embed\">\n<p>La mayor\u00eda de las personas que padecen este s\u00edndrome son <strong>mayores de 40 a\u00f1os<\/strong> y en general son mujeres.<\/p>\n<\/div>\n<div class=\"sc-80531b6b-0 chRIGJ container-text text-embed\">\n<p>Por el momento, el s\u00edndrome de Sj\u00f6rgen carece de cura y al tratarse de una enfermedad autoinmune, sus causas son poco conocidas.<\/p>\n<\/div>\n<p><h2>Qu\u00e9 desencadena los brotes del s\u00edndrome de Sj\u00f6gren<\/h2>\n<\/p>\n<div class=\"sc-198be8ec-0 cynXbu image-embed  image-embed \"><picture class=\"sc-198be8ec-1 kOjRiQ\"><source media=\"(min-width: 975px)\" width=\"2000\" height=\"1500\" \/><img alt=\"Ojos secos, con ardor, picaz\u00f3n o como si tuvieran arena dentro, algunos de los s\u00edntomas del s\u00edndrome de Sj\u00f6gren. \" loading=\"lazy\" width=\"2000\" height=\"1500\" decoding=\"async\" data-nimg=\"1\" style=\"color:transparent\" src=\"https:\/\/13.com.ar\/wp-content\/uploads\/2025\/02\/Que-desencadena-los-brotes-del-sindrome-de-Sjogren.jpg#1739303172870.jpeg\"\/><span class=\"epigraphe\">Ojos secos, con ardor, picaz\u00f3n o como si tuvieran arena dentro, algunos de los s\u00edntomas del s\u00edndrome de Sj\u00f6gren. <\/span><span class=\"bkg\"\/><span class=\"picture-open\"><button class=\"open-image\" aria-label=\"Open Image\"\/><\/span><\/picture><\/div>\n<div class=\"sc-80531b6b-0 chRIGJ container-text text-embed\">\n<p>Los servicios de salud de Estados Unidos <em>(NHS)<\/em> recuerdan que \u201cel sistema inmunitario suele ayudar a proteger el cuerpo de infecciones y enfermedades mediante la <strong>producci\u00f3n de anticuerpos<\/strong>. Los anticuerpos atacan a las bacterias y los virus, lo que ayuda a evitar que te enfermes\u201d.<\/p>\n<\/div>\n<div class=\"sc-80531b6b-0 chRIGJ container-text text-embed\">\n<p>Entonces, \u201cuna enfermedad autoinmune hace que el sistema inmunitario reaccione de forma anormal. En lugar de atacar a las c\u00e9lulas extra\u00f1as, como las bacterias, <strong>los anticuerpos comienzan a atacar las c\u00e9lulas y los tejidos sanos<\/strong>\u201d.<\/p>\n<\/div>\n<div class=\"sc-80531b6b-0 chRIGJ container-text text-embed\">\n<p>En el s\u00edndrome de Sj\u00f6gren, las partes del cuerpo generalmente afectadas son <strong>las gl\u00e1ndulas lagrimales, salivales y vaginales<\/strong>, que se conocen colectivamente como exocrinas. Los anticuerpos da\u00f1an estas gl\u00e1ndulas exocrinas y estas ya no pueden funcionar con normalidad.<\/p>\n<\/div>\n<div class=\"sc-4306f4f9-0 bAPCpp\">\n<div class=\"inner-card-m\">\n<div class=\"related-content\">\n<p><span class=\"body-title\">Mir\u00e1 tambi\u00e9n<\/span><\/p>\n<h3>Estrategias para construir conexiones significativas, seg\u00fan la psicolog\u00eda<\/h3>\n<source media=\"(min-width: 975px)\" width=\"340\" height=\"340\" \/><img alt=\"Estrategias para construir conexiones significativas, seg\u00fan la psicolog\u00eda\" loading=\"lazy\" width=\"340\" height=\"340\" decoding=\"async\" data-nimg=\"1\" style=\"color:transparent\" src=\"https:\/\/13.com.ar\/wp-content\/uploads\/2025\/02\/Que-desencadena-los-brotes-del-sindrome-de-Sjogren.jpg\"\/><\/div>\n<\/div>\n<\/div>\n<div class=\"sc-80531b6b-0 chRIGJ container-text text-embed\">\n<p>Existen pruebas de que el sistema inmunitario tambi\u00e9n da\u00f1a los nervios que controlan estas gl\u00e1ndulas, lo que reduce a\u00fan m\u00e1s su eficacia. Y el \u201cataque por error\u201d puede afectar tambi\u00e9n m\u00fasculos, articulaciones, vasos sangu\u00edneos, nervios y, con menor frecuencia, algunos \u00f3rganos.<\/p>\n<\/div>\n<div class=\"sc-80531b6b-0 chRIGJ container-text text-embed\">\n<p>Por eso, adem\u00e1s de sequedad en ojos y boca, el s\u00edndrome puede causar dolor articular, hinchaz\u00f3n y rigidez; <strong>inflamaci\u00f3n de las gl\u00e1ndulas salivales<\/strong> debajo de la mand\u00edbula y delante de las orejas; erupciones cut\u00e1neas o piel reseca; sequedad vaginal; tos seca persistente y fatiga prolongada.<\/p>\n<\/div>\n<div class=\"sc-80531b6b-0 chRIGJ container-text text-embed\">\n<p>Las complicaciones m\u00e1s frecuentes tienen relaci\u00f3n con los ojos y la boca. Por ejemplo, como la saliva ayuda a proteger a los dientes de las bacterias, una persona con el s\u00edndrome ser\u00e1 <strong>m\u00e1s propensa a tener caries y candidosis oral<\/strong>, una infecci\u00f3n causada por hongos.<\/p>\n<\/div>\n<div class=\"sc-198be8ec-0 cynXbu image-embed  image-embed \"><picture class=\"sc-198be8ec-1 kOjRiQ\"><source media=\"(min-width: 975px)\" width=\"2000\" height=\"1500\" \/><img alt=\"Las personas con este s\u00edndrome son m\u00e1s propensas a tener caries y candidosis oral.\" loading=\"lazy\" width=\"2000\" height=\"1500\" decoding=\"async\" data-nimg=\"1\" style=\"color:transparent\" src=\"https:\/\/13.com.ar\/wp-content\/uploads\/2025\/02\/1739349577_993_Que-desencadena-los-brotes-del-sindrome-de-Sjogren.jpg\"\/><span class=\"epigraphe\">Las personas con este s\u00edndrome son m\u00e1s propensas a tener caries y candidosis oral.<\/span><span class=\"bkg\"\/><span class=\"picture-open\"><button class=\"open-image\" aria-label=\"Open Image\"\/><\/span><\/picture><\/div>\n<div class=\"sc-80531b6b-0 chRIGJ container-text text-embed\">\n<p>En tanto la sequedad de los ojos puede provocar <strong>problemas de visi\u00f3n<\/strong>, como sensibilidad a la luz, visi\u00f3n borrosa y da\u00f1o en la c\u00f3rnea.<\/p>\n<\/div>\n<div class=\"sc-80531b6b-0 chRIGJ container-text text-embed\">\n<p>Los <em>NHS<\/em> dicen que \u201cla mayor\u00eda de los investigadores creen que el s\u00edndrome de Sj\u00f6gren primario se desencadena por una combinaci\u00f3n de <strong>factores gen\u00e9ticos y ambientales<\/strong>\u201d.<\/p>\n<\/div>\n<div class=\"sc-4306f4f9-0 bAPCpp\">\n<div class=\"inner-card-m\">\n<div class=\"related-content\">\n<p><span class=\"body-title\">Mir\u00e1 tambi\u00e9n<\/span><\/p>\n<h3>C\u00f3mo mejorar tu amor propio y autoestima: estrategias efectivas para transformar tu vida <\/h3>\n<source media=\"(min-width: 975px)\" width=\"340\" height=\"340\" \/><img alt=\"C\u00f3mo mejorar tu amor propio y autoestima: estrategias efectivas para transformar tu vida \" loading=\"lazy\" width=\"340\" height=\"340\" decoding=\"async\" data-nimg=\"1\" style=\"color:transparent\" src=\"https:\/\/13.com.ar\/wp-content\/uploads\/2025\/02\/1739349577_827_Que-desencadena-los-brotes-del-sindrome-de-Sjogren.jpg\"\/><\/div>\n<\/div>\n<\/div>\n<div class=\"sc-80531b6b-0 chRIGJ container-text text-embed\">\n<p>Algunas personas nacen con genes espec\u00edficos que las hacen m\u00e1s vulnerables a un sistema inmunol\u00f3gico defectuoso. Luego, muchos a\u00f1os despu\u00e9s, un factor ambiental, posiblemente un virus com\u00fan, hace que el sistema inmunol\u00f3gico deje de funcionar de manera correcta.<\/p>\n<\/div>\n<div class=\"sc-80531b6b-0 chRIGJ container-text text-embed\">\n<p>El <strong>estr\u00f3geno<\/strong>, una hormona femenina, tambi\u00e9n parece desempe\u00f1ar un papel, porque el s\u00edndrome de Sj\u00f6gren se presenta principalmente en mujeres y los s\u00edntomas suelen comenzar <strong>alrededor de la menopausia<\/strong> (en esta \u00e9poca los niveles de estr\u00f3geno comienzan a disminuir).<\/p>\n<\/div>\n<\/div>\n<p><br \/>\n<br \/><a href=\"https:\/\/www.clarin.com\/internacional\/desencadena-brotes-sindrome-sjogren_0_4zFwTtrzST.html\">Fuente Clarin.com <\/a><\/p>\n","protected":false},"excerpt":{"rendered":"<p>Si una persona tiene los ojos secos, con ardor, picaz\u00f3n o como si tuvieran arena dentro, o sequedad de boca, como si estuviera llena de algod\u00f3n y con dificultades para hablar o tratar, es probable que sufra del s\u00edndrome de Sj\u00f6rgen. Tal como lo define la Cl\u00ednica Mayo, de Estados Unidos, el s\u00edndrome \u201csuele acompa\u00f1ar [&hellip;]<\/p>\n","protected":false},"author":1,"featured_media":4101,"comment_status":"open","ping_status":"open","sticky":false,"template":"","format":"standard","meta":{"footnotes":""},"categories":[2],"tags":[6160,100,6159,28,286,5808,6161],"class_list":["post-4100","post","type-post","status-publish","format-standard","has-post-thumbnail","hentry","category-ultimas-noticias","tag-brotes","tag-del","tag-desencadena","tag-los","tag-que","tag-sindrome","tag-sjogren"],"_links":{"self":[{"href":"https:\/\/13.com.ar\/index.php\/wp-json\/wp\/v2\/posts\/4100","targetHints":{"allow":["GET"]}}],"collection":[{"href":"https:\/\/13.com.ar\/index.php\/wp-json\/wp\/v2\/posts"}],"about":[{"href":"https:\/\/13.com.ar\/index.php\/wp-json\/wp\/v2\/types\/post"}],"author":[{"embeddable":true,"href":"https:\/\/13.com.ar\/index.php\/wp-json\/wp\/v2\/users\/1"}],"replies":[{"embeddable":true,"href":"https:\/\/13.com.ar\/index.php\/wp-json\/wp\/v2\/comments?post=4100"}],"version-history":[{"count":0,"href":"https:\/\/13.com.ar\/index.php\/wp-json\/wp\/v2\/posts\/4100\/revisions"}],"wp:featuredmedia":[{"embeddable":true,"href":"https:\/\/13.com.ar\/index.php\/wp-json\/wp\/v2\/media\/4101"}],"wp:attachment":[{"href":"https:\/\/13.com.ar\/index.php\/wp-json\/wp\/v2\/media?parent=4100"}],"wp:term":[{"taxonomy":"category","embeddable":true,"href":"https:\/\/13.com.ar\/index.php\/wp-json\/wp\/v2\/categories?post=4100"},{"taxonomy":"post_tag","embeddable":true,"href":"https:\/\/13.com.ar\/index.php\/wp-json\/wp\/v2\/tags?post=4100"}],"curies":[{"name":"wp","href":"https:\/\/api.w.org\/{rel}","templated":true}]}}