{"id":4091,"date":"2025-02-12T04:12:31","date_gmt":"2025-02-12T07:12:31","guid":{"rendered":"https:\/\/13.com.ar\/index.php\/un-avion-de-pasajeros-choco-con-un-vehiculo-antes-de-despegar-en-brasil\/"},"modified":"2025-02-12T04:12:31","modified_gmt":"2025-02-12T07:12:31","slug":"un-avion-de-pasajeros-choco-con-un-vehiculo-antes-de-despegar-en-brasil","status":"publish","type":"post","link":"https:\/\/13.com.ar\/index.php\/un-avion-de-pasajeros-choco-con-un-vehiculo-antes-de-despegar-en-brasil\/","title":{"rendered":"Un avi\u00f3n de pasajeros choc\u00f3 con un veh\u00edculo antes de despegar en Brasil"},"content":{"rendered":"<p> <br \/>\n<br \/><img decoding=\"async\" src=\"https:\/\/13.com.ar\/wp-content\/uploads\/2025\/02\/Un-avion-de-pasajeros-choco-con-un-vehiculo-antes-de.jpg\" \/><\/p>\n<div id=\"cuerpo\">\n<div class=\"sc-80531b6b-0 chRIGJ container-text text-embed\">\n<p>Un<strong> nuevo incidente a\u00e9reo<\/strong> sacudi\u00f3 este martes a <strong>Brasil<\/strong>, luego de la ca\u00edda de una avioneta en una avenida de San Pablo que caus\u00f3 la muerte de dos personas. El episodio se registr\u00f3 en el <strong>aeropuerto de R\u00edo de Janeiro<\/strong>, donde un avi\u00f3n de pasajeros de la aerol\u00ednea Gol choc\u00f3 con un veh\u00edculo de asistencia que se encontraba en la pista y tuvo que abortar el despegue.<\/p>\n<\/div>\n<div class=\"sc-80531b6b-0 chRIGJ container-text text-embed\">\n<p>El episodio ocurri\u00f3 en horas de la noche en la terminal a\u00e9rea internacional de Galeao, cuando el Boeing 737 Max de la empresa Gol se dispon\u00eda a iniciar su viaje hacia Fortaleza.<\/p>\n<\/div>\n<div class=\"sc-80531b6b-0 chRIGJ container-text text-embed\">\n<p>Seg\u00fan reportaron medios locales, la concesionaria responsable del aeropuerto y la empresa dieron cuenta del incidente y aseguraron que <strong>no se registraron v\u00edctimas fatales ni heridos<\/strong>. Adem\u00e1s, se se\u00f1al\u00f3 que la terminal continuaba operando con normalidad.<\/p>\n<\/div>\n<div class=\"sc-80531b6b-0 chRIGJ container-text text-embed\">\n<p>Por su parte, el Centro de Investigaci\u00f3n y Prevenci\u00f3n de Accidentes Aeron\u00e1uticos (Cenipa) adelant\u00f3 que iniciar\u00e1 una investigaci\u00f3n para determinar las razones del choque y destac\u00f3 la actuaci\u00f3n de la tripulaci\u00f3n.<\/p>\n<\/div>\n<div class=\"sc-80531b6b-0 chRIGJ container-text text-embed\">\n<p>\u201cEn la acci\u00f3n inicial se utilizan t\u00e9cnicas espec\u00edficas, conducidas por personal calificado y acreditado que recoge y confirma datos, preserva los elementos, realiza la verificaci\u00f3n inicial de da\u00f1os causados a la aeronave, o por la aeronave, y re\u00fane otra informaci\u00f3n necesaria para la investigaci\u00f3n\u201d, expres\u00f3 en un comunicado.<\/p>\n<\/div>\n<p><h2>\u201cComo si hubiese nacido de nuevo\u201d: el alivio de un pasajero<\/h2>\n<\/p>\n<div class=\"sc-80531b6b-0 chRIGJ container-text text-embed\">\n<p>La secuencia fue grabada por un <strong>fiscal del estado de Cear\u00e1 llamado \u00c1tilla de Oliveira<\/strong>, quien comparti\u00f3 las im\u00e1genes en su cuenta de <em>X.<\/em><\/p>\n<\/div>\n<div class=\"sc-80531b6b-0 chRIGJ container-text text-embed\">\n<p>All\u00ed, describi\u00f3 la desesperante situaci\u00f3n que atraves\u00f3 y agradeci\u00f3 por no haber sufrido lesiones. \u201cDios es grande\u201d, resumi\u00f3.<\/p>\n<\/div>\n<div class=\"sc-ad4aedf2-0 dPPgNJ border-video video-embed horizontal border-video video-embed horizontal\">\n<div class=\"sc-ad4aedf2-1 hnFuni videoText videoText\">\n<h2>Video<\/h2>\n<div>\n<p>Ocurri\u00f3 en el aeropuerto de R\u00edo de Janeiro y qued\u00f3 registrado en un video tomado por un fiscal que iba a bordo de la aeronave.<\/p>\n<\/div>\n<\/div>\n<\/div>\n<div class=\"sc-80531b6b-0 chRIGJ container-text text-embed\">\n<p>\u201cEn el momento del despegue ahora en Gale\u00e3o, el avi\u00f3n en el que estaba Colisiona con un veh\u00edculo. <strong>Gracias a Dios tuvo tiempo de frenar antes del final de la pista<\/strong>. \u00a1Qu\u00e9 susto!\u201d, indic\u00f3, aludiendo a un video donde se escucha el momento del impacto entre la aeronave y el veh\u00edculo.<\/p>\n<\/div>\n<div class=\"sc-80531b6b-0 chRIGJ container-text text-embed\">\n<p>En esa misma direcci\u00f3n, de Oliveira expres\u00f3 un profundo sentimiento de alivio por haber podido desembarcar sin problemas del avi\u00f3n para recibir asistencia: \u201cSinti\u00e9ndome como si hubiera nacido de nuevo\u201d.<\/p>\n<\/div>\n<p><h2>El di\u00e1logo entre el avi\u00f3n y la torre de control<\/h2>\n<\/p>\n<div class=\"sc-80531b6b-0 chRIGJ container-text text-embed\">\n<p>En tanto, un video publicado por el medio Metropoles revel\u00f3 el di\u00e1logo que mantuvo el piloto con la torre. \u201c<strong>Gol 1674 abort\u00f3 el despegue, impactamos contra un auto en el medio de la pista<\/strong>\u201d, inform\u00f3 el comandante.<\/p>\n<\/div>\n<div class=\"sc-80531b6b-0 chRIGJ container-text text-embed\">\n<p>\u201cConfirme, vuelo 1674. \u00bfColision\u00f3 con un veh\u00edculo?\u201d, pregunt\u00f3 la controladora a\u00e9rea. \u201cAfirmativo. Solicito asistencia\u201d, respondieron desde la aeronave.<\/p>\n<\/div>\n<div class=\"sc-80531b6b-0 chRIGJ container-text text-embed\">\n<p>\u201cUn equipo de tierra ir\u00e1 al lugar y comprobar\u00e1, \u00bfde acuerdo?\u201d, dijeron desde la torre. \u201cY \u201cTambi\u00e9n preguntar si pueden mandar a alguien de la empresa o de mantenimiento para evaluar los da\u00f1os de la aeronave\u201d, solicit\u00f3 el piloto, quien a\u00f1adi\u00f3 que los pasajeros no sab\u00edan si podr\u00edan descender de inmediato o no.<\/p>\n<\/div>\n<div class=\"sc-80531b6b-0 chRIGJ container-text text-embed\">\n<p>\u201cChocamos con un veh\u00edculo (que estaba) en el medio del eje de la pista\u201d, a\u00f1adi\u00f3. Y desliz\u00f3: \u201cNo sabemos si golpe\u00f3 el motor o el tren de aterrizaje. No sabemos cu\u00e1l fue el da\u00f1o\u201d.<\/p>\n<\/div>\n<\/div>\n<p><br \/>\n<br \/><a href=\"https:\/\/www.clarin.com\/internacional\/avion-pasajeros-choco-vehiculo-despegar-brasil_0_aQXELeweei.html\">Fuente Clarin.com <\/a><\/p>\n","protected":false},"excerpt":{"rendered":"<p>Un nuevo incidente a\u00e9reo sacudi\u00f3 este martes a Brasil, luego de la ca\u00edda de una avioneta en una avenida de San Pablo que caus\u00f3 la muerte de dos personas. El episodio se registr\u00f3 en el aeropuerto de R\u00edo de Janeiro, donde un avi\u00f3n de pasajeros de la aerol\u00ednea Gol choc\u00f3 con un veh\u00edculo de asistencia [&hellip;]<\/p>\n","protected":false},"author":1,"featured_media":4092,"comment_status":"open","ping_status":"open","sticky":false,"template":"","format":"standard","meta":{"footnotes":""},"categories":[2],"tags":[733,1418,85,900,18,6148,4941,6147],"class_list":["post-4091","post","type-post","status-publish","format-standard","has-post-thumbnail","hentry","category-ultimas-noticias","tag-antes","tag-avion","tag-brasil","tag-choco","tag-con","tag-despegar","tag-pasajeros","tag-vehiculo"],"_links":{"self":[{"href":"https:\/\/13.com.ar\/index.php\/wp-json\/wp\/v2\/posts\/4091","targetHints":{"allow":["GET"]}}],"collection":[{"href":"https:\/\/13.com.ar\/index.php\/wp-json\/wp\/v2\/posts"}],"about":[{"href":"https:\/\/13.com.ar\/index.php\/wp-json\/wp\/v2\/types\/post"}],"author":[{"embeddable":true,"href":"https:\/\/13.com.ar\/index.php\/wp-json\/wp\/v2\/users\/1"}],"replies":[{"embeddable":true,"href":"https:\/\/13.com.ar\/index.php\/wp-json\/wp\/v2\/comments?post=4091"}],"version-history":[{"count":0,"href":"https:\/\/13.com.ar\/index.php\/wp-json\/wp\/v2\/posts\/4091\/revisions"}],"wp:featuredmedia":[{"embeddable":true,"href":"https:\/\/13.com.ar\/index.php\/wp-json\/wp\/v2\/media\/4092"}],"wp:attachment":[{"href":"https:\/\/13.com.ar\/index.php\/wp-json\/wp\/v2\/media?parent=4091"}],"wp:term":[{"taxonomy":"category","embeddable":true,"href":"https:\/\/13.com.ar\/index.php\/wp-json\/wp\/v2\/categories?post=4091"},{"taxonomy":"post_tag","embeddable":true,"href":"https:\/\/13.com.ar\/index.php\/wp-json\/wp\/v2\/tags?post=4091"}],"curies":[{"name":"wp","href":"https:\/\/api.w.org\/{rel}","templated":true}]}}