{"id":4082,"date":"2025-02-12T00:33:38","date_gmt":"2025-02-12T03:33:38","guid":{"rendered":"https:\/\/13.com.ar\/index.php\/el-trasfondo-politico-tras-una-denuncia-por-intervencion-del-intendente-de-lanus\/"},"modified":"2025-02-12T00:33:38","modified_gmt":"2025-02-12T03:33:38","slug":"el-trasfondo-politico-tras-una-denuncia-por-intervencion-del-intendente-de-lanus","status":"publish","type":"post","link":"https:\/\/13.com.ar\/index.php\/el-trasfondo-politico-tras-una-denuncia-por-intervencion-del-intendente-de-lanus\/","title":{"rendered":"el trasfondo pol\u00edtico tras una denuncia por intervenci\u00f3n del intendente de Lan\u00fas"},"content":{"rendered":"<p> <br \/>\n<br \/><img decoding=\"async\" src=\"https:\/\/13.com.ar\/wp-content\/uploads\/2025\/02\/el-trasfondo-politico-tras-una-denuncia-por-intervencion-del-intendente.jpg\" \/><\/p>\n<div>\n<p><strong>El Porvenir es un nombre asociado al f\u00fatbol de ascenso<\/strong>. Por el conjunto de Gerli -pasaron glorias como <strong>Jos\u00e9 Luis &#8216;Garrafa&#8217; S\u00e1nchez<\/strong> o <strong>Ricardo Calabria y fue una referencia del Sur del conurbano bonaerense<\/strong>, m\u00e1s all\u00e1 que no pase la mejor actualidad y navegue hace a\u00f1os por las \u00faltimas categor\u00edas del f\u00fatbol argentino -actualmente est\u00e1 en la <strong>Primera C<\/strong>-. A \u00faltima hora de este martes, su nombre volvi\u00f3 a aparecer en las primeras planas, aunque por una mala noticia: <strong>la AFA puso en suspenso su afiliaci\u00f3n<\/strong> -necesaria para disputar los torneos de la casa- <strong>en medio de un tironeo con el Municipio de Lan\u00fas, al que denunci\u00f3 por intentar intervenirlo. <\/strong><\/p>\n<\/div>\n<div>\n<p>La habitual reuni\u00f3n de las denominadas Mesas de las divisionales del f\u00fatbol argentino rompi\u00f3 su habitual rutina. Es que en vez de hablar sobre modificaciones reglamentarias, propuestas de mejoras y dem\u00e1s cuestiones, el propio presidente de AFA <strong>Claudio Chiqui Tapia <\/strong>lanz\u00f3 un fuerte mensaje de apoyo al conjunto que tiene su coqueto estadio Gildo Francisco Ghersinich a un costado del puente General Jos\u00e9 Mar\u00eda Paz.<\/p>\n<\/div>\n<div>\n<p>Dentro de esos nombre asociados indefectiblemente a El Porvenir est\u00e1 el de su mandam\u00e1s <strong>Enrique Merelas<\/strong>, quien tiene <strong>el r\u00e9cord mundial de permanecer en el cargo desde hace 44 a\u00f1os<\/strong>. &#8216;Quique&#8217; estuvo presente en la reuni\u00f3n despu\u00e9s de que hace un mes denunci\u00f3 amenazas de muerte y maniobras de la intendencia de Lan\u00fas para intentar quedarse con el club. <\/p>\n<\/div>\n<div>\n<p>El conflicto apunta directamente a <strong>Juli\u00e1n \u00c1lvarez<\/strong>, a cargo del mencionado Municipio y aliado de la ex presidenta Cristina Kirchner, quien en la denuncia fue acusado por <strong>abuso de autoridad <\/strong>y <strong>violencia institucional<\/strong>, adem\u00e1s de no recibir los subsidios correspondientes como club. <strong>\u00c1lvarez, por su parte, hab\u00eda realizado una presentaci\u00f3n contra Merelas ante la Direcci\u00f3n Provincial de Personas Jur\u00eddicas de la Provincia de Buenos Aires<\/strong>.<\/p>\n<\/div>\n<div>\n<p>Ante esta situaci\u00f3n, en la primera reuni\u00f3n del 2025, Chiqui Tapia anunci\u00f3 la medida, que queda ad-refer\u00e9ndum del Comit\u00e9 Ejecutivo y la Asamblea de AFA, y podr\u00eda ser descartada si cesa la injerencia.<\/p>\n<\/div>\n<div>\n<p>Se trata de una decisi\u00f3n que la AFA ya hab\u00eda ejecutado recientemente contra la Liga Sanluise\u00f1a de f\u00fatbol, a partir de la investigaci\u00f3n por desv\u00edo de fondos que salpic\u00f3 a la Secretar\u00eda de Deportes de la anterior gesti\u00f3n, la cual apoyaba al equipo femenino de f\u00fatbol que ascendi\u00f3 a la Primera Divisi\u00f3n recientemente. <strong>La intervenci\u00f3n gubernamental de cualquier estrato es penada por FIFA y expone a AFA y a los clubes a quedar fuera de toda competencia internacional<\/strong>.<\/p>\n<\/div>\n<div>\n<p>&#8220;Siempre siempre en misma trinchera que Quique Merelas, por agradecimiento, por amistad y principalmente por profunda admiraci\u00f3n. Estamos para acompa\u00f1arlo a corregir lo que haga falta pero siempre desde la institucionalidad. NO A LA INTERVENCI\u00d3N DE EL PORVENIR!!!!&#8221;, escribi\u00f3 en su cuenta de &#8216;X&#8217; (antes Twitter), <strong>Javier &#8216;Pipo&#8217; Mar\u00edn<\/strong>, miembro del Comit\u00e9 Ejecutivo de la AFA y ladero de &#8216;Chiqui&#8217; Tapia.<\/p>\n<\/div>\n<p><br \/>\n<br \/><a href=\"https:\/\/www.clarin.com\/deportes\/afa-suspendio-afiliacion-historico-porvenir-trasfondo-politico-denuncia-intervencion-intendente-lanus_0_vyP0dH1HxE.html\">Fuente Clarin.com <\/a><\/p>\n","protected":false},"excerpt":{"rendered":"<p>El Porvenir es un nombre asociado al f\u00fatbol de ascenso. Por el conjunto de Gerli -pasaron glorias como Jos\u00e9 Luis &#8216;Garrafa&#8217; S\u00e1nchez o Ricardo Calabria y fue una referencia del Sur del conurbano bonaerense, m\u00e1s all\u00e1 que no pase la mejor actualidad y navegue hace a\u00f1os por las \u00faltimas categor\u00edas del f\u00fatbol argentino -actualmente est\u00e1 [&hellip;]<\/p>\n","protected":false},"author":1,"featured_media":4083,"comment_status":"open","ping_status":"open","sticky":false,"template":"","format":"standard","meta":{"footnotes":""},"categories":[2],"tags":[100,4036,945,6138,2643,1125,142,312,6137,73],"class_list":["post-4082","post","type-post","status-publish","format-standard","has-post-thumbnail","hentry","category-ultimas-noticias","tag-del","tag-denuncia","tag-intendente","tag-intervencion","tag-lanus","tag-politico","tag-por","tag-tras","tag-trasfondo","tag-una"],"_links":{"self":[{"href":"https:\/\/13.com.ar\/index.php\/wp-json\/wp\/v2\/posts\/4082","targetHints":{"allow":["GET"]}}],"collection":[{"href":"https:\/\/13.com.ar\/index.php\/wp-json\/wp\/v2\/posts"}],"about":[{"href":"https:\/\/13.com.ar\/index.php\/wp-json\/wp\/v2\/types\/post"}],"author":[{"embeddable":true,"href":"https:\/\/13.com.ar\/index.php\/wp-json\/wp\/v2\/users\/1"}],"replies":[{"embeddable":true,"href":"https:\/\/13.com.ar\/index.php\/wp-json\/wp\/v2\/comments?post=4082"}],"version-history":[{"count":0,"href":"https:\/\/13.com.ar\/index.php\/wp-json\/wp\/v2\/posts\/4082\/revisions"}],"wp:featuredmedia":[{"embeddable":true,"href":"https:\/\/13.com.ar\/index.php\/wp-json\/wp\/v2\/media\/4083"}],"wp:attachment":[{"href":"https:\/\/13.com.ar\/index.php\/wp-json\/wp\/v2\/media?parent=4082"}],"wp:term":[{"taxonomy":"category","embeddable":true,"href":"https:\/\/13.com.ar\/index.php\/wp-json\/wp\/v2\/categories?post=4082"},{"taxonomy":"post_tag","embeddable":true,"href":"https:\/\/13.com.ar\/index.php\/wp-json\/wp\/v2\/tags?post=4082"}],"curies":[{"name":"wp","href":"https:\/\/api.w.org\/{rel}","templated":true}]}}