{"id":4068,"date":"2025-02-11T22:27:38","date_gmt":"2025-02-12T01:27:38","guid":{"rendered":"https:\/\/13.com.ar\/index.php\/una-legendaria-cadena-de-venta-de-muebles-colchones-y-electronica-cerrara-todas-sus-tiendas-la-cadena-de-outlet-mas-antigua-se-declaro-en-quiebra\/"},"modified":"2025-02-11T22:27:38","modified_gmt":"2025-02-12T01:27:38","slug":"una-legendaria-cadena-de-venta-de-muebles-colchones-y-electronica-cerrara-todas-sus-tiendas-la-cadena-de-outlet-mas-antigua-se-declaro-en-quiebra","status":"publish","type":"post","link":"https:\/\/13.com.ar\/index.php\/una-legendaria-cadena-de-venta-de-muebles-colchones-y-electronica-cerrara-todas-sus-tiendas-la-cadena-de-outlet-mas-antigua-se-declaro-en-quiebra\/","title":{"rendered":"Una legendaria cadena de venta de muebles, colchones y electr\u00f3nica cerrar\u00e1 todas sus tiendas La cadena de outlet m\u00e1s antigua se declar\u00f3 en quiebra"},"content":{"rendered":"<p> <br \/>\n<\/p>\n<div id=\"cuerpo\">\n<div class=\"sc-80531b6b-0 chRIGJ container-text text-embed\">\n<p>La pandemia de Covid 19 gener\u00f3 un fuerte cambio en el consumo en la mayor\u00eda de los pa\u00edses del mundo. Tras la cuarentena, muchas empresas debieron adaptarse a una nueva realidad, que deriv\u00f3 en nuevos sistemas de venta. <\/p>\n<\/div>\n<div class=\"sc-80531b6b-0 chRIGJ container-text text-embed\">\n<p>Aunque algunas empresas pudieron adaptarse con m\u00e1s facilidad, hubo otras que nunca le encontraron la vuelta. En ese contexto, varias empresas hist\u00f3ricas debieron reconvertirse o cerrar definitivamente. <\/p>\n<\/div>\n<div class=\"sc-80531b6b-0 chRIGJ container-text text-embed\">\n<p>Una legendaria compa\u00f1\u00eda, con m\u00e1s de 130 a\u00f1os de antig\u00fcedad, confirm\u00f3 que se declar\u00f3 en quiebra. <strong>Especialista en venta de muebles, colchones y electrodom\u00e9sticos, cerrar\u00e1 70 locales. <\/strong><\/p>\n<\/div>\n<div class=\"sc-80531b6b-0 chRIGJ container-text text-embed\">\n<p>Los directivos de la empresa pidieron protecci\u00f3n por quiebra en el Tribunal de Quiebras  de Estados Unidos. <strong>Pero antes lanz\u00f3 su liquidaci\u00f3n masiva, para que quienes fueron sus clientes puedan comprar los \u00faltimos productos con rebajas del 80%.<\/strong><\/p>\n<\/div>\n<div class=\"sc-80531b6b-0 chRIGJ container-text text-embed\">\n<p>El minorista de art\u00edculos para el hogar y muebles Conn&#8217;s Inc. se declar\u00f3 en quiebra el martes seg\u00fan el Cap\u00edtulo 11 y anunci\u00f3 planes para cerrar sus sucursales.<\/p>\n<\/div>\n<div class=\"sc-198be8ec-0 cynXbu image-embed  image-embed \"><picture class=\"sc-198be8ec-1 kOjRiQ\"><source media=\"(min-width: 975px)\" width=\"720\" height=\"480\" \/><img alt=\"M\u00e1s de 70 sucursales cerrar\u00e1n en los pr\u00f3ximos d\u00edas.\" loading=\"lazy\" width=\"720\" height=\"480\" decoding=\"async\" data-nimg=\"1\" style=\"color:transparent\" src=\"https:\/\/13.com.ar\/wp-content\/uploads\/2025\/02\/Una-legendaria-cadena-de-venta-de-muebles-colchones-y-electronica.jpg\"\/><span class=\"epigraphe\">M\u00e1s de 70 sucursales cerrar\u00e1n en los pr\u00f3ximos d\u00edas.<\/span><span class=\"bkg\"\/><span class=\"picture-open\"><button class=\"open-image\" aria-label=\"Open Image\"\/><\/span><\/picture><\/div>\n<div class=\"sc-80531b6b-0 chRIGJ container-text text-embed\">\n<p>La compa\u00f1\u00eda dijo que cerrar\u00e1n m\u00e1s de 70 de sus tiendas HomePlus en 13 estados de Estados Unidos.<\/p>\n<\/div>\n<div class=\"sc-198be8ec-0 cynXbu image-embed  image-embed \"><picture class=\"sc-198be8ec-1 kOjRiQ\"><source media=\"(min-width: 975px)\" width=\"720\" height=\"480\" \/><img alt=\"Los oulets debieron reconvertirse tras la pandemia. \" loading=\"lazy\" width=\"720\" height=\"480\" decoding=\"async\" data-nimg=\"1\" style=\"color:transparent\" src=\"https:\/\/13.com.ar\/wp-content\/uploads\/2025\/02\/1739323658_636_Una-legendaria-cadena-de-venta-de-muebles-colchones-y-electronica.jpg\"\/><span class=\"epigraphe\">Los oulets debieron reconvertirse tras la pandemia. <\/span><span class=\"bkg\"\/><span class=\"picture-open\"><button class=\"open-image\" aria-label=\"Open Image\"\/><\/span><\/picture><\/div>\n<div class=\"sc-80531b6b-0 chRIGJ container-text text-embed\">\n<p>En la presentaci\u00f3n del Cap\u00edtulo 11 para Conn&#8217;s Inc., se estim\u00f3 que sus activos oscilaban entre 1.000 y 10.000 millones de d\u00f3lares. Los pasivos estimados eran los mismos.<\/p>\n<\/div>\n<div class=\"sc-80531b6b-0 chRIGJ container-text text-embed\">\n<p><strong>Conn&#8217;s tambi\u00e9n inform\u00f3 tener entre 25.000 y 50.000 acreedores.<\/strong><\/p>\n<\/div>\n<div class=\"sc-80531b6b-0 chRIGJ container-text text-embed\">\n<p>El a\u00f1o pasado, el tradicional outlet confirm\u00f3 que perdi\u00f3 76 millones de d\u00f3lares.<\/p>\n<\/div>\n<div class=\"sc-80531b6b-0 chRIGJ container-text text-embed\">\n<p>En lo que va de 2024 y 2025, varias empresas en Estados Unidos anunciaron que se ampararon en la Ley de Quiebras de Estados Unidos para lograr salir de sus millonarias deudas.<\/p>\n<\/div>\n<p><h2>Popular cadena de pollo frito<\/h2>\n<\/p>\n<div class=\"sc-80531b6b-0 chRIGJ container-text text-embed\">\n<p>Otra conocida cadena sufre la crisis econ\u00f3mica en Estados Unidos. <\/p>\n<\/div>\n<div class=\"sc-80531b6b-0 chRIGJ container-text text-embed\">\n<p>Una hist\u00f3rica tienda de restaurantes de pollo frito cuyos or\u00edgenes se remontan a la d\u00e9cada de 1950 se enfrenta a una declaraci\u00f3n de quiebra en los Estados Unidos. La ic\u00f3nica Harold&#8217;s Chicken de Nevada dice que no puede pagar sus deudas.<\/p>\n<\/div>\n<div class=\"sc-80531b6b-0 chRIGJ container-text text-embed\">\n<p>La empresa se acogi\u00f3 al Cap\u00edtulo 11 de la Ley de Bancarrotas de Estados Unidos el 4 de octubre del a\u00f1o pasado y eso pone en duda el futuro de la compa\u00f1\u00eda, sobre todo de los restaurantes de Las Vegas y Henderson. Los documentos presentados por la cadena de pollo frito muestran que debe miles de d\u00f3lares pero tambi\u00e9n que no tiene activos y no tendr\u00eda fondos para pagar sus deudas.<\/p>\n<\/div>\n<div class=\"sc-198be8ec-0 cynXbu image-embed  image-embed \"><picture class=\"sc-198be8ec-1 kOjRiQ\"><source media=\"(min-width: 975px)\" width=\"720\" height=\"480\" \/><img alt=\"Original Harold\u2019s Chicken of Nevada\" loading=\"lazy\" width=\"720\" height=\"480\" decoding=\"async\" data-nimg=\"1\" style=\"color:transparent\" src=\"https:\/\/13.com.ar\/wp-content\/uploads\/2025\/02\/1739323658_273_Una-legendaria-cadena-de-venta-de-muebles-colchones-y-electronica.jpg\"\/><span class=\"epigraphe\">Original Harold\u2019s Chicken of Nevada<\/span><span class=\"bkg\"\/><span class=\"picture-open\"><button class=\"open-image\" aria-label=\"Open Image\"\/><\/span><\/picture><\/div>\n<div class=\"sc-80531b6b-0 chRIGJ container-text text-embed\">\n<p>Fundada en Chicago por Harold Pierce en 1950, Harold&#8217;s Chicken surgi\u00f3 de un barrio afroamericano en una \u00e9poca en la que las grandes cadenas dejaban de lado esas comunidades. El restaurante de Pierce se convirti\u00f3 en un s\u00edmbolo del emprendimiento negro y una de las pocas cadenas de comida r\u00e1pida exitosas propiedad de afroamericanos en los EE.UU.<\/p>\n<\/div>\n<div class=\"sc-198be8ec-0 cynXbu image-embed  image-embed \"><picture class=\"sc-198be8ec-1 kOjRiQ\"><source media=\"(min-width: 975px)\" width=\"720\" height=\"480\" \/><img alt=\"La hist\u00f3rica cadena, a la quiebra.\" loading=\"lazy\" width=\"720\" height=\"480\" decoding=\"async\" data-nimg=\"1\" style=\"color:transparent\" src=\"https:\/\/13.com.ar\/wp-content\/uploads\/2025\/02\/1739323658_759_Una-legendaria-cadena-de-venta-de-muebles-colchones-y-electronica.jpg\"\/><span class=\"epigraphe\">La hist\u00f3rica cadena, a la quiebra.<\/span><span class=\"bkg\"\/><span class=\"picture-open\"><button class=\"open-image\" aria-label=\"Open Image\"\/><\/span><\/picture><\/div>\n<\/div>\n<p><br \/>\n<br \/><a href=\"https:\/\/www.clarin.com\/internacional\/legendaria-cadena-venta-muebles-colchones-electronica-cerrara-todas-tiendas-la-cadena-outlet-antigua-declaro-quiebra_0_q5ORpAkk2e.html\">Fuente Clarin.com <\/a><\/p>\n","protected":false},"excerpt":{"rendered":"<p>La pandemia de Covid 19 gener\u00f3 un fuerte cambio en el consumo en la mayor\u00eda de los pa\u00edses del mundo. Tras la cuarentena, muchas empresas debieron adaptarse a una nueva realidad, que deriv\u00f3 en nuevos sistemas de venta. Aunque algunas empresas pudieron adaptarse con m\u00e1s facilidad, hubo otras que nunca le encontraron la vuelta. En [&hellip;]<\/p>\n","protected":false},"author":1,"featured_media":4069,"comment_status":"open","ping_status":"open","sticky":false,"template":"","format":"standard","meta":{"footnotes":""},"categories":[2],"tags":[6126,969,6124,6123,278,1227,1832,155,6122,4044,279,40,6125,274,73,6085],"class_list":["post-4068","post","type-post","status-publish","format-standard","has-post-thumbnail","hentry","category-ultimas-noticias","tag-antigua","tag-cadena","tag-cerrara","tag-colchones","tag-declaro","tag-electronica","tag-legendaria","tag-mas","tag-muebles","tag-outlet","tag-quiebra","tag-sus","tag-tiendas","tag-todas","tag-una","tag-venta"],"_links":{"self":[{"href":"https:\/\/13.com.ar\/index.php\/wp-json\/wp\/v2\/posts\/4068","targetHints":{"allow":["GET"]}}],"collection":[{"href":"https:\/\/13.com.ar\/index.php\/wp-json\/wp\/v2\/posts"}],"about":[{"href":"https:\/\/13.com.ar\/index.php\/wp-json\/wp\/v2\/types\/post"}],"author":[{"embeddable":true,"href":"https:\/\/13.com.ar\/index.php\/wp-json\/wp\/v2\/users\/1"}],"replies":[{"embeddable":true,"href":"https:\/\/13.com.ar\/index.php\/wp-json\/wp\/v2\/comments?post=4068"}],"version-history":[{"count":0,"href":"https:\/\/13.com.ar\/index.php\/wp-json\/wp\/v2\/posts\/4068\/revisions"}],"wp:featuredmedia":[{"embeddable":true,"href":"https:\/\/13.com.ar\/index.php\/wp-json\/wp\/v2\/media\/4069"}],"wp:attachment":[{"href":"https:\/\/13.com.ar\/index.php\/wp-json\/wp\/v2\/media?parent=4068"}],"wp:term":[{"taxonomy":"category","embeddable":true,"href":"https:\/\/13.com.ar\/index.php\/wp-json\/wp\/v2\/categories?post=4068"},{"taxonomy":"post_tag","embeddable":true,"href":"https:\/\/13.com.ar\/index.php\/wp-json\/wp\/v2\/tags?post=4068"}],"curies":[{"name":"wp","href":"https:\/\/api.w.org\/{rel}","templated":true}]}}