{"id":4064,"date":"2025-02-11T21:36:32","date_gmt":"2025-02-12T00:36:32","guid":{"rendered":"https:\/\/13.com.ar\/index.php\/selfie-con-chipi-barijho-y-sonrisa-para-las-camaras-de-tv\/"},"modified":"2025-02-11T21:36:32","modified_gmt":"2025-02-12T00:36:32","slug":"selfie-con-chipi-barijho-y-sonrisa-para-las-camaras-de-tv","status":"publish","type":"post","link":"https:\/\/13.com.ar\/index.php\/selfie-con-chipi-barijho-y-sonrisa-para-las-camaras-de-tv\/","title":{"rendered":"selfie con &#8216;Chipi&#8217; Barijho y sonrisa para las c\u00e1maras de TV"},"content":{"rendered":"<p> <br \/>\n<br \/><img decoding=\"async\" src=\"https:\/\/13.com.ar\/wp-content\/uploads\/2025\/02\/selfie-con-Chipi-Barijho-y-sonrisa-para-las-camaras-de.jpg\" \/><\/p>\n<div>\n<p><strong>Alexander Zverev<\/strong> tiene rival confirmado para su debut en el <strong>ATP 250 de Buenos Aires.<\/strong> Se trata del serbio <strong>Dusan Lajovic<\/strong>, verdugo del espa\u00f1ol Roberto Carballes Baena en sets corridos. Sin embargo, ese partido deber\u00e1 esperar hasta el mi\u00e9rcoles e incluso podr\u00eda demorarse m\u00e1s, dado que la lluvia oblig\u00f3 a postergar alguno de los encuentros de este martes. Por eso, el n\u00famero 2 del mundo y finalista del \u00faltimo Abierto de Australia aprovech\u00f3 el tiempo libre para distenderse y fue a la <strong>Bombonera <\/strong>como un hincha m\u00e1s para cumplir su deseo y ver <strong>Boca <\/strong>e I<strong>ndependiente Rivadavia<\/strong> por la quinta fecha del torneo Apertura de la Liga Profesional de F\u00fatbol.<\/p>\n<\/div>\n<div>\n<p>&#8220;Vi muchos videos de los hinchas y del estadio, de lo incre\u00edble que es el ambiente. Me encantar\u00eda experimentarlo alguna vez. <strong>En general, creo que los argentinos son muy apasionados por el deporte, muy apasionados por el f\u00fatbol y es genial ver eso en este pa\u00eds&#8221;,<\/strong> hab\u00eda dicho en di\u00e1logo con el diario Ol\u00e9 durante el Media Day del Argentina Open. Y cumpli\u00f3 la promesa.<\/p>\n<\/div>\n<div>\n<p>Minutos antes del comienzo del partido entre el Xeneize y la Lepra mendocina, que en la previa tuvo como principal atractivo el regreso de Sebasti\u00e1n Villa a la Bombonera, se viraliz\u00f3 un video de Zverev subiendo a uno de los ascensores del estadio. Previamente, se hab\u00eda difundido una foto con<strong> <em>Chipi<\/em> Barijho.<\/strong><\/p>\n<\/div>\n<div>\n<p>M\u00e1s temprano, cuando la lluvia lo permiti\u00f3, <em>Sascha <\/em>estuvo entrenando en una de las canchas auxiliares del Buenos Aires Lawn Tennis y all\u00ed se lo pudo ver con una camiseta de la Selecci\u00f3n Argentina de f\u00fatbol y su nombre junto al n\u00famero 20 en la espalda.<\/p>\n<\/div>\n<div>\n<p>De todos modos, eso no le impide disfrutar de su visita a la Argentina, la primera desde que en 2019 jugara una exhibici\u00f3n con Roger Federer. Fan\u00e1tico del f\u00fatbol e hincha reconocido de Bayern M\u00fanich, Zverev se dio el gusto de conocer la Bombonera y cont\u00f3 que espera que ese clima futbolero se traslade a la cancha central del Lawn Tennis. <\/p>\n<\/div>\n<div>\n<p><strong>&#8220;S\u00e9 que los fan\u00e1ticos argentinos son muy apasionados. Espero que sea similar a la atm\u00f3sfera de cuando vine con Roger. Mucha pasi\u00f3n y un p\u00fablico ruidoso. <\/strong>Mientras la gente se involucre pasionalmente y realmente disfrute el deporte y los jugadores que vengan, me encanta ver la pasi\u00f3n de la gente, porque eso trae la emoci\u00f3n&#8221;, coment\u00f3.<\/p>\n<\/div>\n<div>\n<p>Y agreg\u00f3: &#8220;Es gracioso, porque mi pap\u00e1 jug\u00f3 en Argentina por la Copa Davis (NdR: Fue parte del equipo ruso que se impuso en una eliminatoria en el BALTC en octubre de 1985). Le gan\u00f3 al actuar director de este torneo (Mart\u00edn Jaite). Cuando se vieron, se dieron un abrazo y se pusieron a recordar los viejos tiempos. Mi padre me cont\u00f3 muchas historias sobre la gente en aquel duelo. Por supuesto que era Davis, entonces toda la gente hinchaba por argentina. Espero que esta vez sea diferente&#8221;.<\/p>\n<\/div>\n<p><br \/>\n<br \/><a href=\"https:\/\/www.clarin.com\/deportes\/alexander-zverev-cumplio-deseo-ver-boca-bombonera-selfie-chipi-barijho-sonrisa-camaras-tv_0_ZDcwlE0Kfd.html\">Fuente Clarin.com <\/a><\/p>\n","protected":false},"excerpt":{"rendered":"<p>Alexander Zverev tiene rival confirmado para su debut en el ATP 250 de Buenos Aires. Se trata del serbio Dusan Lajovic, verdugo del espa\u00f1ol Roberto Carballes Baena en sets corridos. Sin embargo, ese partido deber\u00e1 esperar hasta el mi\u00e9rcoles e incluso podr\u00eda demorarse m\u00e1s, dado que la lluvia oblig\u00f3 a postergar alguno de los encuentros [&hellip;]<\/p>\n","protected":false},"author":1,"featured_media":4065,"comment_status":"open","ping_status":"open","sticky":false,"template":"","format":"standard","meta":{"footnotes":""},"categories":[2],"tags":[6119,4703,6118,18,48,16,2604,2246],"class_list":["post-4064","post","type-post","status-publish","format-standard","has-post-thumbnail","hentry","category-ultimas-noticias","tag-barijho","tag-camaras","tag-chipi","tag-con","tag-las","tag-para","tag-selfie","tag-sonrisa"],"_links":{"self":[{"href":"https:\/\/13.com.ar\/index.php\/wp-json\/wp\/v2\/posts\/4064","targetHints":{"allow":["GET"]}}],"collection":[{"href":"https:\/\/13.com.ar\/index.php\/wp-json\/wp\/v2\/posts"}],"about":[{"href":"https:\/\/13.com.ar\/index.php\/wp-json\/wp\/v2\/types\/post"}],"author":[{"embeddable":true,"href":"https:\/\/13.com.ar\/index.php\/wp-json\/wp\/v2\/users\/1"}],"replies":[{"embeddable":true,"href":"https:\/\/13.com.ar\/index.php\/wp-json\/wp\/v2\/comments?post=4064"}],"version-history":[{"count":0,"href":"https:\/\/13.com.ar\/index.php\/wp-json\/wp\/v2\/posts\/4064\/revisions"}],"wp:featuredmedia":[{"embeddable":true,"href":"https:\/\/13.com.ar\/index.php\/wp-json\/wp\/v2\/media\/4065"}],"wp:attachment":[{"href":"https:\/\/13.com.ar\/index.php\/wp-json\/wp\/v2\/media?parent=4064"}],"wp:term":[{"taxonomy":"category","embeddable":true,"href":"https:\/\/13.com.ar\/index.php\/wp-json\/wp\/v2\/categories?post=4064"},{"taxonomy":"post_tag","embeddable":true,"href":"https:\/\/13.com.ar\/index.php\/wp-json\/wp\/v2\/tags?post=4064"}],"curies":[{"name":"wp","href":"https:\/\/api.w.org\/{rel}","templated":true}]}}