{"id":4062,"date":"2025-02-11T21:18:30","date_gmt":"2025-02-12T00:18:30","guid":{"rendered":"https:\/\/13.com.ar\/index.php\/tiene-19-anos-es-argentina-y-la-nasa-la-eligio-para-disenar-una-mision-a-marte\/"},"modified":"2025-02-11T21:18:30","modified_gmt":"2025-02-12T00:18:30","slug":"tiene-19-anos-es-argentina-y-la-nasa-la-eligio-para-disenar-una-mision-a-marte","status":"publish","type":"post","link":"https:\/\/13.com.ar\/index.php\/tiene-19-anos-es-argentina-y-la-nasa-la-eligio-para-disenar-una-mision-a-marte\/","title":{"rendered":"Tiene 19 a\u00f1os, es argentina y la NASA la eligi\u00f3 para dise\u00f1ar una misi\u00f3n a Marte"},"content":{"rendered":"<p> <br \/>\n<\/p>\n<div id=\"cuerpo\">\n<div class=\"sc-80531b6b-0 chRIGJ container-text text-embed\">\n<p><strong>Aitana Ferreyra Denz<\/strong>, una estudiante argentina de 19 a\u00f1os, fue <strong>elegida por la NASA<\/strong> para participar en de un programa organizado por la Fundaci\u00f3n para la Educaci\u00f3n Espacial Internacional (FISE), con un objetivo m\u00e1s que ambicioso: <strong>dise\u00f1ar una misi\u00f3n tripulada al planeta Marte.<\/strong><\/p>\n<\/div>\n<div class=\"sc-80531b6b-0 chRIGJ container-text text-embed\">\n<p>El programa <strong><em>United Space School<\/em><\/strong>, que cuenta con el apoyo de la agencia espacial estadounidense, reunir\u00e1 a estudiantes de entre 16 y 19 a\u00f1os de todo el mundo.<\/p>\n<\/div>\n<div class=\"sc-80531b6b-0 chRIGJ container-text text-embed\">\n<p>De hecho, la alumna de Ingenier\u00eda Mecatr\u00f3nica en la Universidad Nacional de Cuyo (UNCuyo) trabajar\u00e1 15 d\u00edas a la par de <strong>Valent\u00edn Poggio, tambi\u00e9n argentino y de 19 a\u00f1os<\/strong>, en una de las sedes de la agencia espacial.<\/p>\n<\/div>\n<div class=\"sc-80531b6b-0 chRIGJ container-text text-embed\">\n<p>Todos trabajar\u00e1n con el rigor que implica la tarea<strong>, guiados por ingenieros y cient\u00edficos de la NASA<\/strong> y otras instituciones del sector espacial. <\/p>\n<\/div>\n<div class=\"sc-80531b6b-0 chRIGJ container-text text-embed\">\n<p>En declaraciones al programa <em>TN Tecno<\/em>, Aitana explic\u00f3 \u201cNuestra tarea ser\u00e1 la planificaci\u00f3n de una misi\u00f3n tripulada a Marte, uno de los principales objetivos de las agencias espaciales para las pr\u00f3ximas d\u00e9cadas&#8221;.<\/p>\n<\/div>\n<div class=\"sc-80531b6b-0 chRIGJ container-text text-embed\">\n<p>Adem\u00e1s, la chica oriunda de Mendoza destac\u00f3 que tendr\u00e1n la posibilidad d<strong>e &#8220;tomar clases en la Universidad de Houston&#8221;. <\/strong><\/p>\n<\/div>\n<div class=\"sc-80531b6b-0 chRIGJ container-text text-embed\">\n<p>Para la joven representa un desaf\u00edo acad\u00e9mico sin igual, con una proyecci\u00f3n internacional. Pero tambi\u00e9n, una chance de<strong> sumergirse en temas de ingenier\u00eda espacial y astronom\u00eda.<\/strong><\/p>\n<\/div>\n<div class=\"sc-198be8ec-0 cynXbu image-embed  image-embed \"><picture class=\"sc-198be8ec-1 kOjRiQ\"><source media=\"(min-width: 975px)\" width=\"720\" height=\"480\" \/><img alt=\"Aitana Ferreyra Denz en una visita a la sede de la NASA en 20203. Foto: UNCuyo\" loading=\"lazy\" width=\"720\" height=\"480\" decoding=\"async\" data-nimg=\"1\" style=\"color:transparent\" src=\"https:\/\/13.com.ar\/wp-content\/uploads\/2025\/02\/Tiene-19-anos-es-argentina-y-la-NASA-la-eligio.jpg\"\/><span class=\"epigraphe\">Aitana Ferreyra Denz en una visita a la sede de la NASA en 20203. Foto: UNCuyo<\/span><span class=\"bkg\"\/><span class=\"picture-open\"><button class=\"open-image\" aria-label=\"Open Image\"\/><\/span><\/picture><\/div>\n<div class=\"sc-80531b6b-0 chRIGJ container-text text-embed\">\n<p>\u201cAll\u00ed podr\u00e9 profundizar tambi\u00e9n sobre misiones espaciales y f\u00edsica, que son conocimientos clave para mi futuro como profesional\u201d, se mostr\u00f3 emocionada la estudiante.<\/p>\n<\/div>\n<p><h2>C\u00f3mo lleg\u00f3 una estudiante argentina a la NASA<\/h2>\n<\/p>\n<div class=\"sc-80531b6b-0 chRIGJ container-text text-embed\">\n<p>La selecci\u00f3n de Aitana atraves\u00f3 varias etapas, de m\u00e1s est\u00e1 decir exigentes.<\/p>\n<\/div>\n<div class=\"sc-80531b6b-0 chRIGJ container-text text-embed\">\n<p>\u201cPrimero enviamos <strong>cartas de recomendaci\u00f3n y nuestros CV<\/strong>, luego videos respondiendo preguntas&#8221;, comenz\u00f3 explicando la mendocina.<\/p>\n<\/div>\n<div class=\"sc-80531b6b-0 chRIGJ container-text text-embed\">\n<p>\u00bfQu\u00e9 vino despu\u00e9s? &#8220;Pasamos a una entrevista por videollamada con el comit\u00e9 de selecci\u00f3n y finalmente un trabajo t\u00e9cnico donde ten\u00edamos que hacer una propuesta sobre <strong>distintos aspectos a una misi\u00f3n a Marte<\/strong>\u201d, sum\u00f3 con entusiasmo.<\/p>\n<\/div>\n<div class=\"sc-80531b6b-0 chRIGJ container-text text-embed\">\n<p>\u201cMis libros favoritos eran los de Julio Verne y Las aventuras de Tom Sawyer, pero luego de varios intentos de copiar a mis \u00eddolos me di cuenta de que no pod\u00eda hacer 20.000 leguas de viaje submarino cuando estaba aburrida&#8221;, ampli\u00f3 en la nota con TN Tecno.<\/p>\n<\/div>\n<div class=\"sc-80531b6b-0 chRIGJ container-text text-embed\">\n<p>Y prosigui\u00f3: &#8220;Como todos dicen, me di cuenta de que nacimos muy tarde para explorar la Tierra, as\u00ed que<strong> la \u00fanica opci\u00f3n l\u00f3gica en mi cabeza de cinco a\u00f1os era explorar el espacio<\/strong>\u201d.<\/p>\n<\/div>\n<div class=\"sc-198be8ec-0 cynXbu image-embed  image-embed \"><picture class=\"sc-198be8ec-1 kOjRiQ\"><source media=\"(min-width: 975px)\" width=\"720\" height=\"480\" \/><img alt=\"Aitana participar\u00e1 con cient\u00edficos y astronautas de un programa en la NASA. \" loading=\"lazy\" width=\"720\" height=\"480\" decoding=\"async\" data-nimg=\"1\" style=\"color:transparent\" src=\"https:\/\/13.com.ar\/wp-content\/uploads\/2025\/02\/1739319510_710_Tiene-19-anos-es-argentina-y-la-NASA-la-eligio.jpg\"\/><span class=\"epigraphe\">Aitana participar\u00e1 con cient\u00edficos y astronautas de un programa en la NASA. <\/span><span class=\"bkg\"\/><span class=\"picture-open\"><button class=\"open-image\" aria-label=\"Open Image\"\/><\/span><\/picture><\/div>\n<p><h2>A la NASA otra vez<\/h2>\n<\/p>\n<div class=\"sc-80531b6b-0 chRIGJ container-text text-embed\">\n<p>All\u00e1 por 2023,  Aitana hab\u00eda participado en el programa <strong>Mujeres Moviendo el Mundo de la Fundaci\u00f3n INVAP<\/strong>, un proyecto que verdaderamente la moviliz\u00f3. <\/p>\n<\/div>\n<div class=\"sc-80531b6b-0 chRIGJ container-text text-embed\">\n<p>Aquel a\u00f1o represent\u00f3 a la Argentina en <strong>Tech Girls 2023<\/strong>, un programa en Estados Unidos para darle lugar a las j\u00f3venes de todo el mundo en la ciencia y tecnolog\u00eda a trav\u00e9s del desarrollo de pr\u00e1cticas.<\/p>\n<\/div>\n<div class=\"sc-80531b6b-0 chRIGJ container-text text-embed\">\n<p>Adem\u00e1s, fue gracias a aquella beca que conoci\u00f3 <strong>la sede de la NASA en Washington DC.<\/strong><\/p>\n<\/div>\n<div class=\"sc-80531b6b-0 chRIGJ container-text text-embed\">\n<p>La estudiante la la Universidad Nacional de Cuyo recuerda as\u00ed su fabulosa experiencia. \u201cEn esa oportunidad visit\u00e9 el <em>Goddard Space Flight Center<\/em> de la NASA, donde conoc\u00ed los cuartos limpios donde se construye el telescopio Nancy Grace Roman y aprend\u00ed de profesionales del campo&#8221;.<\/p>\n<\/div>\n<div class=\"sc-80531b6b-0 chRIGJ container-text text-embed\">\n<p>Tal cual cuenta, el enfoque principal por entonces tuvo que ver con la investigaci\u00f3n en Virginia Tech. Y agreg\u00f3 con expectativa: \u201cAhora espero una <strong>experiencia a\u00fan m\u00e1s inmersiva y t\u00e9cnica<\/strong>\u201d.<\/p>\n<\/div>\n<p><h2>C\u00f3mo es el United Space School<\/h2>\n<\/p>\n<div class=\"sc-80531b6b-0 chRIGJ container-text text-embed\">\n<p>El <em>United Space School<\/em> es un programa educativo internacional que re\u00fane todos los a\u00f1os en Houston, Texas, a estudiantes de secundaria de todo el mundo enfocados en la exploraci\u00f3n espacial. <\/p>\n<\/div>\n<div class=\"sc-80531b6b-0 chRIGJ container-text text-embed\">\n<p>Est\u00e1 organizado por la<em> Foundation for International Space Education<\/em> <em>(FISE)<\/em>, cuya duraci\u00f3n es de unas dos semanas y ofrece la oportunidad de trabajar en equipo para dise\u00f1ar una misi\u00f3n tripulada a Marte.<\/p>\n<\/div>\n<div class=\"sc-80531b6b-0 chRIGJ container-text text-embed\">\n<p>Los elegidos asisten a <strong>conferencias dadas por expertos de la industria aeroespacial<\/strong>, visitan instalaciones fundamentales de la NASA y empresas como<strong> SpaceX o Boeing.<\/strong><\/p>\n<\/div>\n<div class=\"sc-80531b6b-0 chRIGJ container-text text-embed\">\n<p>Tambi\u00e9n desempa\u00f1an una tarea bajo la supervisi\u00f3n de <strong>cient\u00edficos, ingenieros y astronautas<\/strong>. Y por supuesto, deben desarrollar un plan detallado de misi\u00f3n espacial, que deben presentar frente a un jurado de especialistas responsable de su evaluaci\u00f3n.<\/p>\n<\/div>\n<div class=\"sc-198be8ec-0 cynXbu image-embed  image-embed \"><picture class=\"sc-198be8ec-1 kOjRiQ\"><source media=\"(min-width: 975px)\" width=\"720\" height=\"480\" \/><img alt=\"Kennedy Space Center: El lugar para explorar el espacio y las misiones de la NASA.\" loading=\"lazy\" width=\"720\" height=\"480\" decoding=\"async\" data-nimg=\"1\" style=\"color:transparent\" src=\"https:\/\/13.com.ar\/wp-content\/uploads\/2025\/02\/1739319510_861_Tiene-19-anos-es-argentina-y-la-NASA-la-eligio.jpg\"\/><span class=\"epigraphe\">Kennedy Space Center: El lugar para explorar el espacio y las misiones de la NASA.<\/span><span class=\"bkg\"\/><span class=\"picture-open\"><button class=\"open-image\" aria-label=\"Open Image\"\/><\/span><\/picture><\/div>\n<div class=\"sc-80531b6b-0 chRIGJ container-text text-embed\">\n<p>Seg\u00fan afirman, se trata de una experiencia inmersiva que <strong>fomenta el conocimiento en ciencia, tecnolog\u00eda, ingenier\u00eda y matem\u00e1ticas <\/strong>e impulsa el trabajo en equipo, la resoluci\u00f3n de problemas y la creatividad. <\/p>\n<\/div>\n<div class=\"sc-80531b6b-0 chRIGJ container-text text-embed\">\n<p>En definitiva, una experiencia sin comparaci\u00f3n para los j\u00f3venes, dado que implica una puerta de entrada al maravilloso mundo de la conquista del espacio. <\/p>\n<\/div>\n<\/div>\n<p><br \/>\n<br \/><a href=\"https:\/\/www.clarin.com\/internacional\/19-anos-argentina-nasa-eligio-disenar-mision-marte_0_AyYadUQd1f.html\">Fuente Clarin.com <\/a><\/p>\n","protected":false},"excerpt":{"rendered":"<p>Aitana Ferreyra Denz, una estudiante argentina de 19 a\u00f1os, fue elegida por la NASA para participar en de un programa organizado por la Fundaci\u00f3n para la Educaci\u00f3n Espacial Internacional (FISE), con un objetivo m\u00e1s que ambicioso: dise\u00f1ar una misi\u00f3n tripulada al planeta Marte. El programa United Space School, que cuenta con el apoyo de la [&hellip;]<\/p>\n","protected":false},"author":1,"featured_media":4063,"comment_status":"open","ping_status":"open","sticky":false,"template":"","format":"standard","meta":{"footnotes":""},"categories":[2],"tags":[636,288,6116,4759,6117,326,2396,16,1486,73],"class_list":["post-4062","post","type-post","status-publish","format-standard","has-post-thumbnail","hentry","category-ultimas-noticias","tag-anos","tag-argentina","tag-disenar","tag-eligio","tag-marte","tag-mision","tag-nasa","tag-para","tag-tiene","tag-una"],"_links":{"self":[{"href":"https:\/\/13.com.ar\/index.php\/wp-json\/wp\/v2\/posts\/4062","targetHints":{"allow":["GET"]}}],"collection":[{"href":"https:\/\/13.com.ar\/index.php\/wp-json\/wp\/v2\/posts"}],"about":[{"href":"https:\/\/13.com.ar\/index.php\/wp-json\/wp\/v2\/types\/post"}],"author":[{"embeddable":true,"href":"https:\/\/13.com.ar\/index.php\/wp-json\/wp\/v2\/users\/1"}],"replies":[{"embeddable":true,"href":"https:\/\/13.com.ar\/index.php\/wp-json\/wp\/v2\/comments?post=4062"}],"version-history":[{"count":0,"href":"https:\/\/13.com.ar\/index.php\/wp-json\/wp\/v2\/posts\/4062\/revisions"}],"wp:featuredmedia":[{"embeddable":true,"href":"https:\/\/13.com.ar\/index.php\/wp-json\/wp\/v2\/media\/4063"}],"wp:attachment":[{"href":"https:\/\/13.com.ar\/index.php\/wp-json\/wp\/v2\/media?parent=4062"}],"wp:term":[{"taxonomy":"category","embeddable":true,"href":"https:\/\/13.com.ar\/index.php\/wp-json\/wp\/v2\/categories?post=4062"},{"taxonomy":"post_tag","embeddable":true,"href":"https:\/\/13.com.ar\/index.php\/wp-json\/wp\/v2\/tags?post=4062"}],"curies":[{"name":"wp","href":"https:\/\/api.w.org\/{rel}","templated":true}]}}