{"id":4058,"date":"2025-02-11T20:57:29","date_gmt":"2025-02-11T23:57:29","guid":{"rendered":"https:\/\/13.com.ar\/index.php\/dos-turistas-argentinos-murieron-en-un-choque-frontal-entre-un-auto-y-una-camioneta-en-uruguay\/"},"modified":"2025-02-11T20:57:29","modified_gmt":"2025-02-11T23:57:29","slug":"dos-turistas-argentinos-murieron-en-un-choque-frontal-entre-un-auto-y-una-camioneta-en-uruguay","status":"publish","type":"post","link":"https:\/\/13.com.ar\/index.php\/dos-turistas-argentinos-murieron-en-un-choque-frontal-entre-un-auto-y-una-camioneta-en-uruguay\/","title":{"rendered":"Dos turistas argentinos murieron en un choque frontal entre un auto y una camioneta en Uruguay"},"content":{"rendered":"<p> <br \/>\n<br \/><img decoding=\"async\" src=\"https:\/\/13.com.ar\/wp-content\/uploads\/2025\/02\/Dos-turistas-argentinos-murieron-en-un-choque-frontal-entre-un.jpg\" \/><\/p>\n<div>\n<p>Dos argentinos murieron este martes en un choque frontal en la ruta 9 de Uruguay, en el departamento de Rocha. Se trata de una mujer de 42 a\u00f1os, que iba al volante del auto, y un hombre de 46, que viajaba como acompa\u00f1ante.<\/p>\n<\/div>\n<div>\n<p>El choque se produjo en el kil\u00f3metro 182 de la ruta 9, una de las m\u00e1s utilizadas por los turistas para viajar a las ciudades balnearias. <strong>Las v\u00edctimas fatales<\/strong> eran los \u00fanicos <strong>ocupantes del auto Ford Ka negro<\/strong> con patente argentina, en sentido oeste-este hacia Rocha. Su veh\u00edculo choc\u00f3 de frente contra una camioneta Dodge Journey blanca, que ten\u00eda matr\u00edcula uruguaya e iba en sentido contrario, rumbo a Montevideo. <\/p>\n<\/div>\n<div>\n<p>Los investigadores a\u00fan no lograron descubrir qu\u00e9 veh\u00edculo invadi\u00f3 la mano contraria. Sin embargo, en <em>Canal 4<\/em> de Uruguay consignaron que la principal hip\u00f3tesis es que fue el auto matriculado en nuestro pa\u00eds el que invadi\u00f3 el carril contrario y el que habr\u00eda provocado la colisi\u00f3n contra la Dodge Journey. <\/p>\n<\/div>\n<div>\n<p>Otro de los factores que se investigan es si la lluvia de las \u00faltimas horas podr\u00eda haber resultado un factor determinante que agrav\u00f3 las condiciones de manejo. <\/p>\n<\/div>\n<div>\n<p><strong>Las dos v\u00edctimas fatales<\/strong> del choque fueron identificadas por las autoridades uruguayas: se trata de <strong>M.D.L.F., de 42 a\u00f1os, y L.D.Z., de 46<\/strong>. Las dos personas que se trasladaban en la camioneta fueron rescatadas conscientes y trasladadas a un hospital de Rocha. Seg\u00fan el diario <em>El Pa\u00eds<\/em>, una de ellas, una mujer de 51 a\u00f1os, sufri\u00f3 politraumatismos.<\/p>\n<\/div>\n<div>\n<p>Las autoridades no difundieron la identidad de los argentinos que murieron en el choque. El Dodge qued\u00f3 de costado sobre la ruta, mientras que el Ford qued\u00f3 volcado en la ruta y alrededor de ese veh\u00edculo quedaron dispersas valijas. <\/p>\n<\/div>\n<div>\n<p>Tambi\u00e9n sali\u00f3 despedida una silla de auto para beb\u00e9s, lo que sembr\u00f3 alarma en los agentes que intervinieron, aunque luego se descubri\u00f3 que no viajaban menores de edad en ninguno de los dos autos.<\/p>\n<\/div>\n<p><br \/>\n<br \/><a href=\"https:\/\/www.clarin.com\/sociedad\/turistas-argentinos-murieron-choque-frontal-auto-camioneta-uruguay_0_HNPey3AQlS.html\">Fuente Clarin.com <\/a><\/p>\n","protected":false},"excerpt":{"rendered":"<p>Dos argentinos murieron este martes en un choque frontal en la ruta 9 de Uruguay, en el departamento de Rocha. Se trata de una mujer de 42 a\u00f1os, que iba al volante del auto, y un hombre de 46, que viajaba como acompa\u00f1ante. El choque se produjo en el kil\u00f3metro 182 de la ruta 9, [&hellip;]<\/p>\n","protected":false},"author":1,"featured_media":4059,"comment_status":"open","ping_status":"open","sticky":false,"template":"","format":"standard","meta":{"footnotes":""},"categories":[2],"tags":[671,430,921,428,59,351,429,1787,1337,73,2436],"class_list":["post-4058","post","type-post","status-publish","format-standard","has-post-thumbnail","hentry","category-ultimas-noticias","tag-argentinos","tag-auto","tag-camioneta","tag-choque","tag-dos","tag-entre","tag-frontal","tag-murieron","tag-turistas","tag-una","tag-uruguay"],"_links":{"self":[{"href":"https:\/\/13.com.ar\/index.php\/wp-json\/wp\/v2\/posts\/4058","targetHints":{"allow":["GET"]}}],"collection":[{"href":"https:\/\/13.com.ar\/index.php\/wp-json\/wp\/v2\/posts"}],"about":[{"href":"https:\/\/13.com.ar\/index.php\/wp-json\/wp\/v2\/types\/post"}],"author":[{"embeddable":true,"href":"https:\/\/13.com.ar\/index.php\/wp-json\/wp\/v2\/users\/1"}],"replies":[{"embeddable":true,"href":"https:\/\/13.com.ar\/index.php\/wp-json\/wp\/v2\/comments?post=4058"}],"version-history":[{"count":0,"href":"https:\/\/13.com.ar\/index.php\/wp-json\/wp\/v2\/posts\/4058\/revisions"}],"wp:featuredmedia":[{"embeddable":true,"href":"https:\/\/13.com.ar\/index.php\/wp-json\/wp\/v2\/media\/4059"}],"wp:attachment":[{"href":"https:\/\/13.com.ar\/index.php\/wp-json\/wp\/v2\/media?parent=4058"}],"wp:term":[{"taxonomy":"category","embeddable":true,"href":"https:\/\/13.com.ar\/index.php\/wp-json\/wp\/v2\/categories?post=4058"},{"taxonomy":"post_tag","embeddable":true,"href":"https:\/\/13.com.ar\/index.php\/wp-json\/wp\/v2\/tags?post=4058"}],"curies":[{"name":"wp","href":"https:\/\/api.w.org\/{rel}","templated":true}]}}